{"id":1074,"date":"2025-01-07T23:40:53","date_gmt":"2025-01-07T22:40:53","guid":{"rendered":"https:\/\/azurementsport.fr\/?p=1074"},"modified":"2025-01-07T23:53:42","modified_gmt":"2025-01-07T22:53:42","slug":"judo-pro-league-direction-le-final-four-pour-le-judo-nice-metropole","status":"publish","type":"post","link":"https:\/\/azurementsport.fr\/index.php\/2025\/01\/07\/judo-pro-league-direction-le-final-four-pour-le-judo-nice-metropole\/","title":{"rendered":"Judo Pro League\u00a0: Direction le Final Four pour le Judo Nice M\u00e9tropole\u00a0!"},"content":{"rendered":"\n<p><strong>Au terme d\u2019une soir\u00e9e parfaite, les judokas ni\u00e7ois se sont impos\u00e9s (10-0) face \u00e0 Chilly-Mazarin Morangis. Une victoire sans trembler leur ouvrant les portes des demi-finales de la Judo Pro League. Ils sont \u00e0 deux rencontres de conserver leur titre de champions de France.<\/strong><\/p>\n\n\n\n<p>Seulement une petite heure pass\u00e9e sur le tatami&#8230; Et hop&nbsp;! Billet compost\u00e9 pour le <strong>Final Four<\/strong> de la <strong>Judo Pro League<\/strong>. Le <strong>Judo Nice M\u00e9tropole<\/strong> n\u2019a fait qu\u2019une bouch\u00e9e, ce mardi soir, des Franciliens de <strong>Chilly-Mazarin\/Morangis<\/strong> en quarts de finale de cette comp\u00e9tition par \u00e9quipes mixtes. Une victoire (10-0) acquise avec<strong> huit ippons<\/strong>, <strong>un waza-ari<\/strong> et un succ\u00e8s par forfait. C\u2019est la soir\u00e9e tout simplement parfaite.<\/p>\n\n\n\n<p>Pour cette premi\u00e8re rencontre de l\u2019ann\u00e9e, les judokas du pr\u00e9sident <strong>Mohamed Otmane<\/strong> ont n\u00e9goci\u00e9 avec exp\u00e9rience et s\u00e9rieux les dix combats du soir, malgr\u00e9 l\u2019absence de leur \u00e9l\u00e9ment fort, <strong>Luca Otmane<\/strong><strong>.<\/strong> <em>\u00ab&nbsp;Apr\u00e8s la m\u00e9daille de bronze en Ligue des Champions fin d\u00e9cembre et la seconde place au tournoi de Monaco, nous avions \u00e0 c\u0153ur de continuer sur cette lanc\u00e9e,<\/em> confie le pr\u00e9sident. <em>Nous avons pris cette partie tr\u00e8s au s\u00e9rieux et on garde en ligne de mire notre objectif de conserver notre titre&nbsp;\u00bb.<\/em><\/p>\n\n\n<div class=\"wp-block-image\">\n<figure class=\"aligncenter size-large\"><img loading=\"lazy\" decoding=\"async\" width=\"1024\" height=\"576\" src=\"https:\/\/azurementsport.fr\/wp-content\/uploads\/2025\/01\/472562154_1326016455075334_6035449468099827191_n-1024x576.jpg\" alt=\"\" class=\"wp-image-1076\" srcset=\"https:\/\/azurementsport.fr\/wp-content\/uploads\/2025\/01\/472562154_1326016455075334_6035449468099827191_n-1024x576.jpg 1024w, https:\/\/azurementsport.fr\/wp-content\/uploads\/2025\/01\/472562154_1326016455075334_6035449468099827191_n-300x169.jpg 300w, https:\/\/azurementsport.fr\/wp-content\/uploads\/2025\/01\/472562154_1326016455075334_6035449468099827191_n-768x432.jpg 768w, https:\/\/azurementsport.fr\/wp-content\/uploads\/2025\/01\/472562154_1326016455075334_6035449468099827191_n-1536x864.jpg 1536w, https:\/\/azurementsport.fr\/wp-content\/uploads\/2025\/01\/472562154_1326016455075334_6035449468099827191_n.jpg 2048w\" sizes=\"auto, (max-width: 1024px) 100vw, 1024px\" \/><figcaption class=\"wp-element-caption\">Les judokas ni\u00e7ois ont r\u00e9alis\u00e9 huit ippons en dix combats ce mardi soir \u00a9Q.B<\/figcaption><\/figure>\n<\/div>\n\n\n<p class=\"has-medium-font-size\"><strong>Cl\u00e9mence Eme et Enzo Gibelli supersoniques<\/strong><\/p>\n\n\n\n<p>En effet, les Ni\u00e7ois ont assum\u00e9 leur statut de leaders de la phase de qualification en exp\u00e9diant leurs adversaires les uns apr\u00e8s les autres. Bien lanc\u00e9e d\u00e8s le d\u00e9but par les deux succ\u00e8s de <strong>L\u00e9a Metrot<\/strong> (-52kg femmes) et <strong>Driss Masson<\/strong> (-66kg hommes), l\u2019\u00e9quipe des coachs <strong>Thierry Dibert et Benjamin Gury<\/strong> a ensuite d\u00e9roul\u00e9.<\/p>\n\n\n\n<p>Chez les -73 kg hommes, <strong>Enzo Gibelli<\/strong>, terrasse son opposant en neuf petites secondes et poursuit le cavalier seul des Ni\u00e7ois (4-0). <em>\u00ab&nbsp;J\u2019\u00e9tais pr\u00e9par\u00e9 et bien concentr\u00e9 pour mon combat. Je n\u2019ai pas sous estim\u00e9 mon adversaire, je l\u2019ai bien analys\u00e9<\/em>, d\u00e9taille le judoka de 24 ans. <em>Il \u00e9tait plus grand que moi et j\u2019ai r\u00e9ussi \u00e0 passer mon mouvement pr\u00e9f\u00e9r\u00e9 en \u00e9tant \u00e0 genoux&nbsp;\u00bb<\/em>. Une attaque bien men\u00e9e qui a valu \u00e0 Enzo Gibelli le titre honorifique du <strong>plus beau ippon de la soir\u00e9e<\/strong>.<\/p>\n\n\n<div class=\"wp-block-image\">\n<figure class=\"aligncenter size-large\"><img loading=\"lazy\" decoding=\"async\" width=\"1024\" height=\"576\" src=\"https:\/\/azurementsport.fr\/wp-content\/uploads\/2025\/01\/472515160_1573251580217379_1568332688024500055_n-1024x576.jpg\" alt=\"\" class=\"wp-image-1077\" srcset=\"https:\/\/azurementsport.fr\/wp-content\/uploads\/2025\/01\/472515160_1573251580217379_1568332688024500055_n-1024x576.jpg 1024w, https:\/\/azurementsport.fr\/wp-content\/uploads\/2025\/01\/472515160_1573251580217379_1568332688024500055_n-300x169.jpg 300w, https:\/\/azurementsport.fr\/wp-content\/uploads\/2025\/01\/472515160_1573251580217379_1568332688024500055_n-768x432.jpg 768w, https:\/\/azurementsport.fr\/wp-content\/uploads\/2025\/01\/472515160_1573251580217379_1568332688024500055_n-1536x864.jpg 1536w, https:\/\/azurementsport.fr\/wp-content\/uploads\/2025\/01\/472515160_1573251580217379_1568332688024500055_n.jpg 2048w\" sizes=\"auto, (max-width: 1024px) 100vw, 1024px\" \/><figcaption class=\"wp-element-caption\">Tizie Gnamien (en blanc) a battu son adversaire, Abderahmane Diallo, sur ippon \u00a9Q.B<\/figcaption><\/figure>\n<\/div>\n\n\n<p>Il est bien imit\u00e9 ensuite par <strong>Cl\u00e9mence Eme<\/strong> (-70kg femmes). La <strong>vice championne du monde par \u00e9quipes 2021 <\/strong>est rest\u00e9e onze secondes sur le tapis. Gr\u00e2ce \u00e0 un puissant ippon, la native de <strong>Saint-Laurent-du-Var<\/strong> met son adversaire sur le dos. Une performance faisant jaillir les <strong>2000 personnes<\/strong> venues aux Arboras.<\/p>\n\n\n\n<p class=\"has-medium-font-size\"><strong>Les lourds finissent le boulot<\/strong><\/p>\n\n\n\n<p>En menant 5-0 \u00e0 la mi-temps, les <strong>Ni\u00e7ois<\/strong> n\u2019avaient plus qu\u2019un seul combat \u00e0 remporter pour s\u2019ouvrir la voie du Final Four. <strong>Marc-Elie<\/strong> Gnamien (-81kg hommes) s\u2019en est charg\u00e9. Son fr\u00e8re a\u00een\u00e9, Tizie (-90kg), a lui aussi ajout\u00e9 sa pierre \u00e0 l\u2019\u00e9difice gr\u00e2ce \u00e0 une victoire plus longe \u00e0 se dessiner face \u00e0 <strong>Abderahmane Diao<\/strong>, vice champion des Jeux Africains. <em>\u00ab&nbsp;C\u2019est un tr\u00e8s gros combattant&nbsp;! On se conna\u00eet, on s\u2019entra\u00eene souvent ensemble, il est tr\u00e8s coriace et \u00e7a aurait pu aller dans un sens comme dans l\u2019autre&nbsp;\u00bb<\/em>, avoue <strong>Tizie Gnamien<\/strong>.<\/p>\n\n\n<div class=\"wp-block-image\">\n<figure class=\"aligncenter size-large\"><img loading=\"lazy\" decoding=\"async\" width=\"1024\" height=\"576\" src=\"https:\/\/azurementsport.fr\/wp-content\/uploads\/2025\/01\/472921599_9485108408188254_3691306408562671108_n-1024x576.jpg\" alt=\"\" class=\"wp-image-1078\" srcset=\"https:\/\/azurementsport.fr\/wp-content\/uploads\/2025\/01\/472921599_9485108408188254_3691306408562671108_n-1024x576.jpg 1024w, https:\/\/azurementsport.fr\/wp-content\/uploads\/2025\/01\/472921599_9485108408188254_3691306408562671108_n-300x169.jpg 300w, https:\/\/azurementsport.fr\/wp-content\/uploads\/2025\/01\/472921599_9485108408188254_3691306408562671108_n-768x432.jpg 768w, https:\/\/azurementsport.fr\/wp-content\/uploads\/2025\/01\/472921599_9485108408188254_3691306408562671108_n-1536x864.jpg 1536w, https:\/\/azurementsport.fr\/wp-content\/uploads\/2025\/01\/472921599_9485108408188254_3691306408562671108_n.jpg 2048w\" sizes=\"auto, (max-width: 1024px) 100vw, 1024px\" \/><figcaption class=\"wp-element-caption\">Les Ni\u00e7ois affronteront soit Auxerre soit FLAM 91 en demi-finales \u00a9Q.B<\/figcaption><\/figure>\n<\/div>\n\n\n<p>En fin de rencontre, la poids lourde f\u00e9minine du JNM, <strong>Oc\u00e9ane Diarrassouba<\/strong>, b\u00e9n\u00e9ficie du forfait de son adversaire. <strong>Guerman Andreev<\/strong> (+90kg hommes) est all\u00e9 plus t\u00f4t que pr\u00e9vu sur le tatami. Le poids lourd ni\u00e7ois, port\u00e9 par les encouragements du public ma\u00eetrise facilement son adversaire. Gr\u00e2ce \u00e0 une immobilisation, il offre l\u2019ultime point aux siens et conclut une soir\u00e9e sans le moindre accroc. <em>\u00ab\u00a0Cela fait toujours plaisir de gagner 10-0, de frapper un grand coup<\/em>, avoue rageusement Tizie Gnamien. <em>Maintenant on veut gagner, on veut d\u00e9fendre la couronne\u00a0! Quand on d\u00e9marre quelque chose, on veut bien le terminer\u00a0!\u00a0\u00bb <\/em>Le rendez-vous est pris. Ce sera le <strong>18 janvier, \u00e0 Paris,<\/strong> pour les demi-finales.<\/p>\n\n\n\n<p class=\"has-text-align-right\"><strong>Quentin Barbaza<\/strong><\/p>\n\n\n\n<p><\/p>\n","protected":false},"excerpt":{"rendered":"<p>Au terme d\u2019une soir\u00e9e parfaite, les judokas ni\u00e7ois se sont impos\u00e9s (10-0) face \u00e0 Chilly-Mazarin Morangis. Une victoire sans trembler&hellip;<\/p>\n","protected":false},"author":1,"featured_media":1075,"comment_status":"open","ping_status":"open","sticky":false,"template":"","format":"standard","meta":{"_jetpack_memberships_contains_paid_content":false,"footnotes":""},"categories":[30],"tags":[589,593,594,592,586,588,587,590,14,591],"class_list":["post-1074","post","type-post","status-publish","format-standard","has-post-thumbnail","hentry","category-sports-de-combat","tag-chilly-mazarin","tag-clemence-eme","tag-enzo-gibelli","tag-guerman-andreev","tag-judo","tag-judo-nice-metropole","tag-judo-pro-league","tag-mohamed-otmane","tag-nice","tag-tizie-gnamien"],"yoast_head":"<!-- This site is optimized with the Yoast SEO plugin v24.5 - https:\/\/yoast.com\/wordpress\/plugins\/seo\/ -->\n<title>Judo Pro League\u00a0: Direction le Final Four pour le Judo Nice M\u00e9tropole\u00a0! - Azurement Sport<\/title>\n<meta name=\"robots\" content=\"index, follow, max-snippet:-1, max-image-preview:large, max-video-preview:-1\" \/>\n<link rel=\"canonical\" href=\"https:\/\/azurementsport.fr\/index.php\/2025\/01\/07\/judo-pro-league-direction-le-final-four-pour-le-judo-nice-metropole\/\" \/>\n<meta property=\"og:locale\" content=\"fr_FR\" \/>\n<meta property=\"og:type\" content=\"article\" \/>\n<meta property=\"og:title\" content=\"Judo Pro League\u00a0: Direction le Final Four pour le Judo Nice M\u00e9tropole\u00a0! - Azurement Sport\" \/>\n<meta property=\"og:description\" content=\"Au terme d\u2019une soir\u00e9e parfaite, les judokas ni\u00e7ois se sont impos\u00e9s (10-0) face \u00e0 Chilly-Mazarin Morangis. Une victoire sans trembler&hellip;\" \/>\n<meta property=\"og:url\" content=\"https:\/\/azurementsport.fr\/index.php\/2025\/01\/07\/judo-pro-league-direction-le-final-four-pour-le-judo-nice-metropole\/\" \/>\n<meta property=\"og:site_name\" content=\"Azurement Sport\" \/>\n<meta property=\"article:published_time\" content=\"2025-01-07T22:40:53+00:00\" \/>\n<meta property=\"article:modified_time\" content=\"2025-01-07T22:53:42+00:00\" \/>\n<meta property=\"og:image\" content=\"https:\/\/azurementsport.fr\/wp-content\/uploads\/2025\/01\/467800201_2632869287102907_2683796568959852267_n.jpg\" \/>\n\t<meta property=\"og:image:width\" content=\"2048\" \/>\n\t<meta property=\"og:image:height\" content=\"1152\" \/>\n\t<meta property=\"og:image:type\" content=\"image\/jpeg\" \/>\n<meta name=\"author\" content=\"Azurement Sport\" \/>\n<meta name=\"twitter:card\" content=\"summary_large_image\" \/>\n<meta name=\"twitter:label1\" content=\"\u00c9crit par\" \/>\n\t<meta name=\"twitter:data1\" content=\"Azurement Sport\" \/>\n\t<meta name=\"twitter:label2\" content=\"Dur\u00e9e de lecture estim\u00e9e\" \/>\n\t<meta name=\"twitter:data2\" content=\"4 minutes\" \/>\n<script type=\"application\/ld+json\" class=\"yoast-schema-graph\">{\"@context\":\"https:\/\/schema.org\",\"@graph\":[{\"@type\":\"Article\",\"@id\":\"https:\/\/azurementsport.fr\/index.php\/2025\/01\/07\/judo-pro-league-direction-le-final-four-pour-le-judo-nice-metropole\/#article\",\"isPartOf\":{\"@id\":\"https:\/\/azurementsport.fr\/index.php\/2025\/01\/07\/judo-pro-league-direction-le-final-four-pour-le-judo-nice-metropole\/\"},\"author\":{\"name\":\"Azurement Sport\",\"@id\":\"https:\/\/azurementsport.fr\/#\/schema\/person\/bde18bf25893b2da2f70aa0e69fa7081\"},\"headline\":\"Judo Pro League\u00a0: Direction le Final Four pour le Judo Nice M\u00e9tropole\u00a0!\",\"datePublished\":\"2025-01-07T22:40:53+00:00\",\"dateModified\":\"2025-01-07T22:53:42+00:00\",\"mainEntityOfPage\":{\"@id\":\"https:\/\/azurementsport.fr\/index.php\/2025\/01\/07\/judo-pro-league-direction-le-final-four-pour-le-judo-nice-metropole\/\"},\"wordCount\":733,\"commentCount\":0,\"publisher\":{\"@id\":\"https:\/\/azurementsport.fr\/#organization\"},\"image\":{\"@id\":\"https:\/\/azurementsport.fr\/index.php\/2025\/01\/07\/judo-pro-league-direction-le-final-four-pour-le-judo-nice-metropole\/#primaryimage\"},\"thumbnailUrl\":\"https:\/\/azurementsport.fr\/wp-content\/uploads\/2025\/01\/467800201_2632869287102907_2683796568959852267_n.jpg\",\"keywords\":[\"Chilly-Mazarin\",\"Clemence Eme\",\"Enzo Gibelli\",\"Guerman Andreev\",\"Judo\",\"Judo Nice M\u00e9tropole\",\"Judo Pro League\",\"Mohamed Otmane\",\"Nice\",\"Tizie Gnamien\"],\"articleSection\":[\"Sports de combat\"],\"inLanguage\":\"fr-FR\",\"potentialAction\":[{\"@type\":\"CommentAction\",\"name\":\"Comment\",\"target\":[\"https:\/\/azurementsport.fr\/index.php\/2025\/01\/07\/judo-pro-league-direction-le-final-four-pour-le-judo-nice-metropole\/#respond\"]}]},{\"@type\":\"WebPage\",\"@id\":\"https:\/\/azurementsport.fr\/index.php\/2025\/01\/07\/judo-pro-league-direction-le-final-four-pour-le-judo-nice-metropole\/\",\"url\":\"https:\/\/azurementsport.fr\/index.php\/2025\/01\/07\/judo-pro-league-direction-le-final-four-pour-le-judo-nice-metropole\/\",\"name\":\"Judo Pro League\u00a0: Direction le Final Four pour le Judo Nice M\u00e9tropole\u00a0! - Azurement Sport\",\"isPartOf\":{\"@id\":\"https:\/\/azurementsport.fr\/#website\"},\"primaryImageOfPage\":{\"@id\":\"https:\/\/azurementsport.fr\/index.php\/2025\/01\/07\/judo-pro-league-direction-le-final-four-pour-le-judo-nice-metropole\/#primaryimage\"},\"image\":{\"@id\":\"https:\/\/azurementsport.fr\/index.php\/2025\/01\/07\/judo-pro-league-direction-le-final-four-pour-le-judo-nice-metropole\/#primaryimage\"},\"thumbnailUrl\":\"https:\/\/azurementsport.fr\/wp-content\/uploads\/2025\/01\/467800201_2632869287102907_2683796568959852267_n.jpg\",\"datePublished\":\"2025-01-07T22:40:53+00:00\",\"dateModified\":\"2025-01-07T22:53:42+00:00\",\"breadcrumb\":{\"@id\":\"https:\/\/azurementsport.fr\/index.php\/2025\/01\/07\/judo-pro-league-direction-le-final-four-pour-le-judo-nice-metropole\/#breadcrumb\"},\"inLanguage\":\"fr-FR\",\"potentialAction\":[{\"@type\":\"ReadAction\",\"target\":[\"https:\/\/azurementsport.fr\/index.php\/2025\/01\/07\/judo-pro-league-direction-le-final-four-pour-le-judo-nice-metropole\/\"]}]},{\"@type\":\"ImageObject\",\"inLanguage\":\"fr-FR\",\"@id\":\"https:\/\/azurementsport.fr\/index.php\/2025\/01\/07\/judo-pro-league-direction-le-final-four-pour-le-judo-nice-metropole\/#primaryimage\",\"url\":\"https:\/\/azurementsport.fr\/wp-content\/uploads\/2025\/01\/467800201_2632869287102907_2683796568959852267_n.jpg\",\"contentUrl\":\"https:\/\/azurementsport.fr\/wp-content\/uploads\/2025\/01\/467800201_2632869287102907_2683796568959852267_n.jpg\",\"width\":2048,\"height\":1152,\"caption\":\"L'\u00e9quipe du Judo Nice M\u00e9tropole a battu Chilly-Mazarin\/Morangis (10-0) et se qualifie pour le Final Four de Judo Pro League \u00a9 Q.B\"},{\"@type\":\"BreadcrumbList\",\"@id\":\"https:\/\/azurementsport.fr\/index.php\/2025\/01\/07\/judo-pro-league-direction-le-final-four-pour-le-judo-nice-metropole\/#breadcrumb\",\"itemListElement\":[{\"@type\":\"ListItem\",\"position\":1,\"name\":\"Accueil\",\"item\":\"https:\/\/azurementsport.fr\/\"},{\"@type\":\"ListItem\",\"position\":2,\"name\":\"Judo Pro League\u00a0: Direction le Final Four pour le Judo Nice M\u00e9tropole\u00a0!\"}]},{\"@type\":\"WebSite\",\"@id\":\"https:\/\/azurementsport.fr\/#website\",\"url\":\"https:\/\/azurementsport.fr\/\",\"name\":\"Azurement Sport\",\"description\":\"Toute l&#039;actualit\u00e9 sportive de la C\u00f4te d&#039;Azur\",\"publisher\":{\"@id\":\"https:\/\/azurementsport.fr\/#organization\"},\"potentialAction\":[{\"@type\":\"SearchAction\",\"target\":{\"@type\":\"EntryPoint\",\"urlTemplate\":\"https:\/\/azurementsport.fr\/?s={search_term_string}\"},\"query-input\":{\"@type\":\"PropertyValueSpecification\",\"valueRequired\":true,\"valueName\":\"search_term_string\"}}],\"inLanguage\":\"fr-FR\"},{\"@type\":\"Organization\",\"@id\":\"https:\/\/azurementsport.fr\/#organization\",\"name\":\"Azurement Sport\",\"url\":\"https:\/\/azurementsport.fr\/\",\"logo\":{\"@type\":\"ImageObject\",\"inLanguage\":\"fr-FR\",\"@id\":\"https:\/\/azurementsport.fr\/#\/schema\/logo\/image\/\",\"url\":\"https:\/\/azurementsport.fr\/wp-content\/uploads\/2024\/05\/cropped-cropped-AZUREMENT_SPORT__1_-removebg-preview.png\",\"contentUrl\":\"https:\/\/azurementsport.fr\/wp-content\/uploads\/2024\/05\/cropped-cropped-AZUREMENT_SPORT__1_-removebg-preview.png\",\"width\":500,\"height\":224,\"caption\":\"Azurement Sport\"},\"image\":{\"@id\":\"https:\/\/azurementsport.fr\/#\/schema\/logo\/image\/\"}},{\"@type\":\"Person\",\"@id\":\"https:\/\/azurementsport.fr\/#\/schema\/person\/bde18bf25893b2da2f70aa0e69fa7081\",\"name\":\"Azurement Sport\",\"image\":{\"@type\":\"ImageObject\",\"inLanguage\":\"fr-FR\",\"@id\":\"https:\/\/azurementsport.fr\/#\/schema\/person\/image\/\",\"url\":\"https:\/\/secure.gravatar.com\/avatar\/6ac2f8b3453d709891d9b248de3f290cee35f005edbe13d94d6fb2c1b54e4fbd?s=96&d=mm&r=g\",\"contentUrl\":\"https:\/\/secure.gravatar.com\/avatar\/6ac2f8b3453d709891d9b248de3f290cee35f005edbe13d94d6fb2c1b54e4fbd?s=96&d=mm&r=g\",\"caption\":\"Azurement Sport\"},\"sameAs\":[\"http:\/\/azurementsport.fr\"],\"url\":\"https:\/\/azurementsport.fr\/index.php\/author\/admin3210\/\"}]}<\/script>\n<!-- \/ Yoast SEO plugin. -->","yoast_head_json":{"title":"Judo Pro League\u00a0: Direction le Final Four pour le Judo Nice M\u00e9tropole\u00a0! - Azurement Sport","robots":{"index":"index","follow":"follow","max-snippet":"max-snippet:-1","max-image-preview":"max-image-preview:large","max-video-preview":"max-video-preview:-1"},"canonical":"https:\/\/azurementsport.fr\/index.php\/2025\/01\/07\/judo-pro-league-direction-le-final-four-pour-le-judo-nice-metropole\/","og_locale":"fr_FR","og_type":"article","og_title":"Judo Pro League\u00a0: Direction le Final Four pour le Judo Nice M\u00e9tropole\u00a0! - Azurement Sport","og_description":"Au terme d\u2019une soir\u00e9e parfaite, les judokas ni\u00e7ois se sont impos\u00e9s (10-0) face \u00e0 Chilly-Mazarin Morangis. Une victoire sans trembler&hellip;","og_url":"https:\/\/azurementsport.fr\/index.php\/2025\/01\/07\/judo-pro-league-direction-le-final-four-pour-le-judo-nice-metropole\/","og_site_name":"Azurement Sport","article_published_time":"2025-01-07T22:40:53+00:00","article_modified_time":"2025-01-07T22:53:42+00:00","og_image":[{"width":2048,"height":1152,"url":"https:\/\/azurementsport.fr\/wp-content\/uploads\/2025\/01\/467800201_2632869287102907_2683796568959852267_n.jpg","type":"image\/jpeg"}],"author":"Azurement Sport","twitter_card":"summary_large_image","twitter_misc":{"\u00c9crit par":"Azurement Sport","Dur\u00e9e de lecture estim\u00e9e":"4 minutes"},"schema":{"@context":"https:\/\/schema.org","@graph":[{"@type":"Article","@id":"https:\/\/azurementsport.fr\/index.php\/2025\/01\/07\/judo-pro-league-direction-le-final-four-pour-le-judo-nice-metropole\/#article","isPartOf":{"@id":"https:\/\/azurementsport.fr\/index.php\/2025\/01\/07\/judo-pro-league-direction-le-final-four-pour-le-judo-nice-metropole\/"},"author":{"name":"Azurement Sport","@id":"https:\/\/azurementsport.fr\/#\/schema\/person\/bde18bf25893b2da2f70aa0e69fa7081"},"headline":"Judo Pro League\u00a0: Direction le Final Four pour le Judo Nice M\u00e9tropole\u00a0!","datePublished":"2025-01-07T22:40:53+00:00","dateModified":"2025-01-07T22:53:42+00:00","mainEntityOfPage":{"@id":"https:\/\/azurementsport.fr\/index.php\/2025\/01\/07\/judo-pro-league-direction-le-final-four-pour-le-judo-nice-metropole\/"},"wordCount":733,"commentCount":0,"publisher":{"@id":"https:\/\/azurementsport.fr\/#organization"},"image":{"@id":"https:\/\/azurementsport.fr\/index.php\/2025\/01\/07\/judo-pro-league-direction-le-final-four-pour-le-judo-nice-metropole\/#primaryimage"},"thumbnailUrl":"https:\/\/azurementsport.fr\/wp-content\/uploads\/2025\/01\/467800201_2632869287102907_2683796568959852267_n.jpg","keywords":["Chilly-Mazarin","Clemence Eme","Enzo Gibelli","Guerman Andreev","Judo","Judo Nice M\u00e9tropole","Judo Pro League","Mohamed Otmane","Nice","Tizie Gnamien"],"articleSection":["Sports de combat"],"inLanguage":"fr-FR","potentialAction":[{"@type":"CommentAction","name":"Comment","target":["https:\/\/azurementsport.fr\/index.php\/2025\/01\/07\/judo-pro-league-direction-le-final-four-pour-le-judo-nice-metropole\/#respond"]}]},{"@type":"WebPage","@id":"https:\/\/azurementsport.fr\/index.php\/2025\/01\/07\/judo-pro-league-direction-le-final-four-pour-le-judo-nice-metropole\/","url":"https:\/\/azurementsport.fr\/index.php\/2025\/01\/07\/judo-pro-league-direction-le-final-four-pour-le-judo-nice-metropole\/","name":"Judo Pro League\u00a0: Direction le Final Four pour le Judo Nice M\u00e9tropole\u00a0! - Azurement Sport","isPartOf":{"@id":"https:\/\/azurementsport.fr\/#website"},"primaryImageOfPage":{"@id":"https:\/\/azurementsport.fr\/index.php\/2025\/01\/07\/judo-pro-league-direction-le-final-four-pour-le-judo-nice-metropole\/#primaryimage"},"image":{"@id":"https:\/\/azurementsport.fr\/index.php\/2025\/01\/07\/judo-pro-league-direction-le-final-four-pour-le-judo-nice-metropole\/#primaryimage"},"thumbnailUrl":"https:\/\/azurementsport.fr\/wp-content\/uploads\/2025\/01\/467800201_2632869287102907_2683796568959852267_n.jpg","datePublished":"2025-01-07T22:40:53+00:00","dateModified":"2025-01-07T22:53:42+00:00","breadcrumb":{"@id":"https:\/\/azurementsport.fr\/index.php\/2025\/01\/07\/judo-pro-league-direction-le-final-four-pour-le-judo-nice-metropole\/#breadcrumb"},"inLanguage":"fr-FR","potentialAction":[{"@type":"ReadAction","target":["https:\/\/azurementsport.fr\/index.php\/2025\/01\/07\/judo-pro-league-direction-le-final-four-pour-le-judo-nice-metropole\/"]}]},{"@type":"ImageObject","inLanguage":"fr-FR","@id":"https:\/\/azurementsport.fr\/index.php\/2025\/01\/07\/judo-pro-league-direction-le-final-four-pour-le-judo-nice-metropole\/#primaryimage","url":"https:\/\/azurementsport.fr\/wp-content\/uploads\/2025\/01\/467800201_2632869287102907_2683796568959852267_n.jpg","contentUrl":"https:\/\/azurementsport.fr\/wp-content\/uploads\/2025\/01\/467800201_2632869287102907_2683796568959852267_n.jpg","width":2048,"height":1152,"caption":"L'\u00e9quipe du Judo Nice M\u00e9tropole a battu Chilly-Mazarin\/Morangis (10-0) et se qualifie pour le Final Four de Judo Pro League \u00a9 Q.B"},{"@type":"BreadcrumbList","@id":"https:\/\/azurementsport.fr\/index.php\/2025\/01\/07\/judo-pro-league-direction-le-final-four-pour-le-judo-nice-metropole\/#breadcrumb","itemListElement":[{"@type":"ListItem","position":1,"name":"Accueil","item":"https:\/\/azurementsport.fr\/"},{"@type":"ListItem","position":2,"name":"Judo Pro League\u00a0: Direction le Final Four pour le Judo Nice M\u00e9tropole\u00a0!"}]},{"@type":"WebSite","@id":"https:\/\/azurementsport.fr\/#website","url":"https:\/\/azurementsport.fr\/","name":"Azurement Sport","description":"Toute l&#039;actualit\u00e9 sportive de la C\u00f4te d&#039;Azur","publisher":{"@id":"https:\/\/azurementsport.fr\/#organization"},"potentialAction":[{"@type":"SearchAction","target":{"@type":"EntryPoint","urlTemplate":"https:\/\/azurementsport.fr\/?s={search_term_string}"},"query-input":{"@type":"PropertyValueSpecification","valueRequired":true,"valueName":"search_term_string"}}],"inLanguage":"fr-FR"},{"@type":"Organization","@id":"https:\/\/azurementsport.fr\/#organization","name":"Azurement Sport","url":"https:\/\/azurementsport.fr\/","logo":{"@type":"ImageObject","inLanguage":"fr-FR","@id":"https:\/\/azurementsport.fr\/#\/schema\/logo\/image\/","url":"https:\/\/azurementsport.fr\/wp-content\/uploads\/2024\/05\/cropped-cropped-AZUREMENT_SPORT__1_-removebg-preview.png","contentUrl":"https:\/\/azurementsport.fr\/wp-content\/uploads\/2024\/05\/cropped-cropped-AZUREMENT_SPORT__1_-removebg-preview.png","width":500,"height":224,"caption":"Azurement Sport"},"image":{"@id":"https:\/\/azurementsport.fr\/#\/schema\/logo\/image\/"}},{"@type":"Person","@id":"https:\/\/azurementsport.fr\/#\/schema\/person\/bde18bf25893b2da2f70aa0e69fa7081","name":"Azurement Sport","image":{"@type":"ImageObject","inLanguage":"fr-FR","@id":"https:\/\/azurementsport.fr\/#\/schema\/person\/image\/","url":"https:\/\/secure.gravatar.com\/avatar\/6ac2f8b3453d709891d9b248de3f290cee35f005edbe13d94d6fb2c1b54e4fbd?s=96&d=mm&r=g","contentUrl":"https:\/\/secure.gravatar.com\/avatar\/6ac2f8b3453d709891d9b248de3f290cee35f005edbe13d94d6fb2c1b54e4fbd?s=96&d=mm&r=g","caption":"Azurement Sport"},"sameAs":["http:\/\/azurementsport.fr"],"url":"https:\/\/azurementsport.fr\/index.php\/author\/admin3210\/"}]}},"jetpack_featured_media_url":"https:\/\/azurementsport.fr\/wp-content\/uploads\/2025\/01\/467800201_2632869287102907_2683796568959852267_n.jpg","jetpack_sharing_enabled":true,"jetpack-related-posts":[],"_links":{"self":[{"href":"https:\/\/azurementsport.fr\/index.php\/wp-json\/wp\/v2\/posts\/1074","targetHints":{"allow":["GET"]}}],"collection":[{"href":"https:\/\/azurementsport.fr\/index.php\/wp-json\/wp\/v2\/posts"}],"about":[{"href":"https:\/\/azurementsport.fr\/index.php\/wp-json\/wp\/v2\/types\/post"}],"author":[{"embeddable":true,"href":"https:\/\/azurementsport.fr\/index.php\/wp-json\/wp\/v2\/users\/1"}],"replies":[{"embeddable":true,"href":"https:\/\/azurementsport.fr\/index.php\/wp-json\/wp\/v2\/comments?post=1074"}],"version-history":[{"count":4,"href":"https:\/\/azurementsport.fr\/index.php\/wp-json\/wp\/v2\/posts\/1074\/revisions"}],"predecessor-version":[{"id":1082,"href":"https:\/\/azurementsport.fr\/index.php\/wp-json\/wp\/v2\/posts\/1074\/revisions\/1082"}],"wp:featuredmedia":[{"embeddable":true,"href":"https:\/\/azurementsport.fr\/index.php\/wp-json\/wp\/v2\/media\/1075"}],"wp:attachment":[{"href":"https:\/\/azurementsport.fr\/index.php\/wp-json\/wp\/v2\/media?parent=1074"}],"wp:term":[{"taxonomy":"category","embeddable":true,"href":"https:\/\/azurementsport.fr\/index.php\/wp-json\/wp\/v2\/categories?post=1074"},{"taxonomy":"post_tag","embeddable":true,"href":"https:\/\/azurementsport.fr\/index.php\/wp-json\/wp\/v2\/tags?post=1074"}],"curies":[{"name":"wp","href":"https:\/\/api.w.org\/{rel}","templated":true}]}}