{"id":1121,"date":"2025-01-17T21:53:19","date_gmt":"2025-01-17T20:53:19","guid":{"rendered":"https:\/\/azurementsport.fr\/?p=1121"},"modified":"2025-01-18T01:50:45","modified_gmt":"2025-01-18T00:50:45","slug":"pro-d2-le-ciel-sobscurcit-encore-et-toujours-pour-le-stade-nicois","status":"publish","type":"post","link":"https:\/\/azurementsport.fr\/index.php\/2025\/01\/17\/pro-d2-le-ciel-sobscurcit-encore-et-toujours-pour-le-stade-nicois\/","title":{"rendered":"Pro D2 : D\u00e9fait par Oyonnax, le ciel s&rsquo;obscurcit encore et toujours pour le Stade Ni\u00e7ois"},"content":{"rendered":"\n<p class=\"has-text-align-left\"><strong>Battu par Oyonnax \u00e0 domicile ce vendredi soir (15-33), le Stade Ni\u00e7ois encha\u00eene une dixi\u00e8me d\u00e9faite cons\u00e9cutive. Un nouveau revers sonnant quasiment le glas des espoirs de maintien en Pro D2. D\u00e9sormais, <em>\u00ab\u00a0jouer lib\u00e9rer et prendre match apr\u00e8s match\u00a0\u00bb <\/em>sera le cr\u00e9do des hommes d&rsquo;Alexandre Compan.<\/strong><\/p>\n\n\n\n<p>Ils \u00e9taient dos au mur. Avec <strong>neuf d\u00e9faites cons\u00e9cutives<\/strong> et un \u00e9cart commen\u00e7ant \u00e0 se creuser en bas de tableau, le <strong>Stade Ni\u00e7ois<\/strong> \u00e9tait dans une obligation, presque vitale, de gagner. Malheureusement c&rsquo;est encore une fois manqu\u00e9. <strong>Oyonnax<\/strong>, \u00e9quipe \u00e9voluant en <strong>Top 14 <\/strong>l&rsquo;an dernier, est venue dicter sa loi sur la pelouse du <strong>stade Marcel-Volot. <\/strong>Une dixi\u00e8me d\u00e9faite de suite hypoth\u00e9quant les chances de maintien en Pro D2 du club azur\u00e9en.<em> \u00ab\u00a0On a du mal \u00e0 rivaliser, c&rsquo;est tout, <\/em>conc\u00e8de froidement Mariano Taverna, l&rsquo;entra\u00eeneur des avants ni\u00e7ois<em>. Il va falloir faire des exploits, jouer match apr\u00e8s match. La mont\u00e9e n&rsquo;\u00e9tait pas voulue. C&rsquo;est d\u00e9j\u00e0 un bel exploit d&rsquo;\u00eatre en Pro D2 il ne faut pas l&rsquo;oublier.\u00a0\u00bb<\/em><\/p>\n\n\n\n<p>D\u00e8s la sixi\u00e8me minute, le public ni\u00e7ois s&rsquo;engouffre d\u00e9j\u00e0 dans une de ces soir\u00e9es qu&rsquo;il conna\u00eet tant. <strong>Martin Bogado<\/strong>, arri\u00e8re d&rsquo;Oyonnax, trouve un intervalle au centre du terrain, perce et pointe entre les perches (0-7, 6e).<\/p>\n\n\n\n<p><strong>Des efforts st\u00e9riles et une punition<\/strong><\/p>\n\n\n\n<p>Derri\u00e8re ce premier coup de froid dans une enceinte d\u00e9j\u00e0 frigorifi\u00e9e, les <strong>Ni\u00e7ois<\/strong> r\u00e9agissent. <strong>Paul Auradou<\/strong>, replac\u00e9 \u00e0 l&rsquo;ouverture pour ce match, trouve une br\u00e8che sur l&rsquo;aile gauche mais est repris \u00e0 dix m\u00e8tres de l&rsquo;en-but (10e). Sur l&rsquo;action suivante, comme un effet boomerang, <strong>Ramiha Smiler<\/strong> lance le jeune <strong>Kylian Laurens<\/strong> gr\u00e2ce \u00e0 un offload dont lui seul a le secret. \u00c0 20 ans, pour son deuxi\u00e8me match en professionnel, le troisi\u00e8me-ligne ni\u00e7ois se fait la malle au milieu du terrain et marque au bout d&rsquo;une course folle, le tout <strong>premier essai<\/strong> de sa jeune carri\u00e8re (7-7, 14e).<em> \u00ab\u00a0C&rsquo;est un tr\u00e8s bon jeune, <\/em>avoue Mariano Taverna.<em> Avec sa fougue, il arrive \u00e0 amener des choses positives dans le collectif. Il est frais et a les capacit\u00e9s d&rsquo;\u00eatre un tr\u00e8s bon joueur de rugby !\u00a0\u00bb<\/em><\/p>\n\n\n<div class=\"wp-block-image\">\n<figure class=\"aligncenter size-large\"><img loading=\"lazy\" decoding=\"async\" width=\"1024\" height=\"683\" src=\"https:\/\/azurementsport.fr\/wp-content\/uploads\/2025\/01\/IMG_0733-1-1024x683.jpg\" alt=\"\" class=\"wp-image-1130\" srcset=\"https:\/\/azurementsport.fr\/wp-content\/uploads\/2025\/01\/IMG_0733-1-1024x683.jpg 1024w, https:\/\/azurementsport.fr\/wp-content\/uploads\/2025\/01\/IMG_0733-1-300x200.jpg 300w, https:\/\/azurementsport.fr\/wp-content\/uploads\/2025\/01\/IMG_0733-1-768x512.jpg 768w, https:\/\/azurementsport.fr\/wp-content\/uploads\/2025\/01\/IMG_0733-1-1536x1024.jpg 1536w, https:\/\/azurementsport.fr\/wp-content\/uploads\/2025\/01\/IMG_0733-1-2048x1365.jpg 2048w\" sizes=\"auto, (max-width: 1024px) 100vw, 1024px\" \/><figcaption class=\"wp-element-caption\">Kylian Laurens s&rsquo;est offert un beau plongeon pour son premier essai en professionnel \u00a9 Yohan Trichaud<\/figcaption><\/figure>\n<\/div>\n\n\n<p>Cet essai ne lib\u00e8re pas pour autant les hommes d&rsquo;<strong>Alexandre Compan.<\/strong> <strong>Jules Gimbert <\/strong>en difficult\u00e9 face aux perches (2\/5 aux tirs au but) ne r\u00e9compensent pas les efforts des siens. Nice vient de laisser passer sa chance. <em>\u00ab\u00a0Je suis arriv\u00e9 dans une \u00e9quipe un peu en manque de confiance et moi le premier, je n&rsquo;ai pas \u00e9t\u00e9 au niveau ce soir<\/em>\u00ab\u00a0, fulmine le demi de m\u00eal\u00e9e pr\u00eat\u00e9 par le <strong>Stade Fran\u00e7ais Paris<\/strong>. Avant la pause, <strong>Karim Qadiri,<\/strong> meilleur marqueur de <strong>Pro D2<\/strong> en 2022, casse trois plaquages et punit les Ni\u00e7ois en donnant sept points d\u2019avance aux <strong>Oyomens<\/strong> \u00e0 la pause (7-14, 40e).<\/p>\n\n\n\n<p><strong>Un deuxi\u00e8me acte cauchemardesque<\/strong><\/p>\n\n\n\n<p>Habitu\u00e9s g\u00e9n\u00e9ralement aux r\u00e9actions d&rsquo;orgueil, les <strong>Ni\u00e7ois<\/strong>, cette fois, ne r\u00e9pondent pas. Gel\u00e9s dans l&rsquo;envie, baissant la t\u00eate sur chaque essai encaiss\u00e9s. Ils semblent subir leur destin. En dix minutes, la d\u00e9fense rouge et noire vole en \u00e9clat \u00e0 trois reprises (10-14, 50e \u00e0 10-33, 65e), impact\u00e9e par l&rsquo;exclusion temporaire de la recrue <strong>Christa Powell<\/strong> (53e) pour plaquage dangereux. Les lacunes vues et revues, depuis 17 journ\u00e9es maintenant, sont toujours pr\u00e9sentes malgr\u00e9 l&rsquo;arriv\u00e9e du Canadien, <strong>Jamie Cudmore<\/strong>, comme entra\u00eeneur de la ligne d\u00e9fensive.<\/p>\n\n\n<div class=\"wp-block-image\">\n<figure class=\"aligncenter size-large\"><img loading=\"lazy\" decoding=\"async\" width=\"1024\" height=\"683\" src=\"https:\/\/azurementsport.fr\/wp-content\/uploads\/2025\/01\/IMG_0882-1024x683.jpg\" alt=\"\" class=\"wp-image-1132\" srcset=\"https:\/\/azurementsport.fr\/wp-content\/uploads\/2025\/01\/IMG_0882-1024x683.jpg 1024w, https:\/\/azurementsport.fr\/wp-content\/uploads\/2025\/01\/IMG_0882-300x200.jpg 300w, https:\/\/azurementsport.fr\/wp-content\/uploads\/2025\/01\/IMG_0882-768x512.jpg 768w, https:\/\/azurementsport.fr\/wp-content\/uploads\/2025\/01\/IMG_0882-1536x1024.jpg 1536w, https:\/\/azurementsport.fr\/wp-content\/uploads\/2025\/01\/IMG_0882-2048x1365.jpg 2048w\" sizes=\"auto, (max-width: 1024px) 100vw, 1024px\" \/><figcaption class=\"wp-element-caption\">Christa Powell a \u00e9t\u00e9 exclu dix minutes suite \u00e0 ce geste sur le centre d&rsquo;Oyonnax, Luca Mensa \u00a9 Yohan Trichaud<\/figcaption><\/figure>\n<\/div>\n\n\n<p>Seule \u00e9claircie de cette deuxi\u00e8me mi-temps : une attaque en premi\u00e8re main ponctu\u00e9e par une inspiration g\u00e9niale de <strong>Paul Auradou <\/strong>(passe entre les jambes), envoyant <strong>Christiaan Erasmus<\/strong> dans l&rsquo;en-but (15-33, 70e). Une action mettant un peu de baume au coeur d&rsquo;un deuxi\u00e8me acte cauchemardesque.<\/p>\n\n\n\n<p>D\u00e9sormais, <strong>Nice<\/strong> pointe \u00e0 neuf points de <strong>Valence-Romans<\/strong>. Le bonus d\u00e9fensif des Dromois \u00e0 Montauban, sonne comme la note finale d&rsquo;une soir\u00e9e o\u00f9 rien n&rsquo;a fonctionn\u00e9. Avec un prochain match \u00e0 l&rsquo;ext\u00e9rieur face \u00e0 ces m\u00eames <strong>Valentinois<\/strong>, Nice pourrait malheureusement \u00eatre d\u00e9finitivement largu\u00e9e \u00e0 la fin de ce quatri\u00e8me bloc.<\/p>\n\n\n\n<p class=\"has-text-align-right\"><strong>Quentin Barbaza<\/strong><\/p>\n\n\n\n<details class=\"wp-block-details has-pale-pink-background-color has-background is-layout-flow wp-block-details-is-layout-flow\"><summary><br><strong>NICE\u00a015-33 OYONNAX\u00a0(MT\u00a07-14)<\/strong><br><br>Stade\u00a0Marcel-Volot\u00a0(\u00e0\u00a0Nice)<br>Spectateurs\u00a0:\u00a02000 environ<br>Arbitres : M. Bru assist\u00e9 de MM.\u00a0Coulon\u00a0et\u00a0Mallet.<br><br>Pour\u00a0Nice\u00a0:\u00a02\u00a0essais de Laurens (14<sup>e<\/sup>), Erasmus (70e). 1\u00a0transformation\u00a0de Gimbert (15e)\u00a0.\u00a01\u00a0p\u00e9nalit\u00e9 de\u00a0Gimbert (47e)<br><br>Pour\u00a0Oyonnax :\u00a05\u00a0essais\u00a0de\u00a0Bogado (6<sup>e<\/sup>), Qadiri (38<sup>e<\/sup>), Salles (49<sup>e<\/sup>), Mensa (52<sup>e<\/sup>), Ikpefan (60e). 4\u00a0transformations\u00a0de Holmes (6<sup>e<\/sup>, 38<sup>e<\/sup>, 50<sup>e<\/sup>), Smith (61e)\u00a0.<br><br>Carton jaune :\u00a0Powell (53<sup>e<\/sup>, plaquage dangereux), Berthaud (68e, fautes r\u00e9p\u00e9t\u00e9es)<br><br>\u00c9volution du score :\u00a00-7, 7-7, 7-14 (MT) 10-14, 10-21, 10-26, 10-33, 15-33.<br><br><strong>NICE\u00a0<\/strong>:\u00a0Martinez, Anga\u2019aelangi, Pupuma (Ross, 48e) \u2013 Murday (cap) (Chartier, 52e), Freytes \u2013 Laurens (Sarrasin, 52e), Suaud, Smiler (Berenguel, 65e) \u2013 Gimbert (m) (Solinas, 62e), Auradou (o) \u2013 Delas, Powell, Daly, Erasmus \u2013 Odiete. Coach\u00a0: Compan.<br><br><strong>OYONNAX<\/strong>:\u00a0Bordenave (Di Pietro, 60e), Durand (Narisia, 60e), Tafili (Berthaud, 49e) \u2013 Battye, Fabr\u00e8gue \u2013 Lebreton, Hermet, Godener \u2013 Ruru (m) (Lobzhanidze, 62e), Holmes (o) \u2013 Qadiri (Salles, 47e), Mensa, Rabut (Smith, 6<sup>e<\/sup>), Ikpefan \u2013 Bogado. Coach\u00a0: Cibray.<\/summary>\n<p><\/p>\n<\/details>\n\n\n\n<p><\/p>\n","protected":false},"excerpt":{"rendered":"<p>Battu par Oyonnax \u00e0 domicile ce vendredi soir (15-33), le Stade Ni\u00e7ois encha\u00eene une dixi\u00e8me d\u00e9faite cons\u00e9cutive. Un nouveau revers&hellip;<\/p>\n","protected":false},"author":1,"featured_media":1123,"comment_status":"open","ping_status":"open","sticky":false,"template":"","format":"standard","meta":{"_jetpack_memberships_contains_paid_content":false,"footnotes":""},"categories":[11],"tags":[579,612,239,14,611,233,12,216],"class_list":["post-1121","post","type-post","status-publish","format-standard","has-post-thumbnail","hentry","category-rugby","tag-jules-gimbert","tag-kylian-laurens","tag-mariano-taverna","tag-nice","tag-oyonnax","tag-pro-d2","tag-rugby","tag-stade-nicois-2"],"yoast_head":"<!-- This site is optimized with the Yoast SEO plugin v24.5 - https:\/\/yoast.com\/wordpress\/plugins\/seo\/ -->\n<title>Pro D2 : D\u00e9fait par Oyonnax, le ciel s&#039;obscurcit encore et toujours pour le Stade Ni\u00e7ois - Azurement Sport<\/title>\n<meta name=\"robots\" content=\"index, follow, max-snippet:-1, max-image-preview:large, max-video-preview:-1\" \/>\n<link rel=\"canonical\" href=\"https:\/\/azurementsport.fr\/index.php\/2025\/01\/17\/pro-d2-le-ciel-sobscurcit-encore-et-toujours-pour-le-stade-nicois\/\" \/>\n<meta property=\"og:locale\" content=\"fr_FR\" \/>\n<meta property=\"og:type\" content=\"article\" \/>\n<meta property=\"og:title\" content=\"Pro D2 : D\u00e9fait par Oyonnax, le ciel s&#039;obscurcit encore et toujours pour le Stade Ni\u00e7ois - Azurement Sport\" \/>\n<meta property=\"og:description\" content=\"Battu par Oyonnax \u00e0 domicile ce vendredi soir (15-33), le Stade Ni\u00e7ois encha\u00eene une dixi\u00e8me d\u00e9faite cons\u00e9cutive. Un nouveau revers&hellip;\" \/>\n<meta property=\"og:url\" content=\"https:\/\/azurementsport.fr\/index.php\/2025\/01\/17\/pro-d2-le-ciel-sobscurcit-encore-et-toujours-pour-le-stade-nicois\/\" \/>\n<meta property=\"og:site_name\" content=\"Azurement Sport\" \/>\n<meta property=\"article:published_time\" content=\"2025-01-17T20:53:19+00:00\" \/>\n<meta property=\"article:modified_time\" content=\"2025-01-18T00:50:45+00:00\" \/>\n<meta property=\"og:image\" content=\"https:\/\/azurementsport.fr\/wp-content\/uploads\/2025\/01\/nice-oyo-1-scaled.jpg\" \/>\n\t<meta property=\"og:image:width\" content=\"2560\" \/>\n\t<meta property=\"og:image:height\" content=\"1438\" \/>\n\t<meta property=\"og:image:type\" content=\"image\/jpeg\" \/>\n<meta name=\"author\" content=\"Azurement Sport\" \/>\n<meta name=\"twitter:card\" content=\"summary_large_image\" \/>\n<meta name=\"twitter:label1\" content=\"\u00c9crit par\" \/>\n\t<meta name=\"twitter:data1\" content=\"Azurement Sport\" \/>\n\t<meta name=\"twitter:label2\" content=\"Dur\u00e9e de lecture estim\u00e9e\" \/>\n\t<meta name=\"twitter:data2\" content=\"4 minutes\" \/>\n<script type=\"application\/ld+json\" class=\"yoast-schema-graph\">{\"@context\":\"https:\/\/schema.org\",\"@graph\":[{\"@type\":\"Article\",\"@id\":\"https:\/\/azurementsport.fr\/index.php\/2025\/01\/17\/pro-d2-le-ciel-sobscurcit-encore-et-toujours-pour-le-stade-nicois\/#article\",\"isPartOf\":{\"@id\":\"https:\/\/azurementsport.fr\/index.php\/2025\/01\/17\/pro-d2-le-ciel-sobscurcit-encore-et-toujours-pour-le-stade-nicois\/\"},\"author\":{\"name\":\"Azurement Sport\",\"@id\":\"https:\/\/azurementsport.fr\/#\/schema\/person\/bde18bf25893b2da2f70aa0e69fa7081\"},\"headline\":\"Pro D2 : D\u00e9fait par Oyonnax, le ciel s&rsquo;obscurcit encore et toujours pour le Stade Ni\u00e7ois\",\"datePublished\":\"2025-01-17T20:53:19+00:00\",\"dateModified\":\"2025-01-18T00:50:45+00:00\",\"mainEntityOfPage\":{\"@id\":\"https:\/\/azurementsport.fr\/index.php\/2025\/01\/17\/pro-d2-le-ciel-sobscurcit-encore-et-toujours-pour-le-stade-nicois\/\"},\"wordCount\":917,\"commentCount\":0,\"publisher\":{\"@id\":\"https:\/\/azurementsport.fr\/#organization\"},\"image\":{\"@id\":\"https:\/\/azurementsport.fr\/index.php\/2025\/01\/17\/pro-d2-le-ciel-sobscurcit-encore-et-toujours-pour-le-stade-nicois\/#primaryimage\"},\"thumbnailUrl\":\"https:\/\/azurementsport.fr\/wp-content\/uploads\/2025\/01\/nice-oyo-1-scaled.jpg\",\"keywords\":[\"Jules Gimbert\",\"Kylian Laurens\",\"Mariano Taverna\",\"Nice\",\"Oyonnax\",\"Pro D2\",\"Rugby\",\"Stade Ni\u00e7ois\"],\"articleSection\":[\"Rugby\"],\"inLanguage\":\"fr-FR\",\"potentialAction\":[{\"@type\":\"CommentAction\",\"name\":\"Comment\",\"target\":[\"https:\/\/azurementsport.fr\/index.php\/2025\/01\/17\/pro-d2-le-ciel-sobscurcit-encore-et-toujours-pour-le-stade-nicois\/#respond\"]}]},{\"@type\":\"WebPage\",\"@id\":\"https:\/\/azurementsport.fr\/index.php\/2025\/01\/17\/pro-d2-le-ciel-sobscurcit-encore-et-toujours-pour-le-stade-nicois\/\",\"url\":\"https:\/\/azurementsport.fr\/index.php\/2025\/01\/17\/pro-d2-le-ciel-sobscurcit-encore-et-toujours-pour-le-stade-nicois\/\",\"name\":\"Pro D2 : D\u00e9fait par Oyonnax, le ciel s'obscurcit encore et toujours pour le Stade Ni\u00e7ois - Azurement Sport\",\"isPartOf\":{\"@id\":\"https:\/\/azurementsport.fr\/#website\"},\"primaryImageOfPage\":{\"@id\":\"https:\/\/azurementsport.fr\/index.php\/2025\/01\/17\/pro-d2-le-ciel-sobscurcit-encore-et-toujours-pour-le-stade-nicois\/#primaryimage\"},\"image\":{\"@id\":\"https:\/\/azurementsport.fr\/index.php\/2025\/01\/17\/pro-d2-le-ciel-sobscurcit-encore-et-toujours-pour-le-stade-nicois\/#primaryimage\"},\"thumbnailUrl\":\"https:\/\/azurementsport.fr\/wp-content\/uploads\/2025\/01\/nice-oyo-1-scaled.jpg\",\"datePublished\":\"2025-01-17T20:53:19+00:00\",\"dateModified\":\"2025-01-18T00:50:45+00:00\",\"breadcrumb\":{\"@id\":\"https:\/\/azurementsport.fr\/index.php\/2025\/01\/17\/pro-d2-le-ciel-sobscurcit-encore-et-toujours-pour-le-stade-nicois\/#breadcrumb\"},\"inLanguage\":\"fr-FR\",\"potentialAction\":[{\"@type\":\"ReadAction\",\"target\":[\"https:\/\/azurementsport.fr\/index.php\/2025\/01\/17\/pro-d2-le-ciel-sobscurcit-encore-et-toujours-pour-le-stade-nicois\/\"]}]},{\"@type\":\"ImageObject\",\"inLanguage\":\"fr-FR\",\"@id\":\"https:\/\/azurementsport.fr\/index.php\/2025\/01\/17\/pro-d2-le-ciel-sobscurcit-encore-et-toujours-pour-le-stade-nicois\/#primaryimage\",\"url\":\"https:\/\/azurementsport.fr\/wp-content\/uploads\/2025\/01\/nice-oyo-1-scaled.jpg\",\"contentUrl\":\"https:\/\/azurementsport.fr\/wp-content\/uploads\/2025\/01\/nice-oyo-1-scaled.jpg\",\"width\":2560,\"height\":1438,\"caption\":\"Nice encha\u00eene une dixi\u00e8me d\u00e9faite cons\u00e9cutive face \u00e0 Oyonnax (15-33) \u00a9 Vicky Warocquier\"},{\"@type\":\"BreadcrumbList\",\"@id\":\"https:\/\/azurementsport.fr\/index.php\/2025\/01\/17\/pro-d2-le-ciel-sobscurcit-encore-et-toujours-pour-le-stade-nicois\/#breadcrumb\",\"itemListElement\":[{\"@type\":\"ListItem\",\"position\":1,\"name\":\"Accueil\",\"item\":\"https:\/\/azurementsport.fr\/\"},{\"@type\":\"ListItem\",\"position\":2,\"name\":\"Pro D2 : D\u00e9fait par Oyonnax, le ciel s&rsquo;obscurcit encore et toujours pour le Stade Ni\u00e7ois\"}]},{\"@type\":\"WebSite\",\"@id\":\"https:\/\/azurementsport.fr\/#website\",\"url\":\"https:\/\/azurementsport.fr\/\",\"name\":\"Azurement Sport\",\"description\":\"Toute l&#039;actualit\u00e9 sportive de la C\u00f4te d&#039;Azur\",\"publisher\":{\"@id\":\"https:\/\/azurementsport.fr\/#organization\"},\"potentialAction\":[{\"@type\":\"SearchAction\",\"target\":{\"@type\":\"EntryPoint\",\"urlTemplate\":\"https:\/\/azurementsport.fr\/?s={search_term_string}\"},\"query-input\":{\"@type\":\"PropertyValueSpecification\",\"valueRequired\":true,\"valueName\":\"search_term_string\"}}],\"inLanguage\":\"fr-FR\"},{\"@type\":\"Organization\",\"@id\":\"https:\/\/azurementsport.fr\/#organization\",\"name\":\"Azurement Sport\",\"url\":\"https:\/\/azurementsport.fr\/\",\"logo\":{\"@type\":\"ImageObject\",\"inLanguage\":\"fr-FR\",\"@id\":\"https:\/\/azurementsport.fr\/#\/schema\/logo\/image\/\",\"url\":\"https:\/\/azurementsport.fr\/wp-content\/uploads\/2024\/05\/cropped-cropped-AZUREMENT_SPORT__1_-removebg-preview.png\",\"contentUrl\":\"https:\/\/azurementsport.fr\/wp-content\/uploads\/2024\/05\/cropped-cropped-AZUREMENT_SPORT__1_-removebg-preview.png\",\"width\":500,\"height\":224,\"caption\":\"Azurement Sport\"},\"image\":{\"@id\":\"https:\/\/azurementsport.fr\/#\/schema\/logo\/image\/\"}},{\"@type\":\"Person\",\"@id\":\"https:\/\/azurementsport.fr\/#\/schema\/person\/bde18bf25893b2da2f70aa0e69fa7081\",\"name\":\"Azurement Sport\",\"image\":{\"@type\":\"ImageObject\",\"inLanguage\":\"fr-FR\",\"@id\":\"https:\/\/azurementsport.fr\/#\/schema\/person\/image\/\",\"url\":\"https:\/\/secure.gravatar.com\/avatar\/6ac2f8b3453d709891d9b248de3f290cee35f005edbe13d94d6fb2c1b54e4fbd?s=96&d=mm&r=g\",\"contentUrl\":\"https:\/\/secure.gravatar.com\/avatar\/6ac2f8b3453d709891d9b248de3f290cee35f005edbe13d94d6fb2c1b54e4fbd?s=96&d=mm&r=g\",\"caption\":\"Azurement Sport\"},\"sameAs\":[\"http:\/\/azurementsport.fr\"],\"url\":\"https:\/\/azurementsport.fr\/index.php\/author\/admin3210\/\"}]}<\/script>\n<!-- \/ Yoast SEO plugin. -->","yoast_head_json":{"title":"Pro D2 : D\u00e9fait par Oyonnax, le ciel s'obscurcit encore et toujours pour le Stade Ni\u00e7ois - Azurement Sport","robots":{"index":"index","follow":"follow","max-snippet":"max-snippet:-1","max-image-preview":"max-image-preview:large","max-video-preview":"max-video-preview:-1"},"canonical":"https:\/\/azurementsport.fr\/index.php\/2025\/01\/17\/pro-d2-le-ciel-sobscurcit-encore-et-toujours-pour-le-stade-nicois\/","og_locale":"fr_FR","og_type":"article","og_title":"Pro D2 : D\u00e9fait par Oyonnax, le ciel s'obscurcit encore et toujours pour le Stade Ni\u00e7ois - Azurement Sport","og_description":"Battu par Oyonnax \u00e0 domicile ce vendredi soir (15-33), le Stade Ni\u00e7ois encha\u00eene une dixi\u00e8me d\u00e9faite cons\u00e9cutive. Un nouveau revers&hellip;","og_url":"https:\/\/azurementsport.fr\/index.php\/2025\/01\/17\/pro-d2-le-ciel-sobscurcit-encore-et-toujours-pour-le-stade-nicois\/","og_site_name":"Azurement Sport","article_published_time":"2025-01-17T20:53:19+00:00","article_modified_time":"2025-01-18T00:50:45+00:00","og_image":[{"width":2560,"height":1438,"url":"https:\/\/azurementsport.fr\/wp-content\/uploads\/2025\/01\/nice-oyo-1-scaled.jpg","type":"image\/jpeg"}],"author":"Azurement Sport","twitter_card":"summary_large_image","twitter_misc":{"\u00c9crit par":"Azurement Sport","Dur\u00e9e de lecture estim\u00e9e":"4 minutes"},"schema":{"@context":"https:\/\/schema.org","@graph":[{"@type":"Article","@id":"https:\/\/azurementsport.fr\/index.php\/2025\/01\/17\/pro-d2-le-ciel-sobscurcit-encore-et-toujours-pour-le-stade-nicois\/#article","isPartOf":{"@id":"https:\/\/azurementsport.fr\/index.php\/2025\/01\/17\/pro-d2-le-ciel-sobscurcit-encore-et-toujours-pour-le-stade-nicois\/"},"author":{"name":"Azurement Sport","@id":"https:\/\/azurementsport.fr\/#\/schema\/person\/bde18bf25893b2da2f70aa0e69fa7081"},"headline":"Pro D2 : D\u00e9fait par Oyonnax, le ciel s&rsquo;obscurcit encore et toujours pour le Stade Ni\u00e7ois","datePublished":"2025-01-17T20:53:19+00:00","dateModified":"2025-01-18T00:50:45+00:00","mainEntityOfPage":{"@id":"https:\/\/azurementsport.fr\/index.php\/2025\/01\/17\/pro-d2-le-ciel-sobscurcit-encore-et-toujours-pour-le-stade-nicois\/"},"wordCount":917,"commentCount":0,"publisher":{"@id":"https:\/\/azurementsport.fr\/#organization"},"image":{"@id":"https:\/\/azurementsport.fr\/index.php\/2025\/01\/17\/pro-d2-le-ciel-sobscurcit-encore-et-toujours-pour-le-stade-nicois\/#primaryimage"},"thumbnailUrl":"https:\/\/azurementsport.fr\/wp-content\/uploads\/2025\/01\/nice-oyo-1-scaled.jpg","keywords":["Jules Gimbert","Kylian Laurens","Mariano Taverna","Nice","Oyonnax","Pro D2","Rugby","Stade Ni\u00e7ois"],"articleSection":["Rugby"],"inLanguage":"fr-FR","potentialAction":[{"@type":"CommentAction","name":"Comment","target":["https:\/\/azurementsport.fr\/index.php\/2025\/01\/17\/pro-d2-le-ciel-sobscurcit-encore-et-toujours-pour-le-stade-nicois\/#respond"]}]},{"@type":"WebPage","@id":"https:\/\/azurementsport.fr\/index.php\/2025\/01\/17\/pro-d2-le-ciel-sobscurcit-encore-et-toujours-pour-le-stade-nicois\/","url":"https:\/\/azurementsport.fr\/index.php\/2025\/01\/17\/pro-d2-le-ciel-sobscurcit-encore-et-toujours-pour-le-stade-nicois\/","name":"Pro D2 : D\u00e9fait par Oyonnax, le ciel s'obscurcit encore et toujours pour le Stade Ni\u00e7ois - Azurement Sport","isPartOf":{"@id":"https:\/\/azurementsport.fr\/#website"},"primaryImageOfPage":{"@id":"https:\/\/azurementsport.fr\/index.php\/2025\/01\/17\/pro-d2-le-ciel-sobscurcit-encore-et-toujours-pour-le-stade-nicois\/#primaryimage"},"image":{"@id":"https:\/\/azurementsport.fr\/index.php\/2025\/01\/17\/pro-d2-le-ciel-sobscurcit-encore-et-toujours-pour-le-stade-nicois\/#primaryimage"},"thumbnailUrl":"https:\/\/azurementsport.fr\/wp-content\/uploads\/2025\/01\/nice-oyo-1-scaled.jpg","datePublished":"2025-01-17T20:53:19+00:00","dateModified":"2025-01-18T00:50:45+00:00","breadcrumb":{"@id":"https:\/\/azurementsport.fr\/index.php\/2025\/01\/17\/pro-d2-le-ciel-sobscurcit-encore-et-toujours-pour-le-stade-nicois\/#breadcrumb"},"inLanguage":"fr-FR","potentialAction":[{"@type":"ReadAction","target":["https:\/\/azurementsport.fr\/index.php\/2025\/01\/17\/pro-d2-le-ciel-sobscurcit-encore-et-toujours-pour-le-stade-nicois\/"]}]},{"@type":"ImageObject","inLanguage":"fr-FR","@id":"https:\/\/azurementsport.fr\/index.php\/2025\/01\/17\/pro-d2-le-ciel-sobscurcit-encore-et-toujours-pour-le-stade-nicois\/#primaryimage","url":"https:\/\/azurementsport.fr\/wp-content\/uploads\/2025\/01\/nice-oyo-1-scaled.jpg","contentUrl":"https:\/\/azurementsport.fr\/wp-content\/uploads\/2025\/01\/nice-oyo-1-scaled.jpg","width":2560,"height":1438,"caption":"Nice encha\u00eene une dixi\u00e8me d\u00e9faite cons\u00e9cutive face \u00e0 Oyonnax (15-33) \u00a9 Vicky Warocquier"},{"@type":"BreadcrumbList","@id":"https:\/\/azurementsport.fr\/index.php\/2025\/01\/17\/pro-d2-le-ciel-sobscurcit-encore-et-toujours-pour-le-stade-nicois\/#breadcrumb","itemListElement":[{"@type":"ListItem","position":1,"name":"Accueil","item":"https:\/\/azurementsport.fr\/"},{"@type":"ListItem","position":2,"name":"Pro D2 : D\u00e9fait par Oyonnax, le ciel s&rsquo;obscurcit encore et toujours pour le Stade Ni\u00e7ois"}]},{"@type":"WebSite","@id":"https:\/\/azurementsport.fr\/#website","url":"https:\/\/azurementsport.fr\/","name":"Azurement Sport","description":"Toute l&#039;actualit\u00e9 sportive de la C\u00f4te d&#039;Azur","publisher":{"@id":"https:\/\/azurementsport.fr\/#organization"},"potentialAction":[{"@type":"SearchAction","target":{"@type":"EntryPoint","urlTemplate":"https:\/\/azurementsport.fr\/?s={search_term_string}"},"query-input":{"@type":"PropertyValueSpecification","valueRequired":true,"valueName":"search_term_string"}}],"inLanguage":"fr-FR"},{"@type":"Organization","@id":"https:\/\/azurementsport.fr\/#organization","name":"Azurement Sport","url":"https:\/\/azurementsport.fr\/","logo":{"@type":"ImageObject","inLanguage":"fr-FR","@id":"https:\/\/azurementsport.fr\/#\/schema\/logo\/image\/","url":"https:\/\/azurementsport.fr\/wp-content\/uploads\/2024\/05\/cropped-cropped-AZUREMENT_SPORT__1_-removebg-preview.png","contentUrl":"https:\/\/azurementsport.fr\/wp-content\/uploads\/2024\/05\/cropped-cropped-AZUREMENT_SPORT__1_-removebg-preview.png","width":500,"height":224,"caption":"Azurement Sport"},"image":{"@id":"https:\/\/azurementsport.fr\/#\/schema\/logo\/image\/"}},{"@type":"Person","@id":"https:\/\/azurementsport.fr\/#\/schema\/person\/bde18bf25893b2da2f70aa0e69fa7081","name":"Azurement Sport","image":{"@type":"ImageObject","inLanguage":"fr-FR","@id":"https:\/\/azurementsport.fr\/#\/schema\/person\/image\/","url":"https:\/\/secure.gravatar.com\/avatar\/6ac2f8b3453d709891d9b248de3f290cee35f005edbe13d94d6fb2c1b54e4fbd?s=96&d=mm&r=g","contentUrl":"https:\/\/secure.gravatar.com\/avatar\/6ac2f8b3453d709891d9b248de3f290cee35f005edbe13d94d6fb2c1b54e4fbd?s=96&d=mm&r=g","caption":"Azurement Sport"},"sameAs":["http:\/\/azurementsport.fr"],"url":"https:\/\/azurementsport.fr\/index.php\/author\/admin3210\/"}]}},"jetpack_featured_media_url":"https:\/\/azurementsport.fr\/wp-content\/uploads\/2025\/01\/nice-oyo-1-scaled.jpg","jetpack_sharing_enabled":true,"jetpack-related-posts":[],"_links":{"self":[{"href":"https:\/\/azurementsport.fr\/index.php\/wp-json\/wp\/v2\/posts\/1121","targetHints":{"allow":["GET"]}}],"collection":[{"href":"https:\/\/azurementsport.fr\/index.php\/wp-json\/wp\/v2\/posts"}],"about":[{"href":"https:\/\/azurementsport.fr\/index.php\/wp-json\/wp\/v2\/types\/post"}],"author":[{"embeddable":true,"href":"https:\/\/azurementsport.fr\/index.php\/wp-json\/wp\/v2\/users\/1"}],"replies":[{"embeddable":true,"href":"https:\/\/azurementsport.fr\/index.php\/wp-json\/wp\/v2\/comments?post=1121"}],"version-history":[{"count":11,"href":"https:\/\/azurementsport.fr\/index.php\/wp-json\/wp\/v2\/posts\/1121\/revisions"}],"predecessor-version":[{"id":1140,"href":"https:\/\/azurementsport.fr\/index.php\/wp-json\/wp\/v2\/posts\/1121\/revisions\/1140"}],"wp:featuredmedia":[{"embeddable":true,"href":"https:\/\/azurementsport.fr\/index.php\/wp-json\/wp\/v2\/media\/1123"}],"wp:attachment":[{"href":"https:\/\/azurementsport.fr\/index.php\/wp-json\/wp\/v2\/media?parent=1121"}],"wp:term":[{"taxonomy":"category","embeddable":true,"href":"https:\/\/azurementsport.fr\/index.php\/wp-json\/wp\/v2\/categories?post=1121"},{"taxonomy":"post_tag","embeddable":true,"href":"https:\/\/azurementsport.fr\/index.php\/wp-json\/wp\/v2\/tags?post=1121"}],"curies":[{"name":"wp","href":"https:\/\/api.w.org\/{rel}","templated":true}]}}