{"id":1192,"date":"2025-01-29T15:32:13","date_gmt":"2025-01-29T14:32:13","guid":{"rendered":"https:\/\/azurementsport.fr\/?p=1192"},"modified":"2025-01-29T18:00:44","modified_gmt":"2025-01-29T17:00:44","slug":"quand-le-ballon-ovale-gagne-du-terrain-a-monaco","status":"publish","type":"post","link":"https:\/\/azurementsport.fr\/index.php\/2025\/01\/29\/quand-le-ballon-ovale-gagne-du-terrain-a-monaco\/","title":{"rendered":"Quand le ballon ovale gagne du terrain \u00e0 Monaco"},"content":{"rendered":"\n<p><strong>Samedi 1er f\u00e9vrier, le Monaco Rugby Sevens briguera un second titre de champion de France de rugby \u00e0 7 apr\u00e8s celui obtenu en 2022. Dans une Principaut\u00e9 o\u00f9 football, basket, tennis et Formule 1 captent d&rsquo;ordinaire toutes les attentions, le rugby est en vogue. L&rsquo;occasion de faire l&rsquo;\u00e9tat des lieux d&rsquo;une discipline qui se d\u00e9veloppe \u00e0 vitesse grand V .<\/strong><\/p>\n\n\n\n<p>\u00c0 <strong>Monaco<\/strong>, tout le monde a encore en t\u00eate les exploits d&rsquo;<strong>Antoine Zeghdar<\/strong>, enfant du <strong>Rocher<\/strong>, l&rsquo;\u00e9t\u00e9 dernier lors des <strong>Jeux Olympiques de Paris<\/strong>. Avec sa m\u00e9daille d&rsquo;or acquise avec l&rsquo;<strong>\u00e9quipe de France de rugby \u00e0 7<\/strong>, le rugbymen du <strong>Castres Olympique<\/strong> a rendu fier tout un pays. Il suscite d\u00e9sormais des vocations et pousse les jeunes \u00e0 venir s&rsquo;essayer au ballon ovale dans un pays jusqu&rsquo;alors berc\u00e9 par les exploits de la <strong>Roca Team<\/strong>, de <strong>Charles Leclerc<\/strong> ou des footballeurs de l&rsquo;<strong>AS Monaco<\/strong>.<\/p>\n\n\n\n<p>Quand on creuse un peu le grand livre du rugby en <strong>Principaut\u00e9<\/strong>, quatre institutions (<strong>F\u00e9d\u00e9ration<\/strong>, <strong>Fondation<\/strong>, <strong>AS Monaco Rugby<\/strong> et <strong>MR7<\/strong>) contribuent \u00e0 son d\u00e9veloppement, telle une m\u00eal\u00e9e o\u00f9 gros bras et petits gabarits tentent de cohabiter.<\/p>\n\n\n\n<figure class=\"wp-block-image size-large\"><img loading=\"lazy\" decoding=\"async\" width=\"1024\" height=\"796\" src=\"https:\/\/azurementsport.fr\/wp-content\/uploads\/2025\/01\/475740718_2393428784331497_6435244362051882479_n-1024x796.jpg\" alt=\"\" class=\"wp-image-1193\" srcset=\"https:\/\/azurementsport.fr\/wp-content\/uploads\/2025\/01\/475740718_2393428784331497_6435244362051882479_n-1024x796.jpg 1024w, https:\/\/azurementsport.fr\/wp-content\/uploads\/2025\/01\/475740718_2393428784331497_6435244362051882479_n-300x233.jpg 300w, https:\/\/azurementsport.fr\/wp-content\/uploads\/2025\/01\/475740718_2393428784331497_6435244362051882479_n-768x597.jpg 768w, https:\/\/azurementsport.fr\/wp-content\/uploads\/2025\/01\/475740718_2393428784331497_6435244362051882479_n.jpg 1179w\" sizes=\"auto, (max-width: 1024px) 100vw, 1024px\" \/><figcaption class=\"wp-element-caption\">M\u00e9daille d&rsquo;or olympique en main, Antoine Zeghdar ne manque pas une occasion de partager avec les jeunes joueur de l&rsquo;\u00e9cole de rugby mon\u00e9gasque lorsqu&rsquo;il revient en Principaut\u00e9 \u00a9 Q.B<\/figcaption><\/figure>\n\n\n\n<p>Rencontres, tournois, bonnes performances\u2026 Tout semble aller dans le bon sens m\u00eame si beaucoup de part sont allou\u00e9es au <strong>Monaco Rugby Sevens<\/strong>.<em> \u201cLe MR7 a tout\u201d<\/em>, regrette <strong>Tristan Nardi, <\/strong>rugbyman mon\u00e9gasque.<em> \u201cIls recrutent des stars du monde entier pour un tournoi. Moi, c\u2019est pour repr\u00e9senter Monaco que je me l\u00e8ve tous les matins.\u201d<\/em><\/p>\n\n\n\n<p>Si le <strong>MR7<\/strong> attire toute la lumi\u00e8re gr\u00e2ce \u00e0 ses stars et ses r\u00e9sultats, remontons un peu l&rsquo;histoire. C\u2019est \u00e0 la fin du si\u00e8cle dernier que le rugby na\u00eet \u00e0 <strong>Monaco<\/strong>. La F\u00e9d\u00e9ration est cr\u00e9\u00e9e en <strong>1996<\/strong>. Elle est aujourd\u2019hui emmen\u00e9e par la <strong>princesse Charl\u00e8ne<\/strong> et vice-pr\u00e9sid\u00e9e depuis plus de vingt ans par <strong>Thierry Dantes<\/strong>. Le Landais d\u2019origine a le ballon ovale dans le sang et a voulu importer ses valeurs sur le Rocher : <em>\u201cIl y avait de suite cette volont\u00e9 de repr\u00e9senter Monaco dans les comp\u00e9titions internationales. Nous avons contact\u00e9 Rugby Europe puis World Rugby\u201d<\/em>.&nbsp;<\/p>\n\n\n\n<p><strong>La FMR donne le coup d\u2019envoi<\/strong><\/p>\n\n\n\n<p>Avec une superficie l\u00e9g\u00e8rement sup\u00e9rieure \u00e0 2 km\u00b2, <strong>Monaco<\/strong> est le deuxi\u00e8me plus petit \u00c9tat ind\u00e9pendant au monde derri\u00e8re le <strong>Vatican<\/strong>. <em>\u201cNous \u00e9tions oblig\u00e9s de passer par le rugby \u00e0 7. Il n\u2019y avait pas assez de joueurs pour structurer \u00e0 15. Il fallait se d\u00e9velopper petit \u00e0 petit avec une \u00e9quipe puis une \u00e9cole\u201d<\/em>, avoue Thierry Dantes.<\/p>\n\n\n\n<p>La F\u00e9d\u00e9ration vient promouvoir le rugby dans les \u00e9tablissements scolaires et invite les jeunes \u00e0 tester. <em>\u201cNous accueillons les enfants \u00e0 partir de trois ans et demi jusqu\u2019\u00e0 quatorze ans\u201d<\/em>, d\u00e9clare <strong>Aur\u00e9lien Lazzaro<\/strong>, directeur de l\u2019\u00e9cole de rugby depuis septembre 2022. <em>\u201cAujourd\u2019hui, nous comptons environ <strong>120 licenci\u00e9s <\/strong>et plus de 80% sont \u00e9ligibles pour repr\u00e9senter le pays\u201d<\/em>. Des rencontres sont organis\u00e9es sur la C\u00f4te d\u2019Azur et plus g\u00e9n\u00e9ralement dans la r\u00e9gion. <em>\u201cL\u2019id\u00e9e est de d\u00e9couvrir d\u2019autres cultures et de se confronter aux autres institutions de ce sport. En fin d\u2019ann\u00e9e, nous participons \u00e0 un tournoi \u00e0 Montpellier puis il y en aura un autre \u00e0 domicile face \u00e0 Pau, Toulon, Narbonne et d\u2019autres clubs locaux\u201d<\/em>, ajoute Aur\u00e9lien Lazzaro.<\/p>\n\n\n\n<blockquote class=\"twitter-tweet\"><p lang=\"fr\" dir=\"ltr\">\ud83c\udfc9 Aujourd\u2019hui se d\u00e9roule le Tournoi de rugby Sainte D\u00e9vote organis\u00e9 par la F\u00e9d\u00e9ration Mon\u00e9gasque de Rugby et la Fondation Princesse Charl\u00e8ne de Monaco. <br><br>Un \u00e9v\u00e8nement qui s\u2019est tenu en la pr\u00e9sence de <a href=\"https:\/\/t.co\/I2LD31pwFy\">https:\/\/t.co\/I2LD31pwFy<\/a>. le Prince Albert II et la Princesse Charl\u00e8ne. <a href=\"https:\/\/t.co\/1BUWbjLF4a\">pic.twitter.com\/1BUWbjLF4a<\/a><\/p>&mdash; Monaco Info (@monaco__info) <a href=\"https:\/\/twitter.com\/monaco__info\/status\/1781644683803841023?ref_src=twsrc%5Etfw\">April 20, 2024<\/a><\/blockquote> <script async src=\"https:\/\/platform.twitter.com\/widgets.js\" charset=\"utf-8\"><\/script>\n\n\n\n<p><strong>\u201cNe pas griller les \u00e9tapes\u201d<\/strong><\/p>\n\n\n\n<p>\u00c0 ces rencontres s\u2019ajoute le fameux <strong>Tournoi Sainte D\u00e9vote<\/strong>. Cr\u00e9\u00e9e en 2009, cette comp\u00e9tition ouverte aux <strong>moins de 12 ans<\/strong> permet aux joueurs de rivaliser avec des clubs du monde entier. En partenariat avec la <strong>Fondation Princesse Charl\u00e8ne de Monaco<\/strong> (Michael Wittstock, p\u00e8re de la princesse Charl\u00e8ne, est un ancien rugbyman sud-africain, ndlr), ce tournoi a \u00e9volu\u00e9 pour aujourd\u2019hui accueillir des N\u00e9o-Z\u00e9landais, Argentins ou encore Sud-Africains. En parall\u00e8le de cet \u00e9v\u00e9nement ont lieu le <em><strong>Rugby pour tous <\/strong><\/em>(parcours adapt\u00e9 aux personnes porteuses de handicap) et le <strong><em>Rugby Tots<\/em><\/strong> (initiations pour les tr\u00e8s jeunes enfants).<\/p>\n\n\n\n<blockquote class=\"instagram-media\" data-instgrm-captioned data-instgrm-permalink=\"https:\/\/www.instagram.com\/reel\/DFKovq6MnNW\/?utm_source=ig_embed&amp;utm_campaign=loading\" data-instgrm-version=\"14\" style=\" background:#FFF; border:0; border-radius:3px; box-shadow:0 0 1px 0 rgba(0,0,0,0.5),0 1px 10px 0 rgba(0,0,0,0.15); margin: 1px; max-width:540px; min-width:326px; padding:0; width:99.375%; width:-webkit-calc(100% - 2px); width:calc(100% - 2px);\"><div style=\"padding:16px;\"> <a href=\"https:\/\/www.instagram.com\/reel\/DFKovq6MnNW\/?utm_source=ig_embed&amp;utm_campaign=loading\" style=\" background:#FFFFFF; line-height:0; padding:0 0; text-align:center; text-decoration:none; width:100%;\" target=\"_blank\"> <div style=\" display: flex; flex-direction: row; align-items: center;\"> <div style=\"background-color: #F4F4F4; border-radius: 50%; flex-grow: 0; height: 40px; margin-right: 14px; width: 40px;\"><\/div> <div style=\"display: flex; flex-direction: column; flex-grow: 1; justify-content: center;\"> <div style=\" background-color: #F4F4F4; border-radius: 4px; flex-grow: 0; height: 14px; margin-bottom: 6px; width: 100px;\"><\/div> <div style=\" background-color: #F4F4F4; border-radius: 4px; flex-grow: 0; height: 14px; width: 60px;\"><\/div><\/div><\/div><div style=\"padding: 19% 0;\"><\/div> <div style=\"display:block; height:50px; margin:0 auto 12px; width:50px;\"><svg width=\"50px\" height=\"50px\" viewBox=\"0 0 60 60\" version=\"1.1\" xmlns=\"https:\/\/www.w3.org\/2000\/svg\" xmlns:xlink=\"https:\/\/www.w3.org\/1999\/xlink\"><g stroke=\"none\" stroke-width=\"1\" fill=\"none\" fill-rule=\"evenodd\"><g transform=\"translate(-511.000000, -20.000000)\" fill=\"#000000\"><g><path d=\"M556.869,30.41 C554.814,30.41 553.148,32.076 553.148,34.131 C553.148,36.186 554.814,37.852 556.869,37.852 C558.924,37.852 560.59,36.186 560.59,34.131 C560.59,32.076 558.924,30.41 556.869,30.41 M541,60.657 C535.114,60.657 530.342,55.887 530.342,50 C530.342,44.114 535.114,39.342 541,39.342 C546.887,39.342 551.658,44.114 551.658,50 C551.658,55.887 546.887,60.657 541,60.657 M541,33.886 C532.1,33.886 524.886,41.1 524.886,50 C524.886,58.899 532.1,66.113 541,66.113 C549.9,66.113 557.115,58.899 557.115,50 C557.115,41.1 549.9,33.886 541,33.886 M565.378,62.101 C565.244,65.022 564.756,66.606 564.346,67.663 C563.803,69.06 563.154,70.057 562.106,71.106 C561.058,72.155 560.06,72.803 558.662,73.347 C557.607,73.757 556.021,74.244 553.102,74.378 C549.944,74.521 548.997,74.552 541,74.552 C533.003,74.552 532.056,74.521 528.898,74.378 C525.979,74.244 524.393,73.757 523.338,73.347 C521.94,72.803 520.942,72.155 519.894,71.106 C518.846,70.057 518.197,69.06 517.654,67.663 C517.244,66.606 516.755,65.022 516.623,62.101 C516.479,58.943 516.448,57.996 516.448,50 C516.448,42.003 516.479,41.056 516.623,37.899 C516.755,34.978 517.244,33.391 517.654,32.338 C518.197,30.938 518.846,29.942 519.894,28.894 C520.942,27.846 521.94,27.196 523.338,26.654 C524.393,26.244 525.979,25.756 528.898,25.623 C532.057,25.479 533.004,25.448 541,25.448 C548.997,25.448 549.943,25.479 553.102,25.623 C556.021,25.756 557.607,26.244 558.662,26.654 C560.06,27.196 561.058,27.846 562.106,28.894 C563.154,29.942 563.803,30.938 564.346,32.338 C564.756,33.391 565.244,34.978 565.378,37.899 C565.522,41.056 565.552,42.003 565.552,50 C565.552,57.996 565.522,58.943 565.378,62.101 M570.82,37.631 C570.674,34.438 570.167,32.258 569.425,30.349 C568.659,28.377 567.633,26.702 565.965,25.035 C564.297,23.368 562.623,22.342 560.652,21.575 C558.743,20.834 556.562,20.326 553.369,20.18 C550.169,20.033 549.148,20 541,20 C532.853,20 531.831,20.033 528.631,20.18 C525.438,20.326 523.257,20.834 521.349,21.575 C519.376,22.342 517.703,23.368 516.035,25.035 C514.368,26.702 513.342,28.377 512.574,30.349 C511.834,32.258 511.326,34.438 511.181,37.631 C511.035,40.831 511,41.851 511,50 C511,58.147 511.035,59.17 511.181,62.369 C511.326,65.562 511.834,67.743 512.574,69.651 C513.342,71.625 514.368,73.296 516.035,74.965 C517.703,76.634 519.376,77.658 521.349,78.425 C523.257,79.167 525.438,79.673 528.631,79.82 C531.831,79.965 532.853,80.001 541,80.001 C549.148,80.001 550.169,79.965 553.369,79.82 C556.562,79.673 558.743,79.167 560.652,78.425 C562.623,77.658 564.297,76.634 565.965,74.965 C567.633,73.296 568.659,71.625 569.425,69.651 C570.167,67.743 570.674,65.562 570.82,62.369 C570.966,59.17 571,58.147 571,50 C571,41.851 570.966,40.831 570.82,37.631\"><\/path><\/g><\/g><\/g><\/svg><\/div><div style=\"padding-top: 8px;\"> <div style=\" color:#3897f0; font-family:Arial,sans-serif; font-size:14px; font-style:normal; font-weight:550; line-height:18px;\">Voir cette publication sur Instagram<\/div><\/div><div style=\"padding: 12.5% 0;\"><\/div> <div style=\"display: flex; flex-direction: row; margin-bottom: 14px; align-items: center;\"><div> <div style=\"background-color: #F4F4F4; border-radius: 50%; height: 12.5px; width: 12.5px; transform: translateX(0px) translateY(7px);\"><\/div> <div style=\"background-color: #F4F4F4; height: 12.5px; transform: rotate(-45deg) translateX(3px) translateY(1px); width: 12.5px; flex-grow: 0; margin-right: 14px; margin-left: 2px;\"><\/div> <div style=\"background-color: #F4F4F4; border-radius: 50%; height: 12.5px; width: 12.5px; transform: translateX(9px) translateY(-18px);\"><\/div><\/div><div style=\"margin-left: 8px;\"> <div style=\" background-color: #F4F4F4; border-radius: 50%; flex-grow: 0; height: 20px; width: 20px;\"><\/div> <div style=\" width: 0; height: 0; border-top: 2px solid transparent; border-left: 6px solid #f4f4f4; border-bottom: 2px solid transparent; transform: translateX(16px) translateY(-4px) rotate(30deg)\"><\/div><\/div><div style=\"margin-left: auto;\"> <div style=\" width: 0px; border-top: 8px solid #F4F4F4; border-right: 8px solid transparent; transform: translateY(16px);\"><\/div> <div style=\" background-color: #F4F4F4; flex-grow: 0; height: 12px; width: 16px; transform: translateY(-4px);\"><\/div> <div style=\" width: 0; height: 0; border-top: 8px solid #F4F4F4; border-left: 8px solid transparent; transform: translateY(-4px) translateX(8px);\"><\/div><\/div><\/div> <div style=\"display: flex; flex-direction: column; flex-grow: 1; justify-content: center; margin-bottom: 24px;\"> <div style=\" background-color: #F4F4F4; border-radius: 4px; flex-grow: 0; height: 14px; margin-bottom: 6px; width: 224px;\"><\/div> <div style=\" background-color: #F4F4F4; border-radius: 4px; flex-grow: 0; height: 14px; width: 144px;\"><\/div><\/div><\/a><p style=\" color:#c9c8cd; font-family:Arial,sans-serif; font-size:14px; line-height:17px; margin-bottom:0; margin-top:8px; overflow:hidden; padding:8px 0 7px; text-align:center; text-overflow:ellipsis; white-space:nowrap;\"><a href=\"https:\/\/www.instagram.com\/reel\/DFKovq6MnNW\/?utm_source=ig_embed&amp;utm_campaign=loading\" style=\" color:#c9c8cd; font-family:Arial,sans-serif; font-size:14px; font-style:normal; font-weight:normal; line-height:17px; text-decoration:none;\" target=\"_blank\">Une publication partag\u00e9e par A.S. Monaco Rugby (@asmonaco_rugby)<\/a><\/p><\/div><\/blockquote>\n<script async src=\"\/\/www.instagram.com\/embed.js\"><\/script>\n\n\n\n<p>Depuis quelques ann\u00e9es, la <strong>F\u00e9d\u00e9ration Mon\u00e9gasque de Rugby<\/strong> est beaucoup plus focalis\u00e9e sur le rugby \u00e0 15. L\u2019<strong>AS Monaco<\/strong>, emmen\u00e9e par <strong>David Bolgashvili, <\/strong>est actuellement troisi\u00e8me de F\u00e9d\u00e9rale 2, cinqui\u00e8me \u00e9chelon du rugby fran\u00e7ais. L\u2019ancien entra\u00eeneur du<strong> Stade Ni\u00e7ois <\/strong>effectue sa deuxi\u00e8me saison au sein du club. Il esp\u00e8re monter en niveau mais sans mettre la charrue avant les b\u0153ufs : <em>\u201cC\u2019est un travail \u00e0 long terme. L\u2019objectif est de <strong>monter en F\u00e9d\u00e9rale 1<\/strong> mais surtout d\u2019y rester. Il y a un gap \u00e9norme entre les deux en termes de niveau, de r\u00e8glement et d\u2019\u00e9quipes*\u00b2. \u00c0 nous d\u2019\u00eatre pr\u00eats \u00e0 monter et de ne pas griller les \u00e9tapes.\u201d<\/em><\/p>\n\n\n\n<p><strong>\u00c0 la qu\u00eate du troph\u00e9e<\/strong><\/p>\n\n\n\n<p>Ce samedi 1er f\u00e9vrier, les projecteurs seront riv\u00e9s vers la finale de l\u2019<strong>In Extenso Super Sevens<\/strong> \u00e0 la <strong>Paris La D\u00e9fense Arena<\/strong>. Le <strong>Monaco Rugby Sevens<\/strong> est \u00e0 la qu\u00eate de son <strong>deuxi\u00e8me titre apr\u00e8s celui en 2022<\/strong>. <a href=\"https:\/\/azurementsport.fr\/index.php\/2024\/09\/01\/in-extenso-supersevens-2024-2025-monaco-sort-la-tete-de-leau-en-remportant-sa-premiere-etape\/\">Vainqueure de la derni\u00e8re \u00e9tape \u00e0 <strong>Pau le 31 ao\u00fbt dernier<\/strong><\/a>, l\u2019\u00e9quipe coach\u00e9e par <strong>James Kent<\/strong> et <strong>Fabien Camin<\/strong> fait partie des favorites pour la victoire finale. <\/p>\n\n\n\n<blockquote class=\"twitter-tweet\"><p lang=\"fr\" dir=\"ltr\">Tic tac\u2026 Rendez-vous dans 7 jours \ud83c\udfc6\ud83d\udd25<a href=\"https:\/\/t.co\/nwnYorZcCr\">https:\/\/t.co\/nwnYorZcCr<\/a> <a href=\"https:\/\/t.co\/MoEU7wabUI\">pic.twitter.com\/MoEU7wabUI<\/a><\/p>&mdash; Monaco Rugby 7s (@MonacoRugby7s) <a href=\"https:\/\/twitter.com\/MonacoRugby7s\/status\/1883228345678049360?ref_src=twsrc%5Etfw\">January 25, 2025<\/a><\/blockquote> <script async src=\"https:\/\/platform.twitter.com\/widgets.js\" charset=\"utf-8\"><\/script>\n\n\n\n<p>Le 17 janvier, le pr\u00e9sident ex\u00e9cutif du club <strong>Emmanuel Falco<\/strong> annonce l\u2019arriv\u00e9e d\u2019un nouveau manager g\u00e9n\u00e9ral <strong>Yannick Nyanga<\/strong> (champion d\u2019Europe avec Toulouse en 2010 et champion de France avec le Racing en 2016. Il compte 45 s\u00e9lections avec le XV de France, ndlr) : <em>\u201cSes qualit\u00e9s humaines, son exp\u00e9rience et son approche du management seront des atouts pour notre \u00e9quipe.\u201d<\/em><\/p>\n\n\n\n<p class=\"has-text-align-right\"><strong>Bastien Rague<\/strong><\/p>\n\n\n\n<div class=\"wp-block-group is-vertical is-layout-flex wp-container-core-group-is-layout-8cf370e7 wp-block-group-is-layout-flex\">\n<p class=\"has-text-align-center has-white-color has-vivid-red-background-color has-text-color has-background has-link-color wp-elements-25a7565f949e06c79e23d49fb65b5805\"><strong>Le Monaco Rugby Sevens a annonc\u00e9 son groupe pour la finale de l&rsquo;InExtenso Supersevens<\/strong><\/p>\n\n\n\n<div class=\"wp-block-group is-vertical is-layout-flex wp-container-core-group-is-layout-8cf370e7 wp-block-group-is-layout-flex\">\n<p class=\"has-text-align-left has-white-color has-vivid-red-background-color has-text-color has-background has-link-color wp-elements-cd6570ab1ea140052500358e8d6ce280\"><strong>Habitu\u00e9 aux renforts de joueurs internationaux, le Monaco Rugby Sevens a une nouvelle fois r\u00e9serv\u00e9 quelques surprises \u00e0 ses fans en annon\u00e7ant hier le groupe qui participera \u00e0 la finale de l&rsquo;InExtenso Supersevens, ce samedi \u00e0 la Paris La D\u00e9fense Arena. Semesa Saukuru (Fidji), Thomas Isherwood (Canada), Simon Kennewell (Australie), Elias Hancock (Canada) et Leka Matawalu (Fidji) sont les cinq recrues pour ce tournoi couronnant le champion de France de rugby \u00e0 7. Des hommes biberonn\u00e9s au coeur du circuit mondial et sp\u00e9cialistes du sevens. Parmi les autres membres du regroupe se trouve les \u00e9ternels Ibai Leconte, Johan Demai-Hamecher (capitaine), Rosco Syster, Rosko Specman, Indiha Sao Tui Huta ou Lancelot Luteau. L&rsquo;\u00e9quipe est toujours coach\u00e9e par James Kent et Fabien Camin.<\/strong><\/p>\n<\/div>\n<\/div>\n\n\n\n<blockquote class=\"instagram-media\" data-instgrm-captioned data-instgrm-permalink=\"https:\/\/www.instagram.com\/reel\/DFXdY2_sDN6\/?utm_source=ig_embed&amp;utm_campaign=loading\" data-instgrm-version=\"14\" style=\" background:#FFF; border:0; border-radius:3px; box-shadow:0 0 1px 0 rgba(0,0,0,0.5),0 1px 10px 0 rgba(0,0,0,0.15); margin: 1px; max-width:540px; min-width:326px; padding:0; width:99.375%; width:-webkit-calc(100% - 2px); width:calc(100% - 2px);\"><div style=\"padding:16px;\"> <a href=\"https:\/\/www.instagram.com\/reel\/DFXdY2_sDN6\/?utm_source=ig_embed&amp;utm_campaign=loading\" style=\" background:#FFFFFF; line-height:0; padding:0 0; text-align:center; text-decoration:none; width:100%;\" target=\"_blank\"> <div style=\" display: flex; flex-direction: row; align-items: center;\"> <div style=\"background-color: #F4F4F4; border-radius: 50%; flex-grow: 0; height: 40px; margin-right: 14px; width: 40px;\"><\/div> <div style=\"display: flex; flex-direction: column; flex-grow: 1; justify-content: center;\"> <div style=\" background-color: #F4F4F4; border-radius: 4px; flex-grow: 0; height: 14px; margin-bottom: 6px; width: 100px;\"><\/div> <div style=\" background-color: #F4F4F4; border-radius: 4px; flex-grow: 0; height: 14px; width: 60px;\"><\/div><\/div><\/div><div style=\"padding: 19% 0;\"><\/div> <div style=\"display:block; height:50px; margin:0 auto 12px; width:50px;\"><svg width=\"50px\" height=\"50px\" viewBox=\"0 0 60 60\" version=\"1.1\" xmlns=\"https:\/\/www.w3.org\/2000\/svg\" xmlns:xlink=\"https:\/\/www.w3.org\/1999\/xlink\"><g stroke=\"none\" stroke-width=\"1\" fill=\"none\" fill-rule=\"evenodd\"><g transform=\"translate(-511.000000, -20.000000)\" fill=\"#000000\"><g><path d=\"M556.869,30.41 C554.814,30.41 553.148,32.076 553.148,34.131 C553.148,36.186 554.814,37.852 556.869,37.852 C558.924,37.852 560.59,36.186 560.59,34.131 C560.59,32.076 558.924,30.41 556.869,30.41 M541,60.657 C535.114,60.657 530.342,55.887 530.342,50 C530.342,44.114 535.114,39.342 541,39.342 C546.887,39.342 551.658,44.114 551.658,50 C551.658,55.887 546.887,60.657 541,60.657 M541,33.886 C532.1,33.886 524.886,41.1 524.886,50 C524.886,58.899 532.1,66.113 541,66.113 C549.9,66.113 557.115,58.899 557.115,50 C557.115,41.1 549.9,33.886 541,33.886 M565.378,62.101 C565.244,65.022 564.756,66.606 564.346,67.663 C563.803,69.06 563.154,70.057 562.106,71.106 C561.058,72.155 560.06,72.803 558.662,73.347 C557.607,73.757 556.021,74.244 553.102,74.378 C549.944,74.521 548.997,74.552 541,74.552 C533.003,74.552 532.056,74.521 528.898,74.378 C525.979,74.244 524.393,73.757 523.338,73.347 C521.94,72.803 520.942,72.155 519.894,71.106 C518.846,70.057 518.197,69.06 517.654,67.663 C517.244,66.606 516.755,65.022 516.623,62.101 C516.479,58.943 516.448,57.996 516.448,50 C516.448,42.003 516.479,41.056 516.623,37.899 C516.755,34.978 517.244,33.391 517.654,32.338 C518.197,30.938 518.846,29.942 519.894,28.894 C520.942,27.846 521.94,27.196 523.338,26.654 C524.393,26.244 525.979,25.756 528.898,25.623 C532.057,25.479 533.004,25.448 541,25.448 C548.997,25.448 549.943,25.479 553.102,25.623 C556.021,25.756 557.607,26.244 558.662,26.654 C560.06,27.196 561.058,27.846 562.106,28.894 C563.154,29.942 563.803,30.938 564.346,32.338 C564.756,33.391 565.244,34.978 565.378,37.899 C565.522,41.056 565.552,42.003 565.552,50 C565.552,57.996 565.522,58.943 565.378,62.101 M570.82,37.631 C570.674,34.438 570.167,32.258 569.425,30.349 C568.659,28.377 567.633,26.702 565.965,25.035 C564.297,23.368 562.623,22.342 560.652,21.575 C558.743,20.834 556.562,20.326 553.369,20.18 C550.169,20.033 549.148,20 541,20 C532.853,20 531.831,20.033 528.631,20.18 C525.438,20.326 523.257,20.834 521.349,21.575 C519.376,22.342 517.703,23.368 516.035,25.035 C514.368,26.702 513.342,28.377 512.574,30.349 C511.834,32.258 511.326,34.438 511.181,37.631 C511.035,40.831 511,41.851 511,50 C511,58.147 511.035,59.17 511.181,62.369 C511.326,65.562 511.834,67.743 512.574,69.651 C513.342,71.625 514.368,73.296 516.035,74.965 C517.703,76.634 519.376,77.658 521.349,78.425 C523.257,79.167 525.438,79.673 528.631,79.82 C531.831,79.965 532.853,80.001 541,80.001 C549.148,80.001 550.169,79.965 553.369,79.82 C556.562,79.673 558.743,79.167 560.652,78.425 C562.623,77.658 564.297,76.634 565.965,74.965 C567.633,73.296 568.659,71.625 569.425,69.651 C570.167,67.743 570.674,65.562 570.82,62.369 C570.966,59.17 571,58.147 571,50 C571,41.851 570.966,40.831 570.82,37.631\"><\/path><\/g><\/g><\/g><\/svg><\/div><div style=\"padding-top: 8px;\"> <div style=\" color:#3897f0; font-family:Arial,sans-serif; font-size:14px; font-style:normal; font-weight:550; line-height:18px;\">Voir cette publication sur Instagram<\/div><\/div><div style=\"padding: 12.5% 0;\"><\/div> <div style=\"display: flex; flex-direction: row; margin-bottom: 14px; align-items: center;\"><div> <div style=\"background-color: #F4F4F4; border-radius: 50%; height: 12.5px; width: 12.5px; transform: translateX(0px) translateY(7px);\"><\/div> <div style=\"background-color: #F4F4F4; height: 12.5px; transform: rotate(-45deg) translateX(3px) translateY(1px); width: 12.5px; flex-grow: 0; margin-right: 14px; margin-left: 2px;\"><\/div> <div style=\"background-color: #F4F4F4; border-radius: 50%; height: 12.5px; width: 12.5px; transform: translateX(9px) translateY(-18px);\"><\/div><\/div><div style=\"margin-left: 8px;\"> <div style=\" background-color: #F4F4F4; border-radius: 50%; flex-grow: 0; height: 20px; width: 20px;\"><\/div> <div style=\" width: 0; height: 0; border-top: 2px solid transparent; border-left: 6px solid #f4f4f4; border-bottom: 2px solid transparent; transform: translateX(16px) translateY(-4px) rotate(30deg)\"><\/div><\/div><div style=\"margin-left: auto;\"> <div style=\" width: 0px; border-top: 8px solid #F4F4F4; border-right: 8px solid transparent; transform: translateY(16px);\"><\/div> <div style=\" background-color: #F4F4F4; flex-grow: 0; height: 12px; width: 16px; transform: translateY(-4px);\"><\/div> <div style=\" width: 0; height: 0; border-top: 8px solid #F4F4F4; border-left: 8px solid transparent; transform: translateY(-4px) translateX(8px);\"><\/div><\/div><\/div> <div style=\"display: flex; flex-direction: column; flex-grow: 1; justify-content: center; margin-bottom: 24px;\"> <div style=\" background-color: #F4F4F4; border-radius: 4px; flex-grow: 0; height: 14px; margin-bottom: 6px; width: 224px;\"><\/div> <div style=\" background-color: #F4F4F4; border-radius: 4px; flex-grow: 0; height: 14px; width: 144px;\"><\/div><\/div><\/a><p style=\" color:#c9c8cd; font-family:Arial,sans-serif; font-size:14px; line-height:17px; margin-bottom:0; margin-top:8px; overflow:hidden; padding:8px 0 7px; text-align:center; text-overflow:ellipsis; white-space:nowrap;\"><a href=\"https:\/\/www.instagram.com\/reel\/DFXdY2_sDN6\/?utm_source=ig_embed&amp;utm_campaign=loading\" style=\" color:#c9c8cd; font-family:Arial,sans-serif; font-size:14px; font-style:normal; font-weight:normal; line-height:17px; text-decoration:none;\" target=\"_blank\">Une publication partag\u00e9e par MONACO RUGBY 7S (@monacorugby7s)<\/a><\/p><\/div><\/blockquote>\n<script async src=\"\/\/www.instagram.com\/embed.js\"><\/script>\n","protected":false},"excerpt":{"rendered":"<p>Samedi 1er f\u00e9vrier, le Monaco Rugby Sevens briguera un second titre de champion de France de rugby \u00e0 7 apr\u00e8s&hellip;<\/p>\n","protected":false},"author":1,"featured_media":1195,"comment_status":"open","ping_status":"open","sticky":false,"template":"","format":"standard","meta":{"_jetpack_memberships_contains_paid_content":false,"footnotes":""},"categories":[11],"tags":[641,640,646,648,650,643,642,359,649,45,363,379,639,12,645,647,644],"class_list":["post-1192","post","type-post","status-publish","format-standard","has-post-thumbnail","hentry","category-rugby","tag-antoine-zeghdar","tag-as-monaco-rugby","tag-aurelien-lazzaro","tag-david-bolgashvili","tag-fabien-camin","tag-federation-monegasque-de-rugby","tag-fondation-princesse-charlene","tag-inextenso-supersevens","tag-james-kent","tag-monaco","tag-monaco-rugby-sevens","tag-mr7","tag-mr7-2","tag-rugby","tag-thierry-dantes","tag-tournoi-sainte-devote","tag-tristan-nardi"],"yoast_head":"<!-- This site is optimized with the Yoast SEO plugin v24.5 - https:\/\/yoast.com\/wordpress\/plugins\/seo\/ -->\n<title>Quand le ballon ovale gagne du terrain \u00e0 Monaco - Azurement Sport<\/title>\n<meta name=\"robots\" content=\"index, follow, max-snippet:-1, max-image-preview:large, max-video-preview:-1\" \/>\n<link rel=\"canonical\" href=\"https:\/\/azurementsport.fr\/index.php\/2025\/01\/29\/quand-le-ballon-ovale-gagne-du-terrain-a-monaco\/\" \/>\n<meta property=\"og:locale\" content=\"fr_FR\" \/>\n<meta property=\"og:type\" content=\"article\" \/>\n<meta property=\"og:title\" content=\"Quand le ballon ovale gagne du terrain \u00e0 Monaco - Azurement Sport\" \/>\n<meta property=\"og:description\" content=\"Samedi 1er f\u00e9vrier, le Monaco Rugby Sevens briguera un second titre de champion de France de rugby \u00e0 7 apr\u00e8s&hellip;\" \/>\n<meta property=\"og:url\" content=\"https:\/\/azurementsport.fr\/index.php\/2025\/01\/29\/quand-le-ballon-ovale-gagne-du-terrain-a-monaco\/\" \/>\n<meta property=\"og:site_name\" content=\"Azurement Sport\" \/>\n<meta property=\"article:published_time\" content=\"2025-01-29T14:32:13+00:00\" \/>\n<meta property=\"article:modified_time\" content=\"2025-01-29T17:00:44+00:00\" \/>\n<meta property=\"og:image\" content=\"https:\/\/azurementsport.fr\/wp-content\/uploads\/2025\/01\/474464561_1683394689281288_6409124255313030336_n.jpg\" \/>\n\t<meta property=\"og:image:width\" content=\"1179\" \/>\n\t<meta property=\"og:image:height\" content=\"811\" \/>\n\t<meta property=\"og:image:type\" content=\"image\/jpeg\" \/>\n<meta name=\"author\" content=\"Azurement Sport\" \/>\n<meta name=\"twitter:card\" content=\"summary_large_image\" \/>\n<meta name=\"twitter:label1\" content=\"\u00c9crit par\" \/>\n\t<meta name=\"twitter:data1\" content=\"Azurement Sport\" \/>\n\t<meta name=\"twitter:label2\" content=\"Dur\u00e9e de lecture estim\u00e9e\" \/>\n\t<meta name=\"twitter:data2\" content=\"6 minutes\" \/>\n<script type=\"application\/ld+json\" class=\"yoast-schema-graph\">{\"@context\":\"https:\/\/schema.org\",\"@graph\":[{\"@type\":\"Article\",\"@id\":\"https:\/\/azurementsport.fr\/index.php\/2025\/01\/29\/quand-le-ballon-ovale-gagne-du-terrain-a-monaco\/#article\",\"isPartOf\":{\"@id\":\"https:\/\/azurementsport.fr\/index.php\/2025\/01\/29\/quand-le-ballon-ovale-gagne-du-terrain-a-monaco\/\"},\"author\":{\"name\":\"Azurement Sport\",\"@id\":\"https:\/\/azurementsport.fr\/#\/schema\/person\/bde18bf25893b2da2f70aa0e69fa7081\"},\"headline\":\"Quand le ballon ovale gagne du terrain \u00e0 Monaco\",\"datePublished\":\"2025-01-29T14:32:13+00:00\",\"dateModified\":\"2025-01-29T17:00:44+00:00\",\"mainEntityOfPage\":{\"@id\":\"https:\/\/azurementsport.fr\/index.php\/2025\/01\/29\/quand-le-ballon-ovale-gagne-du-terrain-a-monaco\/\"},\"wordCount\":1242,\"commentCount\":0,\"publisher\":{\"@id\":\"https:\/\/azurementsport.fr\/#organization\"},\"image\":{\"@id\":\"https:\/\/azurementsport.fr\/index.php\/2025\/01\/29\/quand-le-ballon-ovale-gagne-du-terrain-a-monaco\/#primaryimage\"},\"thumbnailUrl\":\"https:\/\/azurementsport.fr\/wp-content\/uploads\/2025\/01\/474464561_1683394689281288_6409124255313030336_n.jpg\",\"keywords\":[\"Antoine Zeghdar\",\"AS Monaco Rugby\",\"Aur\u00e9lien Lazzaro\",\"David Bolgashvili\",\"Fabien Camin\",\"F\u00e9d\u00e9ration Mon\u00e9gasque de Rugby\",\"Fondation Princesse Charl\u00e8ne\",\"InExtenso Supersevens\",\"James Kent\",\"Monaco\",\"Monaco Rugby Sevens\",\"MR7\",\"MR7*\",\"Rugby\",\"Thierry Dantes\",\"Tournoi Sainte D\u00e9vote\",\"Tristan Nardi\"],\"articleSection\":[\"Rugby\"],\"inLanguage\":\"fr-FR\",\"potentialAction\":[{\"@type\":\"CommentAction\",\"name\":\"Comment\",\"target\":[\"https:\/\/azurementsport.fr\/index.php\/2025\/01\/29\/quand-le-ballon-ovale-gagne-du-terrain-a-monaco\/#respond\"]}]},{\"@type\":\"WebPage\",\"@id\":\"https:\/\/azurementsport.fr\/index.php\/2025\/01\/29\/quand-le-ballon-ovale-gagne-du-terrain-a-monaco\/\",\"url\":\"https:\/\/azurementsport.fr\/index.php\/2025\/01\/29\/quand-le-ballon-ovale-gagne-du-terrain-a-monaco\/\",\"name\":\"Quand le ballon ovale gagne du terrain \u00e0 Monaco - Azurement Sport\",\"isPartOf\":{\"@id\":\"https:\/\/azurementsport.fr\/#website\"},\"primaryImageOfPage\":{\"@id\":\"https:\/\/azurementsport.fr\/index.php\/2025\/01\/29\/quand-le-ballon-ovale-gagne-du-terrain-a-monaco\/#primaryimage\"},\"image\":{\"@id\":\"https:\/\/azurementsport.fr\/index.php\/2025\/01\/29\/quand-le-ballon-ovale-gagne-du-terrain-a-monaco\/#primaryimage\"},\"thumbnailUrl\":\"https:\/\/azurementsport.fr\/wp-content\/uploads\/2025\/01\/474464561_1683394689281288_6409124255313030336_n.jpg\",\"datePublished\":\"2025-01-29T14:32:13+00:00\",\"dateModified\":\"2025-01-29T17:00:44+00:00\",\"breadcrumb\":{\"@id\":\"https:\/\/azurementsport.fr\/index.php\/2025\/01\/29\/quand-le-ballon-ovale-gagne-du-terrain-a-monaco\/#breadcrumb\"},\"inLanguage\":\"fr-FR\",\"potentialAction\":[{\"@type\":\"ReadAction\",\"target\":[\"https:\/\/azurementsport.fr\/index.php\/2025\/01\/29\/quand-le-ballon-ovale-gagne-du-terrain-a-monaco\/\"]}]},{\"@type\":\"ImageObject\",\"inLanguage\":\"fr-FR\",\"@id\":\"https:\/\/azurementsport.fr\/index.php\/2025\/01\/29\/quand-le-ballon-ovale-gagne-du-terrain-a-monaco\/#primaryimage\",\"url\":\"https:\/\/azurementsport.fr\/wp-content\/uploads\/2025\/01\/474464561_1683394689281288_6409124255313030336_n.jpg\",\"contentUrl\":\"https:\/\/azurementsport.fr\/wp-content\/uploads\/2025\/01\/474464561_1683394689281288_6409124255313030336_n.jpg\",\"width\":1179,\"height\":811,\"caption\":\"Au stade du Devens \u00e0 Monaco, le rugby s\u2019enseigne d\u00e8s le plus jeune \u00e2ge \u00e0 Monaco \u00a9 QB\"},{\"@type\":\"BreadcrumbList\",\"@id\":\"https:\/\/azurementsport.fr\/index.php\/2025\/01\/29\/quand-le-ballon-ovale-gagne-du-terrain-a-monaco\/#breadcrumb\",\"itemListElement\":[{\"@type\":\"ListItem\",\"position\":1,\"name\":\"Accueil\",\"item\":\"https:\/\/azurementsport.fr\/\"},{\"@type\":\"ListItem\",\"position\":2,\"name\":\"Quand le ballon ovale gagne du terrain \u00e0 Monaco\"}]},{\"@type\":\"WebSite\",\"@id\":\"https:\/\/azurementsport.fr\/#website\",\"url\":\"https:\/\/azurementsport.fr\/\",\"name\":\"Azurement Sport\",\"description\":\"Toute l&#039;actualit\u00e9 sportive de la C\u00f4te d&#039;Azur\",\"publisher\":{\"@id\":\"https:\/\/azurementsport.fr\/#organization\"},\"potentialAction\":[{\"@type\":\"SearchAction\",\"target\":{\"@type\":\"EntryPoint\",\"urlTemplate\":\"https:\/\/azurementsport.fr\/?s={search_term_string}\"},\"query-input\":{\"@type\":\"PropertyValueSpecification\",\"valueRequired\":true,\"valueName\":\"search_term_string\"}}],\"inLanguage\":\"fr-FR\"},{\"@type\":\"Organization\",\"@id\":\"https:\/\/azurementsport.fr\/#organization\",\"name\":\"Azurement Sport\",\"url\":\"https:\/\/azurementsport.fr\/\",\"logo\":{\"@type\":\"ImageObject\",\"inLanguage\":\"fr-FR\",\"@id\":\"https:\/\/azurementsport.fr\/#\/schema\/logo\/image\/\",\"url\":\"https:\/\/azurementsport.fr\/wp-content\/uploads\/2024\/05\/cropped-cropped-AZUREMENT_SPORT__1_-removebg-preview.png\",\"contentUrl\":\"https:\/\/azurementsport.fr\/wp-content\/uploads\/2024\/05\/cropped-cropped-AZUREMENT_SPORT__1_-removebg-preview.png\",\"width\":500,\"height\":224,\"caption\":\"Azurement Sport\"},\"image\":{\"@id\":\"https:\/\/azurementsport.fr\/#\/schema\/logo\/image\/\"}},{\"@type\":\"Person\",\"@id\":\"https:\/\/azurementsport.fr\/#\/schema\/person\/bde18bf25893b2da2f70aa0e69fa7081\",\"name\":\"Azurement Sport\",\"image\":{\"@type\":\"ImageObject\",\"inLanguage\":\"fr-FR\",\"@id\":\"https:\/\/azurementsport.fr\/#\/schema\/person\/image\/\",\"url\":\"https:\/\/secure.gravatar.com\/avatar\/6ac2f8b3453d709891d9b248de3f290cee35f005edbe13d94d6fb2c1b54e4fbd?s=96&d=mm&r=g\",\"contentUrl\":\"https:\/\/secure.gravatar.com\/avatar\/6ac2f8b3453d709891d9b248de3f290cee35f005edbe13d94d6fb2c1b54e4fbd?s=96&d=mm&r=g\",\"caption\":\"Azurement Sport\"},\"sameAs\":[\"http:\/\/azurementsport.fr\"],\"url\":\"https:\/\/azurementsport.fr\/index.php\/author\/admin3210\/\"}]}<\/script>\n<!-- \/ Yoast SEO plugin. -->","yoast_head_json":{"title":"Quand le ballon ovale gagne du terrain \u00e0 Monaco - Azurement Sport","robots":{"index":"index","follow":"follow","max-snippet":"max-snippet:-1","max-image-preview":"max-image-preview:large","max-video-preview":"max-video-preview:-1"},"canonical":"https:\/\/azurementsport.fr\/index.php\/2025\/01\/29\/quand-le-ballon-ovale-gagne-du-terrain-a-monaco\/","og_locale":"fr_FR","og_type":"article","og_title":"Quand le ballon ovale gagne du terrain \u00e0 Monaco - Azurement Sport","og_description":"Samedi 1er f\u00e9vrier, le Monaco Rugby Sevens briguera un second titre de champion de France de rugby \u00e0 7 apr\u00e8s&hellip;","og_url":"https:\/\/azurementsport.fr\/index.php\/2025\/01\/29\/quand-le-ballon-ovale-gagne-du-terrain-a-monaco\/","og_site_name":"Azurement Sport","article_published_time":"2025-01-29T14:32:13+00:00","article_modified_time":"2025-01-29T17:00:44+00:00","og_image":[{"width":1179,"height":811,"url":"https:\/\/azurementsport.fr\/wp-content\/uploads\/2025\/01\/474464561_1683394689281288_6409124255313030336_n.jpg","type":"image\/jpeg"}],"author":"Azurement Sport","twitter_card":"summary_large_image","twitter_misc":{"\u00c9crit par":"Azurement Sport","Dur\u00e9e de lecture estim\u00e9e":"6 minutes"},"schema":{"@context":"https:\/\/schema.org","@graph":[{"@type":"Article","@id":"https:\/\/azurementsport.fr\/index.php\/2025\/01\/29\/quand-le-ballon-ovale-gagne-du-terrain-a-monaco\/#article","isPartOf":{"@id":"https:\/\/azurementsport.fr\/index.php\/2025\/01\/29\/quand-le-ballon-ovale-gagne-du-terrain-a-monaco\/"},"author":{"name":"Azurement Sport","@id":"https:\/\/azurementsport.fr\/#\/schema\/person\/bde18bf25893b2da2f70aa0e69fa7081"},"headline":"Quand le ballon ovale gagne du terrain \u00e0 Monaco","datePublished":"2025-01-29T14:32:13+00:00","dateModified":"2025-01-29T17:00:44+00:00","mainEntityOfPage":{"@id":"https:\/\/azurementsport.fr\/index.php\/2025\/01\/29\/quand-le-ballon-ovale-gagne-du-terrain-a-monaco\/"},"wordCount":1242,"commentCount":0,"publisher":{"@id":"https:\/\/azurementsport.fr\/#organization"},"image":{"@id":"https:\/\/azurementsport.fr\/index.php\/2025\/01\/29\/quand-le-ballon-ovale-gagne-du-terrain-a-monaco\/#primaryimage"},"thumbnailUrl":"https:\/\/azurementsport.fr\/wp-content\/uploads\/2025\/01\/474464561_1683394689281288_6409124255313030336_n.jpg","keywords":["Antoine Zeghdar","AS Monaco Rugby","Aur\u00e9lien Lazzaro","David Bolgashvili","Fabien Camin","F\u00e9d\u00e9ration Mon\u00e9gasque de Rugby","Fondation Princesse Charl\u00e8ne","InExtenso Supersevens","James Kent","Monaco","Monaco Rugby Sevens","MR7","MR7*","Rugby","Thierry Dantes","Tournoi Sainte D\u00e9vote","Tristan Nardi"],"articleSection":["Rugby"],"inLanguage":"fr-FR","potentialAction":[{"@type":"CommentAction","name":"Comment","target":["https:\/\/azurementsport.fr\/index.php\/2025\/01\/29\/quand-le-ballon-ovale-gagne-du-terrain-a-monaco\/#respond"]}]},{"@type":"WebPage","@id":"https:\/\/azurementsport.fr\/index.php\/2025\/01\/29\/quand-le-ballon-ovale-gagne-du-terrain-a-monaco\/","url":"https:\/\/azurementsport.fr\/index.php\/2025\/01\/29\/quand-le-ballon-ovale-gagne-du-terrain-a-monaco\/","name":"Quand le ballon ovale gagne du terrain \u00e0 Monaco - Azurement Sport","isPartOf":{"@id":"https:\/\/azurementsport.fr\/#website"},"primaryImageOfPage":{"@id":"https:\/\/azurementsport.fr\/index.php\/2025\/01\/29\/quand-le-ballon-ovale-gagne-du-terrain-a-monaco\/#primaryimage"},"image":{"@id":"https:\/\/azurementsport.fr\/index.php\/2025\/01\/29\/quand-le-ballon-ovale-gagne-du-terrain-a-monaco\/#primaryimage"},"thumbnailUrl":"https:\/\/azurementsport.fr\/wp-content\/uploads\/2025\/01\/474464561_1683394689281288_6409124255313030336_n.jpg","datePublished":"2025-01-29T14:32:13+00:00","dateModified":"2025-01-29T17:00:44+00:00","breadcrumb":{"@id":"https:\/\/azurementsport.fr\/index.php\/2025\/01\/29\/quand-le-ballon-ovale-gagne-du-terrain-a-monaco\/#breadcrumb"},"inLanguage":"fr-FR","potentialAction":[{"@type":"ReadAction","target":["https:\/\/azurementsport.fr\/index.php\/2025\/01\/29\/quand-le-ballon-ovale-gagne-du-terrain-a-monaco\/"]}]},{"@type":"ImageObject","inLanguage":"fr-FR","@id":"https:\/\/azurementsport.fr\/index.php\/2025\/01\/29\/quand-le-ballon-ovale-gagne-du-terrain-a-monaco\/#primaryimage","url":"https:\/\/azurementsport.fr\/wp-content\/uploads\/2025\/01\/474464561_1683394689281288_6409124255313030336_n.jpg","contentUrl":"https:\/\/azurementsport.fr\/wp-content\/uploads\/2025\/01\/474464561_1683394689281288_6409124255313030336_n.jpg","width":1179,"height":811,"caption":"Au stade du Devens \u00e0 Monaco, le rugby s\u2019enseigne d\u00e8s le plus jeune \u00e2ge \u00e0 Monaco \u00a9 QB"},{"@type":"BreadcrumbList","@id":"https:\/\/azurementsport.fr\/index.php\/2025\/01\/29\/quand-le-ballon-ovale-gagne-du-terrain-a-monaco\/#breadcrumb","itemListElement":[{"@type":"ListItem","position":1,"name":"Accueil","item":"https:\/\/azurementsport.fr\/"},{"@type":"ListItem","position":2,"name":"Quand le ballon ovale gagne du terrain \u00e0 Monaco"}]},{"@type":"WebSite","@id":"https:\/\/azurementsport.fr\/#website","url":"https:\/\/azurementsport.fr\/","name":"Azurement Sport","description":"Toute l&#039;actualit\u00e9 sportive de la C\u00f4te d&#039;Azur","publisher":{"@id":"https:\/\/azurementsport.fr\/#organization"},"potentialAction":[{"@type":"SearchAction","target":{"@type":"EntryPoint","urlTemplate":"https:\/\/azurementsport.fr\/?s={search_term_string}"},"query-input":{"@type":"PropertyValueSpecification","valueRequired":true,"valueName":"search_term_string"}}],"inLanguage":"fr-FR"},{"@type":"Organization","@id":"https:\/\/azurementsport.fr\/#organization","name":"Azurement Sport","url":"https:\/\/azurementsport.fr\/","logo":{"@type":"ImageObject","inLanguage":"fr-FR","@id":"https:\/\/azurementsport.fr\/#\/schema\/logo\/image\/","url":"https:\/\/azurementsport.fr\/wp-content\/uploads\/2024\/05\/cropped-cropped-AZUREMENT_SPORT__1_-removebg-preview.png","contentUrl":"https:\/\/azurementsport.fr\/wp-content\/uploads\/2024\/05\/cropped-cropped-AZUREMENT_SPORT__1_-removebg-preview.png","width":500,"height":224,"caption":"Azurement Sport"},"image":{"@id":"https:\/\/azurementsport.fr\/#\/schema\/logo\/image\/"}},{"@type":"Person","@id":"https:\/\/azurementsport.fr\/#\/schema\/person\/bde18bf25893b2da2f70aa0e69fa7081","name":"Azurement Sport","image":{"@type":"ImageObject","inLanguage":"fr-FR","@id":"https:\/\/azurementsport.fr\/#\/schema\/person\/image\/","url":"https:\/\/secure.gravatar.com\/avatar\/6ac2f8b3453d709891d9b248de3f290cee35f005edbe13d94d6fb2c1b54e4fbd?s=96&d=mm&r=g","contentUrl":"https:\/\/secure.gravatar.com\/avatar\/6ac2f8b3453d709891d9b248de3f290cee35f005edbe13d94d6fb2c1b54e4fbd?s=96&d=mm&r=g","caption":"Azurement Sport"},"sameAs":["http:\/\/azurementsport.fr"],"url":"https:\/\/azurementsport.fr\/index.php\/author\/admin3210\/"}]}},"jetpack_featured_media_url":"https:\/\/azurementsport.fr\/wp-content\/uploads\/2025\/01\/474464561_1683394689281288_6409124255313030336_n.jpg","jetpack_sharing_enabled":true,"jetpack-related-posts":[],"_links":{"self":[{"href":"https:\/\/azurementsport.fr\/index.php\/wp-json\/wp\/v2\/posts\/1192","targetHints":{"allow":["GET"]}}],"collection":[{"href":"https:\/\/azurementsport.fr\/index.php\/wp-json\/wp\/v2\/posts"}],"about":[{"href":"https:\/\/azurementsport.fr\/index.php\/wp-json\/wp\/v2\/types\/post"}],"author":[{"embeddable":true,"href":"https:\/\/azurementsport.fr\/index.php\/wp-json\/wp\/v2\/users\/1"}],"replies":[{"embeddable":true,"href":"https:\/\/azurementsport.fr\/index.php\/wp-json\/wp\/v2\/comments?post=1192"}],"version-history":[{"count":8,"href":"https:\/\/azurementsport.fr\/index.php\/wp-json\/wp\/v2\/posts\/1192\/revisions"}],"predecessor-version":[{"id":1204,"href":"https:\/\/azurementsport.fr\/index.php\/wp-json\/wp\/v2\/posts\/1192\/revisions\/1204"}],"wp:featuredmedia":[{"embeddable":true,"href":"https:\/\/azurementsport.fr\/index.php\/wp-json\/wp\/v2\/media\/1195"}],"wp:attachment":[{"href":"https:\/\/azurementsport.fr\/index.php\/wp-json\/wp\/v2\/media?parent=1192"}],"wp:term":[{"taxonomy":"category","embeddable":true,"href":"https:\/\/azurementsport.fr\/index.php\/wp-json\/wp\/v2\/categories?post=1192"},{"taxonomy":"post_tag","embeddable":true,"href":"https:\/\/azurementsport.fr\/index.php\/wp-json\/wp\/v2\/tags?post=1192"}],"curies":[{"name":"wp","href":"https:\/\/api.w.org\/{rel}","templated":true}]}}