{"id":1208,"date":"2025-02-03T10:15:29","date_gmt":"2025-02-03T09:15:29","guid":{"rendered":"https:\/\/azurementsport.fr\/?p=1208"},"modified":"2025-02-03T10:15:31","modified_gmt":"2025-02-03T09:15:31","slug":"national-2-las-cannes-ecrase-toulon-et-grimpe-a-la-2eme-place-du-groupe-a","status":"publish","type":"post","link":"https:\/\/azurementsport.fr\/index.php\/2025\/02\/03\/national-2-las-cannes-ecrase-toulon-et-grimpe-a-la-2eme-place-du-groupe-a\/","title":{"rendered":"National 2 : L&rsquo;AS Cannes \u00e9crase Toulon et grimpe \u00e0 la 2\u00e8me place du groupe A"},"content":{"rendered":"\n<p><strong>L\u2019AS Cannes a parfaitement ma\u00eetris\u00e9 son match contre le SC Toulon, samedi, en s\u2019imposant 3-0 lors du match en retard de la 14\u00e8me journ\u00e9e du groupe A de National 2. Un large succ\u00e8s qui permet aux Dragons de revenir \u00e0 la deuxi\u00e8me place du classement, \u00e0 un petit point seulement de Hy\u00e8res. Au-del\u00e0 du score, ce sont la solidit\u00e9 et la coh\u00e9sion collective qui ont fait la diff\u00e9rence.<\/strong><\/p>\n\n\n\n<p>D\u00e8s l&rsquo;entame de la rencontre, l&rsquo;<strong>AS Cannes<\/strong> impose son jeu. Apr\u00e8s seulement 9 minutes, <strong>Goncalves<\/strong>, bien servi dans la surface, manque une belle occasion avec une t\u00eate mal ma\u00eetris\u00e9e. Toulon r\u00e9agit \u00e0 la 13\u00e8me minute lorsqu&rsquo;une mauvaise passe dans l\u2019axe permet \u00e0 <strong>Thibault Vialla <\/strong>de se retrouver seul au but. Malheureusement pour lui, sa frappe est contr\u00e9e au dernier moment par un solide <strong>Gr\u00e9goire Pineau<\/strong>, le d\u00e9fenseur cannois, qui sauve son \u00e9quipe.<\/p>\n\n\n\n<p>\u00c0 la 19\u00e8me, une nouvelle occasion pour Cannes :<strong> Chafik Abbas<\/strong> est bouscul\u00e9 \u00e0 l\u2019entr\u00e9e de la surface toulonnaise et obtient un coup franc bien plac\u00e9 mais ce dernier ne donne rien. \u00c0 la 22\u00e8me, le m\u00eame Abbas centre pour <strong>Almike<\/strong>, mais le Cannois envoie sa reprise bien au-dessus de la cage de <strong>Dido<\/strong>, le portier toulonnais.\u00a0Dans une premi\u00e8re p\u00e9riode \u00e0 sens unique, les Dragons ouvrent le score \u00e0 la 26\u00e8me. Sur une d\u00e9viation toulonnaise, <strong>Julien Domingues<\/strong> se trouve au bon endroit pour crucifier Dido \u00e0 bout portant et inscrire le premier but de la rencontre.\u00a0<\/p>\n\n\n\n<p>\u00c0 la pause, l\u2019<strong>AS Cannes<\/strong> m\u00e8ne logiquement, apr\u00e8s une premi\u00e8re p\u00e9riode domin\u00e9e dans son ensemble. Les Dragons ont \u00e9galement vu <strong>huit positions de hors-jeu siffl\u00e9es contre eux<\/strong>, t\u00e9moignant de leur agressivit\u00e9 et de leur volont\u00e9 de perforer la d\u00e9fense toulonnaise.<\/p>\n\n\n\n<iframe loading=\"lazy\" src=\"https:\/\/www.facebook.com\/plugins\/post.php?href=https%3A%2F%2Fwww.facebook.com%2Fascannesfoot%2Fposts%2Fpfbid02KrNSyoYXdFsCUhmkXdC5qYHBHXyzBAxjwngC7QLuSuQtJJyHkejWegDbCg5ijp5gl&#038;show_text=true&#038;width=500\" width=\"500\" height=\"645\" style=\"border:none;overflow:hidden\" scrolling=\"no\" frameborder=\"0\" allowfullscreen=\"true\" allow=\"autoplay; clipboard-write; encrypted-media; picture-in-picture; web-share\"><\/iframe>\n\n\n\n<p><strong>Cannes d\u00e9roule en seconde p\u00e9riode<\/strong><\/p>\n\n\n\n<p>\u00c0 la reprise, Cannes continue de mettre la pression sur <strong>Toulon<\/strong>. \u00c0 la 49\u00e8me, apr\u00e8s une frappe de Goncalves, le gardien Dido repousse dans les pieds <strong>d\u2019Abbas<\/strong>, qui rate compl\u00e8tement sa reprise.\u00a0Une minute plus tard, Goncalves, lanc\u00e9 dans la surface, pense faire le break en marquant, mais l\u2019arbitre signale une \u00e9ni\u00e8me position de hors-jeu et annule son but.<\/p>\n\n\n\n<p>Les Cannois se montrent toujours aussi percutants. \u00c0 la 67\u00e8me, <strong>Maxime Blanc<\/strong>, fra\u00eechement entr\u00e9 en jeu, adresse un centre parfait \u00e0 Domingues. L\u2019attaquant cannois, d\u2019une t\u00eate bien plac\u00e9e, oblige Dido \u00e0 r\u00e9aliser une belle parade. Mais \u00e0 la 70\u00e8me,<strong> Arthur Mai,<\/strong> lui aussi sorti du banc, r\u00e9cup\u00e8re le ballon au deuxi\u00e8me poteau et d\u2019une t\u00eate surpuissante, double la mise pour Cannes : 2-0.<\/p>\n\n\n\n<p><strong>Ndoye bless\u00e9, le point noir de la soir\u00e9e<\/strong><\/p>\n\n\n\n<p>Quelques minutes plus tard, on prend les m\u00eames et on recommence. Cette fois-ci, <strong>Arthur Mai <\/strong>est passeur et <strong>Julien Domingues<\/strong> buteur. Cannes conclut cette rencontre sur un score sans appel de 3-0, et s\u2019installe  solidement \u00e0 la <strong>deuxi\u00e8me place du classement<\/strong>, avec 28 points.<\/p>\n\n\n\n<iframe loading=\"lazy\" src=\"https:\/\/www.facebook.com\/plugins\/video.php?height=314&#038;href=https%3A%2F%2Fwww.facebook.com%2Fascannesfoot%2Fvideos%2F1356227378710938%2F&#038;show_text=false&#038;width=560&#038;t=0\" width=\"560\" height=\"314\" style=\"border:none;overflow:hidden\" scrolling=\"no\" frameborder=\"0\" allowfullscreen=\"true\" allow=\"autoplay; clipboard-write; encrypted-media; picture-in-picture; web-share\" allowFullScreen=\"true\"><\/iframe>\n\n\n\n<p>La seule ombre au tableau pour <strong>Cannes <\/strong>est la <strong>blessure musculaire de leur capitaine, Cheikh Ndoye<\/strong>. Le milieu de terrain, essentiel dans l\u2019entrejeu, pourrait \u00eatre<strong> absent plusieurs semaines. Damien Ott, <\/strong>l&rsquo;entra\u00eeneur des Dragons, s\u2019est montr\u00e9 contrari\u00e9 par cette nouvelle. <em>\u00ab\u00a0La blessure de Cheikh est une vraie contrari\u00e9t\u00e9. C\u2019est une<strong> blessure musculaire, <\/strong>et il est \u00e9vident qu\u2019il sera absent pendant un certain temps. L\u2019adversaire va pouvoir le noter.\u00a0\u00bb<\/em> Une absence qui pourrait peser dans les prochaines semaines \u00e0 l&rsquo;aube d&rsquo;\u00e9ch\u00e9ances importantes.<\/p>\n\n\n\n<p><strong><em>\u00a0\u00ab\u00a0Un \u00e9tat d&rsquo;esprit collectif qui m&rsquo;int\u00e9resse vraiment\u00a0\u00bb<\/em><\/strong><\/p>\n\n\n\n<p>Toutefois, <strong>Damien Ott <\/strong>a salu\u00e9 l\u2019\u00e9tat d\u2019esprit de ses joueurs : <em>\u00ab\u00a0L\u2019adversaire \u00e9tait venu pour nous poser des probl\u00e8mes. Ce n\u2019\u00e9tait pas facile, le score ne refl\u00e8te pas forc\u00e9ment le d\u00e9but de la rencontre, mais <strong>je suis tr\u00e8s content de mon \u00e9quipe<\/strong>, et surtout de l\u2019apport des entrants. \u00c7a t\u00e9moigne d\u2019<strong>un \u00e9tat d\u2019esprit collectif <\/strong>qui m\u2019int\u00e9resse vraiment.\u00a0\u00bb<\/em><\/p>\n\n\n\n<p>Le coach cannois met \u00e9galement l\u2019accent sur l\u2019importance de l\u2019ambiance du groupe et du plaisir sur le terrain. <em>\u00ab\u00a0Ce qui m\u2019int\u00e9resse, c\u2019est de<strong> v\u00e9hiculer une atmosph\u00e8re et une g\u00e9n\u00e9rosit\u00e9<\/strong>. L\u2019objectif, c\u2019est de gagner les matchs, peu importe la comp\u00e9tition. Je veux que mes joueurs prennent du plaisir sur le terrain. Je vois exactement ce que je souhaite voir et <strong>\u00e7a me pla\u00eet beaucoup<\/strong>.\u00a0\u00bb<\/em> <\/p>\n\n\n\n<iframe loading=\"lazy\" src=\"https:\/\/www.facebook.com\/plugins\/post.php?href=https%3A%2F%2Fwww.facebook.com%2Fascannesfoot%2Fposts%2Fpfbid0BEBwCoku87qDLVv31EBfYbe5FX5kSgAFthyXR11joB4d5Zd6gihGi2R9W1jcHstgl&#038;show_text=true&#038;width=500\" width=\"500\" height=\"679\" style=\"border:none;overflow:hidden\" scrolling=\"no\" frameborder=\"0\" allowfullscreen=\"true\" allow=\"autoplay; clipboard-write; encrypted-media; picture-in-picture; web-share\"><\/iframe>\n\n\n\n<p>D\u00e9sormais, l\u2019<strong>AS Cannes <\/strong>se tourne vers la<strong> Coupe de France<\/strong> et la <a href=\"https:\/\/www.as-cannes.com\/billetterie\/?fbclid=IwY2xjawINXjxleHRuA2FlbQIxMAABHbhCMRSb27TZbME76wa-DMl6YaGMPfkeBNwf7B3MPlrNpmAlSQlaLmdA3w_aem_LsZbNKgplQJYb7zoksRA3w\">r\u00e9ception de <strong>Dives-Cabourg<\/strong> (N3)<\/a> en huiti\u00e8mes de finale (mercredi \u00e0 20h45). <em>\u00ab\u00a0Je ne me suis pas du tout occup\u00e9 de Dives-Cabourg, j\u2019\u00e9tais exclusivement concentr\u00e9 sur le championnat, <\/em>temp\u00e8re Damien Ott.<em> Nous avons trois jours pour pr\u00e9parer ce match de mani\u00e8re professionnelle. Nous allons immens\u00e9ment les respecter.\u00a0\u00bb<\/em><\/p>\n\n\n\n<p class=\"has-text-align-right\"><strong>Maxence Mulli\u00e9<\/strong><\/p>\n","protected":false},"excerpt":{"rendered":"<p>L\u2019AS Cannes a parfaitement ma\u00eetris\u00e9 son match contre le SC Toulon, samedi, en s\u2019imposant 3-0 lors du match en retard&hellip;<\/p>\n","protected":false},"author":1,"featured_media":1210,"comment_status":"open","ping_status":"open","sticky":false,"template":"","format":"standard","meta":{"_jetpack_memberships_contains_paid_content":false,"footnotes":""},"categories":[10],"tags":[67,539,602,485,601,66,603,653,609,222],"class_list":["post-1208","post","type-post","status-publish","format-standard","has-post-thumbnail","hentry","category-football","tag-as-cannes","tag-cannes","tag-chafik-abbas","tag-cheikh-ndoye","tag-damien-ott","tag-football","tag-julien-domingues","tag-sc-toulon","tag-stade-pierre-de-coubertin","tag-toulon"],"yoast_head":"<!-- This site is optimized with the Yoast SEO plugin v24.5 - https:\/\/yoast.com\/wordpress\/plugins\/seo\/ -->\n<title>National 2 : L&#039;AS Cannes \u00e9crase Toulon et grimpe \u00e0 la 2\u00e8me place du groupe A - Azurement Sport<\/title>\n<meta name=\"robots\" content=\"index, follow, max-snippet:-1, max-image-preview:large, max-video-preview:-1\" \/>\n<link rel=\"canonical\" href=\"https:\/\/azurementsport.fr\/index.php\/2025\/02\/03\/national-2-las-cannes-ecrase-toulon-et-grimpe-a-la-2eme-place-du-groupe-a\/\" \/>\n<meta property=\"og:locale\" content=\"fr_FR\" \/>\n<meta property=\"og:type\" content=\"article\" \/>\n<meta property=\"og:title\" content=\"National 2 : L&#039;AS Cannes \u00e9crase Toulon et grimpe \u00e0 la 2\u00e8me place du groupe A - Azurement Sport\" \/>\n<meta property=\"og:description\" content=\"L\u2019AS Cannes a parfaitement ma\u00eetris\u00e9 son match contre le SC Toulon, samedi, en s\u2019imposant 3-0 lors du match en retard&hellip;\" \/>\n<meta property=\"og:url\" content=\"https:\/\/azurementsport.fr\/index.php\/2025\/02\/03\/national-2-las-cannes-ecrase-toulon-et-grimpe-a-la-2eme-place-du-groupe-a\/\" \/>\n<meta property=\"og:site_name\" content=\"Azurement Sport\" \/>\n<meta property=\"article:published_time\" content=\"2025-02-03T09:15:29+00:00\" \/>\n<meta property=\"article:modified_time\" content=\"2025-02-03T09:15:31+00:00\" \/>\n<meta property=\"og:image\" content=\"https:\/\/azurementsport.fr\/wp-content\/uploads\/2025\/02\/474877747_596465899863460_6061294431236152982_n.jpg\" \/>\n\t<meta property=\"og:image:width\" content=\"2048\" \/>\n\t<meta property=\"og:image:height\" content=\"1217\" \/>\n\t<meta property=\"og:image:type\" content=\"image\/jpeg\" \/>\n<meta name=\"author\" content=\"Azurement Sport\" \/>\n<meta name=\"twitter:card\" content=\"summary_large_image\" \/>\n<meta name=\"twitter:label1\" content=\"\u00c9crit par\" \/>\n\t<meta name=\"twitter:data1\" content=\"Azurement Sport\" \/>\n\t<meta name=\"twitter:label2\" content=\"Dur\u00e9e de lecture estim\u00e9e\" \/>\n\t<meta name=\"twitter:data2\" content=\"4 minutes\" \/>\n<script type=\"application\/ld+json\" class=\"yoast-schema-graph\">{\"@context\":\"https:\/\/schema.org\",\"@graph\":[{\"@type\":\"Article\",\"@id\":\"https:\/\/azurementsport.fr\/index.php\/2025\/02\/03\/national-2-las-cannes-ecrase-toulon-et-grimpe-a-la-2eme-place-du-groupe-a\/#article\",\"isPartOf\":{\"@id\":\"https:\/\/azurementsport.fr\/index.php\/2025\/02\/03\/national-2-las-cannes-ecrase-toulon-et-grimpe-a-la-2eme-place-du-groupe-a\/\"},\"author\":{\"name\":\"Azurement Sport\",\"@id\":\"https:\/\/azurementsport.fr\/#\/schema\/person\/bde18bf25893b2da2f70aa0e69fa7081\"},\"headline\":\"National 2 : L&rsquo;AS Cannes \u00e9crase Toulon et grimpe \u00e0 la 2\u00e8me place du groupe A\",\"datePublished\":\"2025-02-03T09:15:29+00:00\",\"dateModified\":\"2025-02-03T09:15:31+00:00\",\"mainEntityOfPage\":{\"@id\":\"https:\/\/azurementsport.fr\/index.php\/2025\/02\/03\/national-2-las-cannes-ecrase-toulon-et-grimpe-a-la-2eme-place-du-groupe-a\/\"},\"wordCount\":822,\"commentCount\":0,\"publisher\":{\"@id\":\"https:\/\/azurementsport.fr\/#organization\"},\"image\":{\"@id\":\"https:\/\/azurementsport.fr\/index.php\/2025\/02\/03\/national-2-las-cannes-ecrase-toulon-et-grimpe-a-la-2eme-place-du-groupe-a\/#primaryimage\"},\"thumbnailUrl\":\"https:\/\/azurementsport.fr\/wp-content\/uploads\/2025\/02\/474877747_596465899863460_6061294431236152982_n.jpg\",\"keywords\":[\"as cannes\",\"Cannes\",\"Chafik Abbas\",\"Cheikh Ndoye\",\"Damien Ott\",\"football\",\"Julien Domingues\",\"SC Toulon\",\"Stade Pierre de Coubertin\",\"Toulon\"],\"articleSection\":[\"Football\"],\"inLanguage\":\"fr-FR\",\"potentialAction\":[{\"@type\":\"CommentAction\",\"name\":\"Comment\",\"target\":[\"https:\/\/azurementsport.fr\/index.php\/2025\/02\/03\/national-2-las-cannes-ecrase-toulon-et-grimpe-a-la-2eme-place-du-groupe-a\/#respond\"]}]},{\"@type\":\"WebPage\",\"@id\":\"https:\/\/azurementsport.fr\/index.php\/2025\/02\/03\/national-2-las-cannes-ecrase-toulon-et-grimpe-a-la-2eme-place-du-groupe-a\/\",\"url\":\"https:\/\/azurementsport.fr\/index.php\/2025\/02\/03\/national-2-las-cannes-ecrase-toulon-et-grimpe-a-la-2eme-place-du-groupe-a\/\",\"name\":\"National 2 : L'AS Cannes \u00e9crase Toulon et grimpe \u00e0 la 2\u00e8me place du groupe A - Azurement Sport\",\"isPartOf\":{\"@id\":\"https:\/\/azurementsport.fr\/#website\"},\"primaryImageOfPage\":{\"@id\":\"https:\/\/azurementsport.fr\/index.php\/2025\/02\/03\/national-2-las-cannes-ecrase-toulon-et-grimpe-a-la-2eme-place-du-groupe-a\/#primaryimage\"},\"image\":{\"@id\":\"https:\/\/azurementsport.fr\/index.php\/2025\/02\/03\/national-2-las-cannes-ecrase-toulon-et-grimpe-a-la-2eme-place-du-groupe-a\/#primaryimage\"},\"thumbnailUrl\":\"https:\/\/azurementsport.fr\/wp-content\/uploads\/2025\/02\/474877747_596465899863460_6061294431236152982_n.jpg\",\"datePublished\":\"2025-02-03T09:15:29+00:00\",\"dateModified\":\"2025-02-03T09:15:31+00:00\",\"breadcrumb\":{\"@id\":\"https:\/\/azurementsport.fr\/index.php\/2025\/02\/03\/national-2-las-cannes-ecrase-toulon-et-grimpe-a-la-2eme-place-du-groupe-a\/#breadcrumb\"},\"inLanguage\":\"fr-FR\",\"potentialAction\":[{\"@type\":\"ReadAction\",\"target\":[\"https:\/\/azurementsport.fr\/index.php\/2025\/02\/03\/national-2-las-cannes-ecrase-toulon-et-grimpe-a-la-2eme-place-du-groupe-a\/\"]}]},{\"@type\":\"ImageObject\",\"inLanguage\":\"fr-FR\",\"@id\":\"https:\/\/azurementsport.fr\/index.php\/2025\/02\/03\/national-2-las-cannes-ecrase-toulon-et-grimpe-a-la-2eme-place-du-groupe-a\/#primaryimage\",\"url\":\"https:\/\/azurementsport.fr\/wp-content\/uploads\/2025\/02\/474877747_596465899863460_6061294431236152982_n.jpg\",\"contentUrl\":\"https:\/\/azurementsport.fr\/wp-content\/uploads\/2025\/02\/474877747_596465899863460_6061294431236152982_n.jpg\",\"width\":2048,\"height\":1217,\"caption\":\"L'AS Cannes est d\u00e9sormais deuxi\u00e8me de sa poule de National 2 \u00a9 M.M\"},{\"@type\":\"BreadcrumbList\",\"@id\":\"https:\/\/azurementsport.fr\/index.php\/2025\/02\/03\/national-2-las-cannes-ecrase-toulon-et-grimpe-a-la-2eme-place-du-groupe-a\/#breadcrumb\",\"itemListElement\":[{\"@type\":\"ListItem\",\"position\":1,\"name\":\"Accueil\",\"item\":\"https:\/\/azurementsport.fr\/\"},{\"@type\":\"ListItem\",\"position\":2,\"name\":\"National 2 : L&rsquo;AS Cannes \u00e9crase Toulon et grimpe \u00e0 la 2\u00e8me place du groupe A\"}]},{\"@type\":\"WebSite\",\"@id\":\"https:\/\/azurementsport.fr\/#website\",\"url\":\"https:\/\/azurementsport.fr\/\",\"name\":\"Azurement Sport\",\"description\":\"Toute l&#039;actualit\u00e9 sportive de la C\u00f4te d&#039;Azur\",\"publisher\":{\"@id\":\"https:\/\/azurementsport.fr\/#organization\"},\"potentialAction\":[{\"@type\":\"SearchAction\",\"target\":{\"@type\":\"EntryPoint\",\"urlTemplate\":\"https:\/\/azurementsport.fr\/?s={search_term_string}\"},\"query-input\":{\"@type\":\"PropertyValueSpecification\",\"valueRequired\":true,\"valueName\":\"search_term_string\"}}],\"inLanguage\":\"fr-FR\"},{\"@type\":\"Organization\",\"@id\":\"https:\/\/azurementsport.fr\/#organization\",\"name\":\"Azurement Sport\",\"url\":\"https:\/\/azurementsport.fr\/\",\"logo\":{\"@type\":\"ImageObject\",\"inLanguage\":\"fr-FR\",\"@id\":\"https:\/\/azurementsport.fr\/#\/schema\/logo\/image\/\",\"url\":\"https:\/\/azurementsport.fr\/wp-content\/uploads\/2024\/05\/cropped-cropped-AZUREMENT_SPORT__1_-removebg-preview.png\",\"contentUrl\":\"https:\/\/azurementsport.fr\/wp-content\/uploads\/2024\/05\/cropped-cropped-AZUREMENT_SPORT__1_-removebg-preview.png\",\"width\":500,\"height\":224,\"caption\":\"Azurement Sport\"},\"image\":{\"@id\":\"https:\/\/azurementsport.fr\/#\/schema\/logo\/image\/\"}},{\"@type\":\"Person\",\"@id\":\"https:\/\/azurementsport.fr\/#\/schema\/person\/bde18bf25893b2da2f70aa0e69fa7081\",\"name\":\"Azurement Sport\",\"image\":{\"@type\":\"ImageObject\",\"inLanguage\":\"fr-FR\",\"@id\":\"https:\/\/azurementsport.fr\/#\/schema\/person\/image\/\",\"url\":\"https:\/\/secure.gravatar.com\/avatar\/6ac2f8b3453d709891d9b248de3f290cee35f005edbe13d94d6fb2c1b54e4fbd?s=96&d=mm&r=g\",\"contentUrl\":\"https:\/\/secure.gravatar.com\/avatar\/6ac2f8b3453d709891d9b248de3f290cee35f005edbe13d94d6fb2c1b54e4fbd?s=96&d=mm&r=g\",\"caption\":\"Azurement Sport\"},\"sameAs\":[\"http:\/\/azurementsport.fr\"],\"url\":\"https:\/\/azurementsport.fr\/index.php\/author\/admin3210\/\"}]}<\/script>\n<!-- \/ Yoast SEO plugin. -->","yoast_head_json":{"title":"National 2 : L'AS Cannes \u00e9crase Toulon et grimpe \u00e0 la 2\u00e8me place du groupe A - Azurement Sport","robots":{"index":"index","follow":"follow","max-snippet":"max-snippet:-1","max-image-preview":"max-image-preview:large","max-video-preview":"max-video-preview:-1"},"canonical":"https:\/\/azurementsport.fr\/index.php\/2025\/02\/03\/national-2-las-cannes-ecrase-toulon-et-grimpe-a-la-2eme-place-du-groupe-a\/","og_locale":"fr_FR","og_type":"article","og_title":"National 2 : L'AS Cannes \u00e9crase Toulon et grimpe \u00e0 la 2\u00e8me place du groupe A - Azurement Sport","og_description":"L\u2019AS Cannes a parfaitement ma\u00eetris\u00e9 son match contre le SC Toulon, samedi, en s\u2019imposant 3-0 lors du match en retard&hellip;","og_url":"https:\/\/azurementsport.fr\/index.php\/2025\/02\/03\/national-2-las-cannes-ecrase-toulon-et-grimpe-a-la-2eme-place-du-groupe-a\/","og_site_name":"Azurement Sport","article_published_time":"2025-02-03T09:15:29+00:00","article_modified_time":"2025-02-03T09:15:31+00:00","og_image":[{"width":2048,"height":1217,"url":"https:\/\/azurementsport.fr\/wp-content\/uploads\/2025\/02\/474877747_596465899863460_6061294431236152982_n.jpg","type":"image\/jpeg"}],"author":"Azurement Sport","twitter_card":"summary_large_image","twitter_misc":{"\u00c9crit par":"Azurement Sport","Dur\u00e9e de lecture estim\u00e9e":"4 minutes"},"schema":{"@context":"https:\/\/schema.org","@graph":[{"@type":"Article","@id":"https:\/\/azurementsport.fr\/index.php\/2025\/02\/03\/national-2-las-cannes-ecrase-toulon-et-grimpe-a-la-2eme-place-du-groupe-a\/#article","isPartOf":{"@id":"https:\/\/azurementsport.fr\/index.php\/2025\/02\/03\/national-2-las-cannes-ecrase-toulon-et-grimpe-a-la-2eme-place-du-groupe-a\/"},"author":{"name":"Azurement Sport","@id":"https:\/\/azurementsport.fr\/#\/schema\/person\/bde18bf25893b2da2f70aa0e69fa7081"},"headline":"National 2 : L&rsquo;AS Cannes \u00e9crase Toulon et grimpe \u00e0 la 2\u00e8me place du groupe A","datePublished":"2025-02-03T09:15:29+00:00","dateModified":"2025-02-03T09:15:31+00:00","mainEntityOfPage":{"@id":"https:\/\/azurementsport.fr\/index.php\/2025\/02\/03\/national-2-las-cannes-ecrase-toulon-et-grimpe-a-la-2eme-place-du-groupe-a\/"},"wordCount":822,"commentCount":0,"publisher":{"@id":"https:\/\/azurementsport.fr\/#organization"},"image":{"@id":"https:\/\/azurementsport.fr\/index.php\/2025\/02\/03\/national-2-las-cannes-ecrase-toulon-et-grimpe-a-la-2eme-place-du-groupe-a\/#primaryimage"},"thumbnailUrl":"https:\/\/azurementsport.fr\/wp-content\/uploads\/2025\/02\/474877747_596465899863460_6061294431236152982_n.jpg","keywords":["as cannes","Cannes","Chafik Abbas","Cheikh Ndoye","Damien Ott","football","Julien Domingues","SC Toulon","Stade Pierre de Coubertin","Toulon"],"articleSection":["Football"],"inLanguage":"fr-FR","potentialAction":[{"@type":"CommentAction","name":"Comment","target":["https:\/\/azurementsport.fr\/index.php\/2025\/02\/03\/national-2-las-cannes-ecrase-toulon-et-grimpe-a-la-2eme-place-du-groupe-a\/#respond"]}]},{"@type":"WebPage","@id":"https:\/\/azurementsport.fr\/index.php\/2025\/02\/03\/national-2-las-cannes-ecrase-toulon-et-grimpe-a-la-2eme-place-du-groupe-a\/","url":"https:\/\/azurementsport.fr\/index.php\/2025\/02\/03\/national-2-las-cannes-ecrase-toulon-et-grimpe-a-la-2eme-place-du-groupe-a\/","name":"National 2 : L'AS Cannes \u00e9crase Toulon et grimpe \u00e0 la 2\u00e8me place du groupe A - Azurement Sport","isPartOf":{"@id":"https:\/\/azurementsport.fr\/#website"},"primaryImageOfPage":{"@id":"https:\/\/azurementsport.fr\/index.php\/2025\/02\/03\/national-2-las-cannes-ecrase-toulon-et-grimpe-a-la-2eme-place-du-groupe-a\/#primaryimage"},"image":{"@id":"https:\/\/azurementsport.fr\/index.php\/2025\/02\/03\/national-2-las-cannes-ecrase-toulon-et-grimpe-a-la-2eme-place-du-groupe-a\/#primaryimage"},"thumbnailUrl":"https:\/\/azurementsport.fr\/wp-content\/uploads\/2025\/02\/474877747_596465899863460_6061294431236152982_n.jpg","datePublished":"2025-02-03T09:15:29+00:00","dateModified":"2025-02-03T09:15:31+00:00","breadcrumb":{"@id":"https:\/\/azurementsport.fr\/index.php\/2025\/02\/03\/national-2-las-cannes-ecrase-toulon-et-grimpe-a-la-2eme-place-du-groupe-a\/#breadcrumb"},"inLanguage":"fr-FR","potentialAction":[{"@type":"ReadAction","target":["https:\/\/azurementsport.fr\/index.php\/2025\/02\/03\/national-2-las-cannes-ecrase-toulon-et-grimpe-a-la-2eme-place-du-groupe-a\/"]}]},{"@type":"ImageObject","inLanguage":"fr-FR","@id":"https:\/\/azurementsport.fr\/index.php\/2025\/02\/03\/national-2-las-cannes-ecrase-toulon-et-grimpe-a-la-2eme-place-du-groupe-a\/#primaryimage","url":"https:\/\/azurementsport.fr\/wp-content\/uploads\/2025\/02\/474877747_596465899863460_6061294431236152982_n.jpg","contentUrl":"https:\/\/azurementsport.fr\/wp-content\/uploads\/2025\/02\/474877747_596465899863460_6061294431236152982_n.jpg","width":2048,"height":1217,"caption":"L'AS Cannes est d\u00e9sormais deuxi\u00e8me de sa poule de National 2 \u00a9 M.M"},{"@type":"BreadcrumbList","@id":"https:\/\/azurementsport.fr\/index.php\/2025\/02\/03\/national-2-las-cannes-ecrase-toulon-et-grimpe-a-la-2eme-place-du-groupe-a\/#breadcrumb","itemListElement":[{"@type":"ListItem","position":1,"name":"Accueil","item":"https:\/\/azurementsport.fr\/"},{"@type":"ListItem","position":2,"name":"National 2 : L&rsquo;AS Cannes \u00e9crase Toulon et grimpe \u00e0 la 2\u00e8me place du groupe A"}]},{"@type":"WebSite","@id":"https:\/\/azurementsport.fr\/#website","url":"https:\/\/azurementsport.fr\/","name":"Azurement Sport","description":"Toute l&#039;actualit\u00e9 sportive de la C\u00f4te d&#039;Azur","publisher":{"@id":"https:\/\/azurementsport.fr\/#organization"},"potentialAction":[{"@type":"SearchAction","target":{"@type":"EntryPoint","urlTemplate":"https:\/\/azurementsport.fr\/?s={search_term_string}"},"query-input":{"@type":"PropertyValueSpecification","valueRequired":true,"valueName":"search_term_string"}}],"inLanguage":"fr-FR"},{"@type":"Organization","@id":"https:\/\/azurementsport.fr\/#organization","name":"Azurement Sport","url":"https:\/\/azurementsport.fr\/","logo":{"@type":"ImageObject","inLanguage":"fr-FR","@id":"https:\/\/azurementsport.fr\/#\/schema\/logo\/image\/","url":"https:\/\/azurementsport.fr\/wp-content\/uploads\/2024\/05\/cropped-cropped-AZUREMENT_SPORT__1_-removebg-preview.png","contentUrl":"https:\/\/azurementsport.fr\/wp-content\/uploads\/2024\/05\/cropped-cropped-AZUREMENT_SPORT__1_-removebg-preview.png","width":500,"height":224,"caption":"Azurement Sport"},"image":{"@id":"https:\/\/azurementsport.fr\/#\/schema\/logo\/image\/"}},{"@type":"Person","@id":"https:\/\/azurementsport.fr\/#\/schema\/person\/bde18bf25893b2da2f70aa0e69fa7081","name":"Azurement Sport","image":{"@type":"ImageObject","inLanguage":"fr-FR","@id":"https:\/\/azurementsport.fr\/#\/schema\/person\/image\/","url":"https:\/\/secure.gravatar.com\/avatar\/6ac2f8b3453d709891d9b248de3f290cee35f005edbe13d94d6fb2c1b54e4fbd?s=96&d=mm&r=g","contentUrl":"https:\/\/secure.gravatar.com\/avatar\/6ac2f8b3453d709891d9b248de3f290cee35f005edbe13d94d6fb2c1b54e4fbd?s=96&d=mm&r=g","caption":"Azurement Sport"},"sameAs":["http:\/\/azurementsport.fr"],"url":"https:\/\/azurementsport.fr\/index.php\/author\/admin3210\/"}]}},"jetpack_featured_media_url":"https:\/\/azurementsport.fr\/wp-content\/uploads\/2025\/02\/474877747_596465899863460_6061294431236152982_n.jpg","jetpack_sharing_enabled":true,"jetpack-related-posts":[],"_links":{"self":[{"href":"https:\/\/azurementsport.fr\/index.php\/wp-json\/wp\/v2\/posts\/1208","targetHints":{"allow":["GET"]}}],"collection":[{"href":"https:\/\/azurementsport.fr\/index.php\/wp-json\/wp\/v2\/posts"}],"about":[{"href":"https:\/\/azurementsport.fr\/index.php\/wp-json\/wp\/v2\/types\/post"}],"author":[{"embeddable":true,"href":"https:\/\/azurementsport.fr\/index.php\/wp-json\/wp\/v2\/users\/1"}],"replies":[{"embeddable":true,"href":"https:\/\/azurementsport.fr\/index.php\/wp-json\/wp\/v2\/comments?post=1208"}],"version-history":[{"count":1,"href":"https:\/\/azurementsport.fr\/index.php\/wp-json\/wp\/v2\/posts\/1208\/revisions"}],"predecessor-version":[{"id":1211,"href":"https:\/\/azurementsport.fr\/index.php\/wp-json\/wp\/v2\/posts\/1208\/revisions\/1211"}],"wp:featuredmedia":[{"embeddable":true,"href":"https:\/\/azurementsport.fr\/index.php\/wp-json\/wp\/v2\/media\/1210"}],"wp:attachment":[{"href":"https:\/\/azurementsport.fr\/index.php\/wp-json\/wp\/v2\/media?parent=1208"}],"wp:term":[{"taxonomy":"category","embeddable":true,"href":"https:\/\/azurementsport.fr\/index.php\/wp-json\/wp\/v2\/categories?post=1208"},{"taxonomy":"post_tag","embeddable":true,"href":"https:\/\/azurementsport.fr\/index.php\/wp-json\/wp\/v2\/tags?post=1208"}],"curies":[{"name":"wp","href":"https:\/\/api.w.org\/{rel}","templated":true}]}}