{"id":1225,"date":"2025-02-27T19:23:36","date_gmt":"2025-02-27T18:23:36","guid":{"rendered":"https:\/\/azurementsport.fr\/?p=1225"},"modified":"2025-02-27T19:27:36","modified_gmt":"2025-02-27T18:27:36","slug":"victorieux-face-a-lasvel-la-roca-team-fonce-en-demi-finale-de-coupe-de-france","status":"publish","type":"post","link":"https:\/\/azurementsport.fr\/index.php\/2025\/02\/27\/victorieux-face-a-lasvel-la-roca-team-fonce-en-demi-finale-de-coupe-de-france\/","title":{"rendered":"Victorieuse face \u00e0 l\u2019ASVEL, la Roca Team fonce en demi-finale de Coupe de France"},"content":{"rendered":"\n<p><strong>Devant pr\u00e8s de 3000 spectateurs \u00e0 Gaston M\u00e9decin, Monaco s\u2019est impos\u00e9 en quart de finale de Coupe de France contre l\u2019ASVEL, sur le score de 83 \u00e0 70. Jordan Loyd s\u2019est distingu\u00e9 en inscrivant 23 points et 6 rebonds pour la Roca Team.<\/strong><\/p>\n\n\n\n<p>C\u2019est d\u2019abord <strong>sans leur coach Vassilis Spanoulis et les internationaux, que Monaco a d\u00fb pr\u00e9parer cette rencontre face \u00e0 l\u2019ASVEL<\/strong>. Un contexte compliqu\u00e9 pour un match important avec, \u00e0 la cl\u00e9, une place en demi-finale de Coupe de France. Mais ce mardi soir \u00e0 Gaston M\u00e9decin, les <strong>absents des pr\u00e9paratifs sont revenus<\/strong> pour se joindre \u00e0 la f\u00eate. Spanoulis et Papagiannis rentr\u00e9s de la s\u00e9lection grecque. Okobo, Cornelie et Strazel revenus de la s\u00e9lection tricolore \u00e0 peine 24 heures apr\u00e8s la victoire de l&rsquo;\u00e9quipe de France face \u00e0 la Bosnie-Herz\u00e9govine (76-74). Jordan Loyd, Georgios Papagiannis, Alpha Diallo, Petr Cornelie et Mike James ont d\u00e9but\u00e9 la rencontre c\u00f4t\u00e9 Mon\u00e9gasque.<\/p>\n\n\n\n<p><strong>Une premi\u00e8re mi-temps sans se l\u00e2cher d\u2019une semelle<\/strong><\/p>\n\n\n\n<p><strong>Monaco a d\u00e9but\u00e9 le match d\u2019une mani\u00e8re quelque peu brouillonne<\/strong> et a mis quelques minutes \u00e0 passer au propre. La faute \u00e0 l\u2019ailier am\u00e9ricain de l\u2019ASVEL Robertson, auteur de 8 points dans les quatre premi\u00e8res minutes de jeu et tr\u00e8s en jambes. Mais m\u00eame men\u00e9e \u00e0 mi-quart-temps (11-15), la Roca Team a pu compter sur un <strong>Jordan Loyd appliqu\u00e9<\/strong> aux lancers-francs. Mike James et Matthew Strazel ont \u00e9galement permis \u00e0 Monaco de souffler et de revenir \u00e0 la fin du premier quart-temps. <strong>23 partout au buzzer<\/strong>.\u00a0<\/p>\n\n\n\n<p>L\u2019\u00e9quipe de Spanoulis commence le deuxi\u00e8me quart-temps en prenant rapidement les devants (28-23). Mais l\u2019ASVEL ne d\u00e9croche pas. Le <strong>match est hach\u00e9 par des fautes des deux \u00e9quipes<\/strong>, qui se rendent coup pour coup. Le retour de Loyd (12 points dans le deuxi\u00e8me quart-temps) sur le parquet permet \u00e0 Monaco de remettre de l\u2019impact dans le jeu. <strong>L\u2019Am\u00e9ricain fait recoller la Roca Team \u00e0 46 partout<\/strong> en fin de premi\u00e8re p\u00e9riode. Aucune des deux \u00e9quipes ne parvient \u00e0 se d\u00e9partager.\u00a0<\/p>\n\n\n\n<p><strong>Monaco fait chavirer l\u2019ASVEL<\/strong><\/p>\n\n\n\n<p>Au retour des vestiaires, l\u2019intensit\u00e9 n\u2019est plus du tout la m\u00eame \u00e0 Gaston M\u00e9decin. <strong>Monaco attaque et prend les devants<\/strong> d\u00e8s les premi\u00e8res secondes (52-48). Strazel r\u00e9ussit ses trois lancers-francs dans la foul\u00e9e pour porter l\u2019avance de la Roca Team \u00e0 +7. C\u2019est Monaco qui impose son rythme. Adroits en attaque, pr\u00e9cis en d\u00e9fense, les Mon\u00e9gasques font craquer l\u2019ASVEL dans le troisi\u00e8me quart-temps. Le capitaine <strong>Mike James participe \u00e0 la f\u00eate<\/strong> en inscrivant 8 points dans ces dix minutes. Les spectateurs sont debout devant le spectacle propos\u00e9 par les joueurs de Vassilis Spanoulis. Naufrage d\u00e9fensif pour l&rsquo;ASVEL qui perd ce quart-temps 31-12. Monaco compte <strong>19 points d\u2019avance (77-58)<\/strong>.<\/p>\n\n\n\n<p>\u00c0 l\u2019image des dix minutes pr\u00e9c\u00e9dentes, la <strong>Roca Team se montre m\u00e9thodique<\/strong> et g\u00e8re son \u00e9cart sereinement dans le dernier quart-temps. Apr\u00e8s avoir jou\u00e9 plus de 17 minutes avec l\u2019\u00e9quipe de France et inscrit 15 points lundi soir face \u00e0 la Bosnie, <strong>Matthew Strazel r\u00e9gale encore<\/strong> en fin de rencontre (18 points au total). Si l\u2019ASVEL r\u00e9duit la diff\u00e9rence de quelques points, les co\u00e9quipiers de Mike James restent calmes. Au terme du quatri\u00e8me quart-temps, la Roca Team s\u2019impose 83 \u00e0 70.<\/p>\n\n\n\n<p><em>\u00ab\u00a0On se devait d&rsquo;\u00eatre s\u00e9rieux apr\u00e8s ce qu&rsquo;il s&rsquo;est pass\u00e9 en Leaders Cup (d\u00e9faite en finale face au Mans). On a fait le job et on a montr\u00e9 du caract\u00e8re\u00a0\u00bb<\/em>, se r\u00e9jouit Vassilis Spanoulis. La Roca Team est qualifi\u00e9e pour les demi-finales de la Coupe de France. <strong>Elle rejoint le Paris Basketball, Bourg-en-Bresse et Le Mans<\/strong>. Le tirage au sort de ces deux rencontres aura lieu le vendredi 28 f\u00e9vrier.<\/p>\n\n\n\n<p class=\"has-text-align-right\"><strong>Marius Druart<\/strong><\/p>\n\n\n\n<details class=\"wp-block-details has-pale-pink-background-color has-background is-layout-flow wp-block-details-is-layout-flow\"><summary>MONACO 83 &#8211; 70 ASVEL<br><br>\u00c0 Monaco, salle Gaston M\u00e9decin<br>2910 spectateurs<br><br>D\u00e9tail : 23-23, 23-23, 31-12, 6-12<br><br>MONACO:<br>25 tirs 63 (9\/30 \u00e0 3 pts), 24 LF sur 33, 41 rebonds (dont 28 d\u00e9fensifs), 15 passes d\u00e9cisives, 12 ballons perdus, 2 interceptions<br>5 d\u00e9 d\u00e9part : Loyd (23 pts, 0 passes, 6 rebonds), Papagiannis (8\/0\/4), Diallo (6\/1\/3), Cornelie (2\/2\/9), James (14\/7\/2)<br>Rempla\u00e7ants : Okobo (0\/0\/0), Blossomgame (4\/0\/1), Theis (6\/1\/4), Jaiteh (2\/0\/1), Tarpey (0\/0\/4), Strazel (18\/4\/2)<br>Entra\u00eeneur : Vassilis Spanoulis<br><br>ASVEL:<br>22 tirs sur 58 (7\/29 \u00e0 3 pts), 19 LF sur 26, 37 rebonds (dont 29 d\u00e9fensifs), 12 passes d\u00e9cisives, 13 ballons perdus, 6 interceptions<br>5 de d\u00e9part : Harrison (9 points, 1 passe, 4 rebonds), Ajinca (5\/0\/1), De Colo (9\/8\/2), Roberson (17\/1\/11), Black (3\/0\/4)<br>Rempla\u00e7ants : Lee (4\/0\/0), Maledon (13\/1\/2), Jackson (0\/0\/1), Sako (2\/1\/0), Mbiya (2\/0\/4), Bentil (6\/0\/3)<br>Entra\u00eeneur : Pierric Poupet<\/summary>\n<p><\/p>\n<\/details>\n","protected":false},"excerpt":{"rendered":"<p>Devant pr\u00e8s de 3000 spectateurs \u00e0 Gaston M\u00e9decin, Monaco s\u2019est impos\u00e9 en quart de finale de Coupe de France contre&hellip;<\/p>\n","protected":false},"author":1,"featured_media":1227,"comment_status":"open","ping_status":"open","sticky":false,"template":"","format":"standard","meta":{"_jetpack_memberships_contains_paid_content":false,"footnotes":""},"categories":[27],"tags":[56,524,50,656,403,167,45,47,563],"class_list":["post-1225","post","type-post","status-publish","format-standard","has-post-thumbnail","hentry","category-basket","tag-as-monaco","tag-asvel","tag-basket","tag-jordan-loyd","tag-matthew-strazel","tag-mike-james","tag-monaco","tag-roca-team","tag-vassilis-spanoulis"],"yoast_head":"<!-- This site is optimized with the Yoast SEO plugin v24.5 - https:\/\/yoast.com\/wordpress\/plugins\/seo\/ -->\n<title>Victorieuse face \u00e0 l\u2019ASVEL, la Roca Team fonce en demi-finale de Coupe de France - Azurement Sport<\/title>\n<meta name=\"robots\" content=\"index, follow, max-snippet:-1, max-image-preview:large, max-video-preview:-1\" \/>\n<link rel=\"canonical\" href=\"https:\/\/azurementsport.fr\/index.php\/2025\/02\/27\/victorieux-face-a-lasvel-la-roca-team-fonce-en-demi-finale-de-coupe-de-france\/\" \/>\n<meta property=\"og:locale\" content=\"fr_FR\" \/>\n<meta property=\"og:type\" content=\"article\" \/>\n<meta property=\"og:title\" content=\"Victorieuse face \u00e0 l\u2019ASVEL, la Roca Team fonce en demi-finale de Coupe de France - Azurement Sport\" \/>\n<meta property=\"og:description\" content=\"Devant pr\u00e8s de 3000 spectateurs \u00e0 Gaston M\u00e9decin, Monaco s\u2019est impos\u00e9 en quart de finale de Coupe de France contre&hellip;\" \/>\n<meta property=\"og:url\" content=\"https:\/\/azurementsport.fr\/index.php\/2025\/02\/27\/victorieux-face-a-lasvel-la-roca-team-fonce-en-demi-finale-de-coupe-de-france\/\" \/>\n<meta property=\"og:site_name\" content=\"Azurement Sport\" \/>\n<meta property=\"article:published_time\" content=\"2025-02-27T18:23:36+00:00\" \/>\n<meta property=\"article:modified_time\" content=\"2025-02-27T18:27:36+00:00\" \/>\n<meta property=\"og:image\" content=\"https:\/\/azurementsport.fr\/wp-content\/uploads\/2025\/02\/IMG-20250227-WA0001.jpg\" \/>\n\t<meta property=\"og:image:width\" content=\"2048\" \/>\n\t<meta property=\"og:image:height\" content=\"1536\" \/>\n\t<meta property=\"og:image:type\" content=\"image\/jpeg\" \/>\n<meta name=\"author\" content=\"Azurement Sport\" \/>\n<meta name=\"twitter:card\" content=\"summary_large_image\" \/>\n<meta name=\"twitter:label1\" content=\"\u00c9crit par\" \/>\n\t<meta name=\"twitter:data1\" content=\"Azurement Sport\" \/>\n\t<meta name=\"twitter:label2\" content=\"Dur\u00e9e de lecture estim\u00e9e\" \/>\n\t<meta name=\"twitter:data2\" content=\"4 minutes\" \/>\n<script type=\"application\/ld+json\" class=\"yoast-schema-graph\">{\"@context\":\"https:\/\/schema.org\",\"@graph\":[{\"@type\":\"Article\",\"@id\":\"https:\/\/azurementsport.fr\/index.php\/2025\/02\/27\/victorieux-face-a-lasvel-la-roca-team-fonce-en-demi-finale-de-coupe-de-france\/#article\",\"isPartOf\":{\"@id\":\"https:\/\/azurementsport.fr\/index.php\/2025\/02\/27\/victorieux-face-a-lasvel-la-roca-team-fonce-en-demi-finale-de-coupe-de-france\/\"},\"author\":{\"name\":\"Azurement Sport\",\"@id\":\"https:\/\/azurementsport.fr\/#\/schema\/person\/bde18bf25893b2da2f70aa0e69fa7081\"},\"headline\":\"Victorieuse face \u00e0 l\u2019ASVEL, la Roca Team fonce en demi-finale de Coupe de France\",\"datePublished\":\"2025-02-27T18:23:36+00:00\",\"dateModified\":\"2025-02-27T18:27:36+00:00\",\"mainEntityOfPage\":{\"@id\":\"https:\/\/azurementsport.fr\/index.php\/2025\/02\/27\/victorieux-face-a-lasvel-la-roca-team-fonce-en-demi-finale-de-coupe-de-france\/\"},\"wordCount\":745,\"commentCount\":0,\"publisher\":{\"@id\":\"https:\/\/azurementsport.fr\/#organization\"},\"image\":{\"@id\":\"https:\/\/azurementsport.fr\/index.php\/2025\/02\/27\/victorieux-face-a-lasvel-la-roca-team-fonce-en-demi-finale-de-coupe-de-france\/#primaryimage\"},\"thumbnailUrl\":\"https:\/\/azurementsport.fr\/wp-content\/uploads\/2025\/02\/IMG-20250227-WA0001.jpg\",\"keywords\":[\"AS Monaco\",\"ASVEL\",\"Basket\",\"Jordan Loyd\",\"Matthew Strazel\",\"Mike James\",\"Monaco\",\"Roca Team\",\"vassilis Spanoulis\"],\"articleSection\":[\"Basket\"],\"inLanguage\":\"fr-FR\",\"potentialAction\":[{\"@type\":\"CommentAction\",\"name\":\"Comment\",\"target\":[\"https:\/\/azurementsport.fr\/index.php\/2025\/02\/27\/victorieux-face-a-lasvel-la-roca-team-fonce-en-demi-finale-de-coupe-de-france\/#respond\"]}]},{\"@type\":\"WebPage\",\"@id\":\"https:\/\/azurementsport.fr\/index.php\/2025\/02\/27\/victorieux-face-a-lasvel-la-roca-team-fonce-en-demi-finale-de-coupe-de-france\/\",\"url\":\"https:\/\/azurementsport.fr\/index.php\/2025\/02\/27\/victorieux-face-a-lasvel-la-roca-team-fonce-en-demi-finale-de-coupe-de-france\/\",\"name\":\"Victorieuse face \u00e0 l\u2019ASVEL, la Roca Team fonce en demi-finale de Coupe de France - Azurement Sport\",\"isPartOf\":{\"@id\":\"https:\/\/azurementsport.fr\/#website\"},\"primaryImageOfPage\":{\"@id\":\"https:\/\/azurementsport.fr\/index.php\/2025\/02\/27\/victorieux-face-a-lasvel-la-roca-team-fonce-en-demi-finale-de-coupe-de-france\/#primaryimage\"},\"image\":{\"@id\":\"https:\/\/azurementsport.fr\/index.php\/2025\/02\/27\/victorieux-face-a-lasvel-la-roca-team-fonce-en-demi-finale-de-coupe-de-france\/#primaryimage\"},\"thumbnailUrl\":\"https:\/\/azurementsport.fr\/wp-content\/uploads\/2025\/02\/IMG-20250227-WA0001.jpg\",\"datePublished\":\"2025-02-27T18:23:36+00:00\",\"dateModified\":\"2025-02-27T18:27:36+00:00\",\"breadcrumb\":{\"@id\":\"https:\/\/azurementsport.fr\/index.php\/2025\/02\/27\/victorieux-face-a-lasvel-la-roca-team-fonce-en-demi-finale-de-coupe-de-france\/#breadcrumb\"},\"inLanguage\":\"fr-FR\",\"potentialAction\":[{\"@type\":\"ReadAction\",\"target\":[\"https:\/\/azurementsport.fr\/index.php\/2025\/02\/27\/victorieux-face-a-lasvel-la-roca-team-fonce-en-demi-finale-de-coupe-de-france\/\"]}]},{\"@type\":\"ImageObject\",\"inLanguage\":\"fr-FR\",\"@id\":\"https:\/\/azurementsport.fr\/index.php\/2025\/02\/27\/victorieux-face-a-lasvel-la-roca-team-fonce-en-demi-finale-de-coupe-de-france\/#primaryimage\",\"url\":\"https:\/\/azurementsport.fr\/wp-content\/uploads\/2025\/02\/IMG-20250227-WA0001.jpg\",\"contentUrl\":\"https:\/\/azurementsport.fr\/wp-content\/uploads\/2025\/02\/IMG-20250227-WA0001.jpg\",\"width\":2048,\"height\":1536,\"caption\":\"En demi-finale, Monaco affrontera Paris, Bourg-en-Bresse ou Le Mans \u00a9 Lisa Fernandes Martins\"},{\"@type\":\"BreadcrumbList\",\"@id\":\"https:\/\/azurementsport.fr\/index.php\/2025\/02\/27\/victorieux-face-a-lasvel-la-roca-team-fonce-en-demi-finale-de-coupe-de-france\/#breadcrumb\",\"itemListElement\":[{\"@type\":\"ListItem\",\"position\":1,\"name\":\"Accueil\",\"item\":\"https:\/\/azurementsport.fr\/\"},{\"@type\":\"ListItem\",\"position\":2,\"name\":\"Victorieuse face \u00e0 l\u2019ASVEL, la Roca Team fonce en demi-finale de Coupe de France\"}]},{\"@type\":\"WebSite\",\"@id\":\"https:\/\/azurementsport.fr\/#website\",\"url\":\"https:\/\/azurementsport.fr\/\",\"name\":\"Azurement Sport\",\"description\":\"Toute l&#039;actualit\u00e9 sportive de la C\u00f4te d&#039;Azur\",\"publisher\":{\"@id\":\"https:\/\/azurementsport.fr\/#organization\"},\"potentialAction\":[{\"@type\":\"SearchAction\",\"target\":{\"@type\":\"EntryPoint\",\"urlTemplate\":\"https:\/\/azurementsport.fr\/?s={search_term_string}\"},\"query-input\":{\"@type\":\"PropertyValueSpecification\",\"valueRequired\":true,\"valueName\":\"search_term_string\"}}],\"inLanguage\":\"fr-FR\"},{\"@type\":\"Organization\",\"@id\":\"https:\/\/azurementsport.fr\/#organization\",\"name\":\"Azurement Sport\",\"url\":\"https:\/\/azurementsport.fr\/\",\"logo\":{\"@type\":\"ImageObject\",\"inLanguage\":\"fr-FR\",\"@id\":\"https:\/\/azurementsport.fr\/#\/schema\/logo\/image\/\",\"url\":\"https:\/\/azurementsport.fr\/wp-content\/uploads\/2024\/05\/cropped-cropped-AZUREMENT_SPORT__1_-removebg-preview.png\",\"contentUrl\":\"https:\/\/azurementsport.fr\/wp-content\/uploads\/2024\/05\/cropped-cropped-AZUREMENT_SPORT__1_-removebg-preview.png\",\"width\":500,\"height\":224,\"caption\":\"Azurement Sport\"},\"image\":{\"@id\":\"https:\/\/azurementsport.fr\/#\/schema\/logo\/image\/\"}},{\"@type\":\"Person\",\"@id\":\"https:\/\/azurementsport.fr\/#\/schema\/person\/bde18bf25893b2da2f70aa0e69fa7081\",\"name\":\"Azurement Sport\",\"image\":{\"@type\":\"ImageObject\",\"inLanguage\":\"fr-FR\",\"@id\":\"https:\/\/azurementsport.fr\/#\/schema\/person\/image\/\",\"url\":\"https:\/\/secure.gravatar.com\/avatar\/6ac2f8b3453d709891d9b248de3f290cee35f005edbe13d94d6fb2c1b54e4fbd?s=96&d=mm&r=g\",\"contentUrl\":\"https:\/\/secure.gravatar.com\/avatar\/6ac2f8b3453d709891d9b248de3f290cee35f005edbe13d94d6fb2c1b54e4fbd?s=96&d=mm&r=g\",\"caption\":\"Azurement Sport\"},\"sameAs\":[\"http:\/\/azurementsport.fr\"],\"url\":\"https:\/\/azurementsport.fr\/index.php\/author\/admin3210\/\"}]}<\/script>\n<!-- \/ Yoast SEO plugin. -->","yoast_head_json":{"title":"Victorieuse face \u00e0 l\u2019ASVEL, la Roca Team fonce en demi-finale de Coupe de France - Azurement Sport","robots":{"index":"index","follow":"follow","max-snippet":"max-snippet:-1","max-image-preview":"max-image-preview:large","max-video-preview":"max-video-preview:-1"},"canonical":"https:\/\/azurementsport.fr\/index.php\/2025\/02\/27\/victorieux-face-a-lasvel-la-roca-team-fonce-en-demi-finale-de-coupe-de-france\/","og_locale":"fr_FR","og_type":"article","og_title":"Victorieuse face \u00e0 l\u2019ASVEL, la Roca Team fonce en demi-finale de Coupe de France - Azurement Sport","og_description":"Devant pr\u00e8s de 3000 spectateurs \u00e0 Gaston M\u00e9decin, Monaco s\u2019est impos\u00e9 en quart de finale de Coupe de France contre&hellip;","og_url":"https:\/\/azurementsport.fr\/index.php\/2025\/02\/27\/victorieux-face-a-lasvel-la-roca-team-fonce-en-demi-finale-de-coupe-de-france\/","og_site_name":"Azurement Sport","article_published_time":"2025-02-27T18:23:36+00:00","article_modified_time":"2025-02-27T18:27:36+00:00","og_image":[{"width":2048,"height":1536,"url":"https:\/\/azurementsport.fr\/wp-content\/uploads\/2025\/02\/IMG-20250227-WA0001.jpg","type":"image\/jpeg"}],"author":"Azurement Sport","twitter_card":"summary_large_image","twitter_misc":{"\u00c9crit par":"Azurement Sport","Dur\u00e9e de lecture estim\u00e9e":"4 minutes"},"schema":{"@context":"https:\/\/schema.org","@graph":[{"@type":"Article","@id":"https:\/\/azurementsport.fr\/index.php\/2025\/02\/27\/victorieux-face-a-lasvel-la-roca-team-fonce-en-demi-finale-de-coupe-de-france\/#article","isPartOf":{"@id":"https:\/\/azurementsport.fr\/index.php\/2025\/02\/27\/victorieux-face-a-lasvel-la-roca-team-fonce-en-demi-finale-de-coupe-de-france\/"},"author":{"name":"Azurement Sport","@id":"https:\/\/azurementsport.fr\/#\/schema\/person\/bde18bf25893b2da2f70aa0e69fa7081"},"headline":"Victorieuse face \u00e0 l\u2019ASVEL, la Roca Team fonce en demi-finale de Coupe de France","datePublished":"2025-02-27T18:23:36+00:00","dateModified":"2025-02-27T18:27:36+00:00","mainEntityOfPage":{"@id":"https:\/\/azurementsport.fr\/index.php\/2025\/02\/27\/victorieux-face-a-lasvel-la-roca-team-fonce-en-demi-finale-de-coupe-de-france\/"},"wordCount":745,"commentCount":0,"publisher":{"@id":"https:\/\/azurementsport.fr\/#organization"},"image":{"@id":"https:\/\/azurementsport.fr\/index.php\/2025\/02\/27\/victorieux-face-a-lasvel-la-roca-team-fonce-en-demi-finale-de-coupe-de-france\/#primaryimage"},"thumbnailUrl":"https:\/\/azurementsport.fr\/wp-content\/uploads\/2025\/02\/IMG-20250227-WA0001.jpg","keywords":["AS Monaco","ASVEL","Basket","Jordan Loyd","Matthew Strazel","Mike James","Monaco","Roca Team","vassilis Spanoulis"],"articleSection":["Basket"],"inLanguage":"fr-FR","potentialAction":[{"@type":"CommentAction","name":"Comment","target":["https:\/\/azurementsport.fr\/index.php\/2025\/02\/27\/victorieux-face-a-lasvel-la-roca-team-fonce-en-demi-finale-de-coupe-de-france\/#respond"]}]},{"@type":"WebPage","@id":"https:\/\/azurementsport.fr\/index.php\/2025\/02\/27\/victorieux-face-a-lasvel-la-roca-team-fonce-en-demi-finale-de-coupe-de-france\/","url":"https:\/\/azurementsport.fr\/index.php\/2025\/02\/27\/victorieux-face-a-lasvel-la-roca-team-fonce-en-demi-finale-de-coupe-de-france\/","name":"Victorieuse face \u00e0 l\u2019ASVEL, la Roca Team fonce en demi-finale de Coupe de France - Azurement Sport","isPartOf":{"@id":"https:\/\/azurementsport.fr\/#website"},"primaryImageOfPage":{"@id":"https:\/\/azurementsport.fr\/index.php\/2025\/02\/27\/victorieux-face-a-lasvel-la-roca-team-fonce-en-demi-finale-de-coupe-de-france\/#primaryimage"},"image":{"@id":"https:\/\/azurementsport.fr\/index.php\/2025\/02\/27\/victorieux-face-a-lasvel-la-roca-team-fonce-en-demi-finale-de-coupe-de-france\/#primaryimage"},"thumbnailUrl":"https:\/\/azurementsport.fr\/wp-content\/uploads\/2025\/02\/IMG-20250227-WA0001.jpg","datePublished":"2025-02-27T18:23:36+00:00","dateModified":"2025-02-27T18:27:36+00:00","breadcrumb":{"@id":"https:\/\/azurementsport.fr\/index.php\/2025\/02\/27\/victorieux-face-a-lasvel-la-roca-team-fonce-en-demi-finale-de-coupe-de-france\/#breadcrumb"},"inLanguage":"fr-FR","potentialAction":[{"@type":"ReadAction","target":["https:\/\/azurementsport.fr\/index.php\/2025\/02\/27\/victorieux-face-a-lasvel-la-roca-team-fonce-en-demi-finale-de-coupe-de-france\/"]}]},{"@type":"ImageObject","inLanguage":"fr-FR","@id":"https:\/\/azurementsport.fr\/index.php\/2025\/02\/27\/victorieux-face-a-lasvel-la-roca-team-fonce-en-demi-finale-de-coupe-de-france\/#primaryimage","url":"https:\/\/azurementsport.fr\/wp-content\/uploads\/2025\/02\/IMG-20250227-WA0001.jpg","contentUrl":"https:\/\/azurementsport.fr\/wp-content\/uploads\/2025\/02\/IMG-20250227-WA0001.jpg","width":2048,"height":1536,"caption":"En demi-finale, Monaco affrontera Paris, Bourg-en-Bresse ou Le Mans \u00a9 Lisa Fernandes Martins"},{"@type":"BreadcrumbList","@id":"https:\/\/azurementsport.fr\/index.php\/2025\/02\/27\/victorieux-face-a-lasvel-la-roca-team-fonce-en-demi-finale-de-coupe-de-france\/#breadcrumb","itemListElement":[{"@type":"ListItem","position":1,"name":"Accueil","item":"https:\/\/azurementsport.fr\/"},{"@type":"ListItem","position":2,"name":"Victorieuse face \u00e0 l\u2019ASVEL, la Roca Team fonce en demi-finale de Coupe de France"}]},{"@type":"WebSite","@id":"https:\/\/azurementsport.fr\/#website","url":"https:\/\/azurementsport.fr\/","name":"Azurement Sport","description":"Toute l&#039;actualit\u00e9 sportive de la C\u00f4te d&#039;Azur","publisher":{"@id":"https:\/\/azurementsport.fr\/#organization"},"potentialAction":[{"@type":"SearchAction","target":{"@type":"EntryPoint","urlTemplate":"https:\/\/azurementsport.fr\/?s={search_term_string}"},"query-input":{"@type":"PropertyValueSpecification","valueRequired":true,"valueName":"search_term_string"}}],"inLanguage":"fr-FR"},{"@type":"Organization","@id":"https:\/\/azurementsport.fr\/#organization","name":"Azurement Sport","url":"https:\/\/azurementsport.fr\/","logo":{"@type":"ImageObject","inLanguage":"fr-FR","@id":"https:\/\/azurementsport.fr\/#\/schema\/logo\/image\/","url":"https:\/\/azurementsport.fr\/wp-content\/uploads\/2024\/05\/cropped-cropped-AZUREMENT_SPORT__1_-removebg-preview.png","contentUrl":"https:\/\/azurementsport.fr\/wp-content\/uploads\/2024\/05\/cropped-cropped-AZUREMENT_SPORT__1_-removebg-preview.png","width":500,"height":224,"caption":"Azurement Sport"},"image":{"@id":"https:\/\/azurementsport.fr\/#\/schema\/logo\/image\/"}},{"@type":"Person","@id":"https:\/\/azurementsport.fr\/#\/schema\/person\/bde18bf25893b2da2f70aa0e69fa7081","name":"Azurement Sport","image":{"@type":"ImageObject","inLanguage":"fr-FR","@id":"https:\/\/azurementsport.fr\/#\/schema\/person\/image\/","url":"https:\/\/secure.gravatar.com\/avatar\/6ac2f8b3453d709891d9b248de3f290cee35f005edbe13d94d6fb2c1b54e4fbd?s=96&d=mm&r=g","contentUrl":"https:\/\/secure.gravatar.com\/avatar\/6ac2f8b3453d709891d9b248de3f290cee35f005edbe13d94d6fb2c1b54e4fbd?s=96&d=mm&r=g","caption":"Azurement Sport"},"sameAs":["http:\/\/azurementsport.fr"],"url":"https:\/\/azurementsport.fr\/index.php\/author\/admin3210\/"}]}},"jetpack_featured_media_url":"https:\/\/azurementsport.fr\/wp-content\/uploads\/2025\/02\/IMG-20250227-WA0001.jpg","jetpack_sharing_enabled":true,"jetpack-related-posts":[],"_links":{"self":[{"href":"https:\/\/azurementsport.fr\/index.php\/wp-json\/wp\/v2\/posts\/1225","targetHints":{"allow":["GET"]}}],"collection":[{"href":"https:\/\/azurementsport.fr\/index.php\/wp-json\/wp\/v2\/posts"}],"about":[{"href":"https:\/\/azurementsport.fr\/index.php\/wp-json\/wp\/v2\/types\/post"}],"author":[{"embeddable":true,"href":"https:\/\/azurementsport.fr\/index.php\/wp-json\/wp\/v2\/users\/1"}],"replies":[{"embeddable":true,"href":"https:\/\/azurementsport.fr\/index.php\/wp-json\/wp\/v2\/comments?post=1225"}],"version-history":[{"count":3,"href":"https:\/\/azurementsport.fr\/index.php\/wp-json\/wp\/v2\/posts\/1225\/revisions"}],"predecessor-version":[{"id":1229,"href":"https:\/\/azurementsport.fr\/index.php\/wp-json\/wp\/v2\/posts\/1225\/revisions\/1229"}],"wp:featuredmedia":[{"embeddable":true,"href":"https:\/\/azurementsport.fr\/index.php\/wp-json\/wp\/v2\/media\/1227"}],"wp:attachment":[{"href":"https:\/\/azurementsport.fr\/index.php\/wp-json\/wp\/v2\/media?parent=1225"}],"wp:term":[{"taxonomy":"category","embeddable":true,"href":"https:\/\/azurementsport.fr\/index.php\/wp-json\/wp\/v2\/categories?post=1225"},{"taxonomy":"post_tag","embeddable":true,"href":"https:\/\/azurementsport.fr\/index.php\/wp-json\/wp\/v2\/tags?post=1225"}],"curies":[{"name":"wp","href":"https:\/\/api.w.org\/{rel}","templated":true}]}}