{"id":1299,"date":"2025-05-07T21:59:32","date_gmt":"2025-05-07T19:59:32","guid":{"rendered":"https:\/\/azurementsport.fr\/?p=1299"},"modified":"2025-05-07T21:59:32","modified_gmt":"2025-05-07T19:59:32","slug":"cyclisme-un-parcours-spectaculaire-pour-la-3e-edition-du-tour-de-la-casa","status":"publish","type":"post","link":"https:\/\/azurementsport.fr\/index.php\/2025\/05\/07\/cyclisme-un-parcours-spectaculaire-pour-la-3e-edition-du-tour-de-la-casa\/","title":{"rendered":"Cyclisme: Un parcours spectaculaire pour la 3e \u00e9dition du Tour de la CASA"},"content":{"rendered":"\n<p><strong>Le Tour de la CASA (Communaut\u00e9 d&rsquo;Agglom\u00e9ration de Sophia Antipolis) se d\u00e9roulera cette semaine du 8 au 11 mai. Avec deux contre-la-montre et plus de 5600 m\u00e8tres de d\u00e9nivel\u00e9s, cette nouvelle \u00e9dition s&rsquo;annonce explosive.<\/strong><\/p>\n\n\n\n<p>Cinq \u00e9tapes, 375 kilom\u00e8tres de course et 5650 m\u00e8tres de d\u00e9nivel\u00e9s positifs, voil\u00e0 le programme de cette troisi\u00e8me \u00e9dition du Tour de la CASA. Les meilleurs cyclistes amateurs et semi-professionnels de la r\u00e9gion se sont donn\u00e9s rendez-vous pour cette \u00e9preuve d\u00e9sormais incontournable du calendrier. Retrouvez le parcours d\u00e9taill\u00e9 du Tour de la CASA 2025 (8 au 11 mai) avec la carte et les profils des 5 \u00e9tapes.<\/p>\n\n\n\n<figure class=\"wp-block-embed is-type-rich is-provider-instagram wp-block-embed-instagram\"><div class=\"wp-block-embed__wrapper\">\n<blockquote class=\"instagram-media\" data-instgrm-captioned data-instgrm-permalink=\"https:\/\/www.instagram.com\/reel\/DI4ZQQxsxwk\/?utm_source=ig_embed&amp;utm_campaign=loading\" data-instgrm-version=\"14\" style=\" background:#FFF; border:0; border-radius:3px; box-shadow:0 0 1px 0 rgba(0,0,0,0.5),0 1px 10px 0 rgba(0,0,0,0.15); margin: 1px; max-width:640px; min-width:326px; padding:0; width:99.375%; width:-webkit-calc(100% - 2px); width:calc(100% - 2px);\"><div style=\"padding:16px;\"> <a href=\"https:\/\/www.instagram.com\/reel\/DI4ZQQxsxwk\/?utm_source=ig_embed&amp;utm_campaign=loading\" style=\" background:#FFFFFF; line-height:0; padding:0 0; text-align:center; text-decoration:none; width:100%;\" target=\"_blank\"> <div style=\" display: flex; flex-direction: row; align-items: center;\"> <div style=\"background-color: #F4F4F4; border-radius: 50%; flex-grow: 0; height: 40px; margin-right: 14px; width: 40px;\"><\/div> <div style=\"display: flex; flex-direction: column; flex-grow: 1; justify-content: center;\"> <div style=\" background-color: #F4F4F4; border-radius: 4px; flex-grow: 0; height: 14px; margin-bottom: 6px; width: 100px;\"><\/div> <div style=\" background-color: #F4F4F4; border-radius: 4px; flex-grow: 0; height: 14px; width: 60px;\"><\/div><\/div><\/div><div style=\"padding: 19% 0;\"><\/div> <div style=\"display:block; height:50px; margin:0 auto 12px; width:50px;\"><svg width=\"50px\" height=\"50px\" viewBox=\"0 0 60 60\" version=\"1.1\" xmlns=\"https:\/\/www.w3.org\/2000\/svg\" xmlns:xlink=\"https:\/\/www.w3.org\/1999\/xlink\"><g stroke=\"none\" stroke-width=\"1\" fill=\"none\" fill-rule=\"evenodd\"><g transform=\"translate(-511.000000, -20.000000)\" fill=\"#000000\"><g><path d=\"M556.869,30.41 C554.814,30.41 553.148,32.076 553.148,34.131 C553.148,36.186 554.814,37.852 556.869,37.852 C558.924,37.852 560.59,36.186 560.59,34.131 C560.59,32.076 558.924,30.41 556.869,30.41 M541,60.657 C535.114,60.657 530.342,55.887 530.342,50 C530.342,44.114 535.114,39.342 541,39.342 C546.887,39.342 551.658,44.114 551.658,50 C551.658,55.887 546.887,60.657 541,60.657 M541,33.886 C532.1,33.886 524.886,41.1 524.886,50 C524.886,58.899 532.1,66.113 541,66.113 C549.9,66.113 557.115,58.899 557.115,50 C557.115,41.1 549.9,33.886 541,33.886 M565.378,62.101 C565.244,65.022 564.756,66.606 564.346,67.663 C563.803,69.06 563.154,70.057 562.106,71.106 C561.058,72.155 560.06,72.803 558.662,73.347 C557.607,73.757 556.021,74.244 553.102,74.378 C549.944,74.521 548.997,74.552 541,74.552 C533.003,74.552 532.056,74.521 528.898,74.378 C525.979,74.244 524.393,73.757 523.338,73.347 C521.94,72.803 520.942,72.155 519.894,71.106 C518.846,70.057 518.197,69.06 517.654,67.663 C517.244,66.606 516.755,65.022 516.623,62.101 C516.479,58.943 516.448,57.996 516.448,50 C516.448,42.003 516.479,41.056 516.623,37.899 C516.755,34.978 517.244,33.391 517.654,32.338 C518.197,30.938 518.846,29.942 519.894,28.894 C520.942,27.846 521.94,27.196 523.338,26.654 C524.393,26.244 525.979,25.756 528.898,25.623 C532.057,25.479 533.004,25.448 541,25.448 C548.997,25.448 549.943,25.479 553.102,25.623 C556.021,25.756 557.607,26.244 558.662,26.654 C560.06,27.196 561.058,27.846 562.106,28.894 C563.154,29.942 563.803,30.938 564.346,32.338 C564.756,33.391 565.244,34.978 565.378,37.899 C565.522,41.056 565.552,42.003 565.552,50 C565.552,57.996 565.522,58.943 565.378,62.101 M570.82,37.631 C570.674,34.438 570.167,32.258 569.425,30.349 C568.659,28.377 567.633,26.702 565.965,25.035 C564.297,23.368 562.623,22.342 560.652,21.575 C558.743,20.834 556.562,20.326 553.369,20.18 C550.169,20.033 549.148,20 541,20 C532.853,20 531.831,20.033 528.631,20.18 C525.438,20.326 523.257,20.834 521.349,21.575 C519.376,22.342 517.703,23.368 516.035,25.035 C514.368,26.702 513.342,28.377 512.574,30.349 C511.834,32.258 511.326,34.438 511.181,37.631 C511.035,40.831 511,41.851 511,50 C511,58.147 511.035,59.17 511.181,62.369 C511.326,65.562 511.834,67.743 512.574,69.651 C513.342,71.625 514.368,73.296 516.035,74.965 C517.703,76.634 519.376,77.658 521.349,78.425 C523.257,79.167 525.438,79.673 528.631,79.82 C531.831,79.965 532.853,80.001 541,80.001 C549.148,80.001 550.169,79.965 553.369,79.82 C556.562,79.673 558.743,79.167 560.652,78.425 C562.623,77.658 564.297,76.634 565.965,74.965 C567.633,73.296 568.659,71.625 569.425,69.651 C570.167,67.743 570.674,65.562 570.82,62.369 C570.966,59.17 571,58.147 571,50 C571,41.851 570.966,40.831 570.82,37.631\"><\/path><\/g><\/g><\/g><\/svg><\/div><div style=\"padding-top: 8px;\"> <div style=\" color:#3897f0; font-family:Arial,sans-serif; font-size:14px; font-style:normal; font-weight:550; line-height:18px;\">View this post on Instagram<\/div><\/div><div style=\"padding: 12.5% 0;\"><\/div> <div style=\"display: flex; flex-direction: row; margin-bottom: 14px; align-items: center;\"><div> <div style=\"background-color: #F4F4F4; border-radius: 50%; height: 12.5px; width: 12.5px; transform: translateX(0px) translateY(7px);\"><\/div> <div style=\"background-color: #F4F4F4; height: 12.5px; transform: rotate(-45deg) translateX(3px) translateY(1px); width: 12.5px; flex-grow: 0; margin-right: 14px; margin-left: 2px;\"><\/div> <div style=\"background-color: #F4F4F4; border-radius: 50%; height: 12.5px; width: 12.5px; transform: translateX(9px) translateY(-18px);\"><\/div><\/div><div style=\"margin-left: 8px;\"> <div style=\" background-color: #F4F4F4; border-radius: 50%; flex-grow: 0; height: 20px; width: 20px;\"><\/div> <div style=\" width: 0; height: 0; border-top: 2px solid transparent; border-left: 6px solid #f4f4f4; border-bottom: 2px solid transparent; transform: translateX(16px) translateY(-4px) rotate(30deg)\"><\/div><\/div><div style=\"margin-left: auto;\"> <div style=\" width: 0px; border-top: 8px solid #F4F4F4; border-right: 8px solid transparent; transform: translateY(16px);\"><\/div> <div style=\" background-color: #F4F4F4; flex-grow: 0; height: 12px; width: 16px; transform: translateY(-4px);\"><\/div> <div style=\" width: 0; height: 0; border-top: 8px solid #F4F4F4; border-left: 8px solid transparent; transform: translateY(-4px) translateX(8px);\"><\/div><\/div><\/div> <div style=\"display: flex; flex-direction: column; flex-grow: 1; justify-content: center; margin-bottom: 24px;\"> <div style=\" background-color: #F4F4F4; border-radius: 4px; flex-grow: 0; height: 14px; margin-bottom: 6px; width: 224px;\"><\/div> <div style=\" background-color: #F4F4F4; border-radius: 4px; flex-grow: 0; height: 14px; width: 144px;\"><\/div><\/div><\/a><p style=\" color:#c9c8cd; font-family:Arial,sans-serif; font-size:14px; line-height:17px; margin-bottom:0; margin-top:8px; overflow:hidden; padding:8px 0 7px; text-align:center; text-overflow:ellipsis; white-space:nowrap;\"><a href=\"https:\/\/www.instagram.com\/reel\/DI4ZQQxsxwk\/?utm_source=ig_embed&amp;utm_campaign=loading\" style=\" color:#c9c8cd; font-family:Arial,sans-serif; font-size:14px; font-style:normal; font-weight:normal; line-height:17px; text-decoration:none;\" target=\"_blank\">A post shared by \ud83d\udd253\u00e8me \ud835\udde7\ud835\uddfc\ud835\ude02\ud835\uddff \ud835\uddf1\ud835\uddf2 \ud835\uddf9\ud835\uddee \ud835\uddd6\ud835\uddd4\ud835\udde6\ud835\uddd4\ud83d\udd25 (@tour_de_la_casa)<\/a><\/p><\/div><\/blockquote><script async src=\"\/\/platform.instagram.com\/en_US\/embeds.js\"><\/script>\n<\/div><\/figure>\n\n\n\n<p><strong>1e \u00e9tape : Antibes (2km)<\/strong><\/p>\n\n\n\n<p>Ce prologue totalement plat et tr\u00e8s court avec seulement 2 kilom\u00e8tres sera pour les coureurs puissants et v\u00e9loces. Les cyclistes s\u2019\u00e9lanceront de la Siesta \u00e0 Antibes sur une grande ligne droite en bord de mer jusqu&rsquo;\u00e0 l&#8217;embl\u00e9matique Fort Carr\u00e9 o\u00f9 sera distribu\u00e9 le premier maillot jaune de cette 3e \u00e9dition du Tour de la CASA.<\/p>\n\n\n<div class=\"wp-block-image\">\n<figure class=\"alignleft size-full is-resized\"><img loading=\"lazy\" decoding=\"async\" width=\"641\" height=\"616\" src=\"https:\/\/azurementsport.fr\/wp-content\/uploads\/2025\/05\/image.png\" alt=\"\" class=\"wp-image-1300\" style=\"width:389px;height:auto\" srcset=\"https:\/\/azurementsport.fr\/wp-content\/uploads\/2025\/05\/image.png 641w, https:\/\/azurementsport.fr\/wp-content\/uploads\/2025\/05\/image-300x288.png 300w\" sizes=\"auto, (max-width: 641px) 100vw, 641px\" \/><figcaption class=\"wp-element-caption\"><strong><em>Le trac\u00e9 de la 1e \u00e9tape du Tour de la CASA 2025<\/em><\/strong>.<\/figcaption><\/figure>\n<\/div>\n\n\n<figure class=\"wp-block-image size-full\"><img loading=\"lazy\" decoding=\"async\" width=\"368\" height=\"427\" src=\"https:\/\/azurementsport.fr\/wp-content\/uploads\/2025\/05\/image-2.png\" alt=\"\" class=\"wp-image-1302\" srcset=\"https:\/\/azurementsport.fr\/wp-content\/uploads\/2025\/05\/image-2.png 368w, https:\/\/azurementsport.fr\/wp-content\/uploads\/2025\/05\/image-2-259x300.png 259w\" sizes=\"auto, (max-width: 368px) 100vw, 368px\" \/><\/figure>\n\n\n\n<p><strong>2e \u00e9tape : Caussols (117,5km-1700m d+)<\/strong><\/p>\n\n\n\n<p>Au programme de cette deuxi\u00e8me \u00e9tape, 15 tours d&rsquo;un circuit difficile avec la redoutable c\u00f4te des Gleirettes o\u00f9 sera jug\u00e9e l&rsquo;arriv\u00e9e au sommet. Avec 1700 m\u00e8tres de d\u00e9nivel\u00e9 positif, ce parcours est r\u00e9serv\u00e9 pour les grimpeurs et les puncheurs. On pourrait assister \u00e0 une premi\u00e8re explication entre les hommes forts de ce Tour de la CASA.<\/p>\n\n\n<div class=\"wp-block-image\">\n<figure class=\"alignleft size-full is-resized\"><img loading=\"lazy\" decoding=\"async\" width=\"565\" height=\"552\" src=\"https:\/\/azurementsport.fr\/wp-content\/uploads\/2025\/05\/image-4.png\" alt=\"\" class=\"wp-image-1304\" style=\"width:351px;height:auto\" srcset=\"https:\/\/azurementsport.fr\/wp-content\/uploads\/2025\/05\/image-4.png 565w, https:\/\/azurementsport.fr\/wp-content\/uploads\/2025\/05\/image-4-300x293.png 300w\" sizes=\"auto, (max-width: 565px) 100vw, 565px\" \/><figcaption class=\"wp-element-caption\"><strong><em>Le trac\u00e9 de la 2e \u00e9tape du Tour de la CASA 2025<\/em><\/strong>.<\/figcaption><\/figure>\n<\/div>\n\n\n<figure class=\"wp-block-image size-full\"><img loading=\"lazy\" decoding=\"async\" width=\"375\" height=\"407\" src=\"https:\/\/azurementsport.fr\/wp-content\/uploads\/2025\/05\/image-5.png\" alt=\"\" class=\"wp-image-1305\" srcset=\"https:\/\/azurementsport.fr\/wp-content\/uploads\/2025\/05\/image-5.png 375w, https:\/\/azurementsport.fr\/wp-content\/uploads\/2025\/05\/image-5-276x300.png 276w\" sizes=\"auto, (max-width: 375px) 100vw, 375px\" \/><\/figure>\n\n\n\n<p><strong>3e \u00e9tape : Gr\u00e9oli\u00e8res (103km-1550m d+)<\/strong><\/p>\n\n\n\n<p>Le d\u00e9part fictif sera donn\u00e9 \u00e0 la station de Gr\u00e9oli\u00e8res 1400, les coureurs s&rsquo;\u00e9lanceront pour 103 kilom\u00e8tres et 1550 m\u00e8tres de d\u00e9nivel\u00e9 positif. Apr\u00e8s avoir pass\u00e9 le plateau de Caussols, le parcours va devenir plus difficile, les coureurs vont effectuer deux boucles en passant par Andon et le Col du Castellaras avant de revenir \u00e0 Gr\u00e9oli\u00e8res o\u00f9 sera jug\u00e9e l&rsquo;arriv\u00e9e. Cette \u00e9tape montagneuse va commencer \u00e0 mettre \u00e0 rude \u00e9preuve les organismes des coureurs de ce Tour de la CASA.<\/p>\n\n\n<div class=\"wp-block-image\">\n<figure class=\"alignleft size-full is-resized\"><img loading=\"lazy\" decoding=\"async\" width=\"510\" height=\"540\" src=\"https:\/\/azurementsport.fr\/wp-content\/uploads\/2025\/05\/image-6.png\" alt=\"\" class=\"wp-image-1306\" style=\"width:371px;height:auto\" srcset=\"https:\/\/azurementsport.fr\/wp-content\/uploads\/2025\/05\/image-6.png 510w, https:\/\/azurementsport.fr\/wp-content\/uploads\/2025\/05\/image-6-283x300.png 283w\" sizes=\"auto, (max-width: 510px) 100vw, 510px\" \/><figcaption class=\"wp-element-caption\"><strong><em>Le trac\u00e9 de la 3e \u00e9tape du Tour de la CASA 2025.<\/em><\/strong><\/figcaption><\/figure>\n<\/div>\n\n\n<figure class=\"wp-block-image size-full\"><img loading=\"lazy\" decoding=\"async\" width=\"392\" height=\"462\" src=\"https:\/\/azurementsport.fr\/wp-content\/uploads\/2025\/05\/image-8.png\" alt=\"\" class=\"wp-image-1308\" srcset=\"https:\/\/azurementsport.fr\/wp-content\/uploads\/2025\/05\/image-8.png 392w, https:\/\/azurementsport.fr\/wp-content\/uploads\/2025\/05\/image-8-255x300.png 255w\" sizes=\"auto, (max-width: 392px) 100vw, 392px\" \/><\/figure>\n\n\n\n<p><strong>4e \u00e9tape : Bar sur Loup &#8211; Gourdon &#8211; Col de l\u2019Ecre &#8211; 11 km (CLM)<\/strong><\/p>\n\n\n\n<p>Si il y a bien une \u00e9tape o\u00f9 toutes les cartes peuvent \u00eatre redistribu\u00e9es c&rsquo;est celle-ci. Au programme un contre-la-montre difficile de 11 km (511 m D+) qui d\u00e9butera par une premi\u00e8re partie roulante sur 4 km avant d\u2019affronter les premi\u00e8res rampes vers le pittoresque village de Gourdon. \u00c0 ce moment-l\u00e0, il restera 6 km \u00e0 6.8 % pour rejoindre l\u2019arriv\u00e9e situ\u00e9e au sommet du mythique Col de l\u2019Ecre. Attention \u00e0 la fatigue accumul\u00e9e, cette \u00e9tape se d\u00e9roulera dans l&rsquo;apr\u00e8s-midi, le m\u00eame jour que la troisi\u00e8me. On pourrait voir un nouveau maillot jaune \u00e0 l&rsquo;issu de cette quatri\u00e8me \u00e9tape.<\/p>\n\n\n<div class=\"wp-block-image\">\n<figure class=\"alignleft size-full is-resized\"><img loading=\"lazy\" decoding=\"async\" width=\"651\" height=\"576\" src=\"https:\/\/azurementsport.fr\/wp-content\/uploads\/2025\/05\/image-9.png\" alt=\"\" class=\"wp-image-1309\" style=\"width:428px;height:auto\" srcset=\"https:\/\/azurementsport.fr\/wp-content\/uploads\/2025\/05\/image-9.png 651w, https:\/\/azurementsport.fr\/wp-content\/uploads\/2025\/05\/image-9-300x265.png 300w\" sizes=\"auto, (max-width: 651px) 100vw, 651px\" \/><figcaption class=\"wp-element-caption\"><strong><em>Le Trac\u00e9 du CLM de la 4e \u00e9tape du Tour de la CASA 2025.<\/em><\/strong><\/figcaption><\/figure>\n<\/div>\n\n\n<figure class=\"wp-block-image size-full\"><img loading=\"lazy\" decoding=\"async\" width=\"367\" height=\"418\" src=\"https:\/\/azurementsport.fr\/wp-content\/uploads\/2025\/05\/image-11.png\" alt=\"\" class=\"wp-image-1311\" srcset=\"https:\/\/azurementsport.fr\/wp-content\/uploads\/2025\/05\/image-11.png 367w, https:\/\/azurementsport.fr\/wp-content\/uploads\/2025\/05\/image-11-263x300.png 263w\" sizes=\"auto, (max-width: 367px) 100vw, 367px\" \/><\/figure>\n\n\n\n<p><strong>5e \u00e9tape : Biot\/Valbonne &#8211; 117 km<\/strong><\/p>\n\n\n\n<p>Un final en apoth\u00e9ose pour cette 3e \u00e9dition du Tour de la CASA 2025. Cette 5e \u00e9tape sera rapide et \u00e9prouvante, les coureurs devront faire plusieurs boucles d&rsquo;un petit trac\u00e9 dans Sophia Antipolis. La c\u00f4te des Dollines (400m \u00e0 10%) sera le juge de paix de cette 5e \u00e9tape. Tout peut se jouer sur cette derni\u00e8re \u00e9tape, pour remporter le Tour de la CASA 2025 il faudra \u00eatre vigilant et \u00e9viter les cassures.<\/p>\n\n\n<div class=\"wp-block-image\">\n<figure class=\"alignleft size-full is-resized\"><img loading=\"lazy\" decoding=\"async\" width=\"507\" height=\"407\" src=\"https:\/\/azurementsport.fr\/wp-content\/uploads\/2025\/05\/image-12.png\" alt=\"\" class=\"wp-image-1312\" style=\"width:441px;height:auto\" srcset=\"https:\/\/azurementsport.fr\/wp-content\/uploads\/2025\/05\/image-12.png 507w, https:\/\/azurementsport.fr\/wp-content\/uploads\/2025\/05\/image-12-300x241.png 300w\" sizes=\"auto, (max-width: 507px) 100vw, 507px\" \/><figcaption class=\"wp-element-caption\"><em><strong>Le trac\u00e9 de la derni\u00e8re \u00e9tape du Tour de la CASA 2025. <\/strong><\/em><\/figcaption><\/figure>\n<\/div>\n\n\n<figure class=\"wp-block-image size-full\"><img loading=\"lazy\" decoding=\"async\" width=\"362\" height=\"447\" src=\"https:\/\/azurementsport.fr\/wp-content\/uploads\/2025\/05\/image-14.png\" alt=\"\" class=\"wp-image-1314\" srcset=\"https:\/\/azurementsport.fr\/wp-content\/uploads\/2025\/05\/image-14.png 362w, https:\/\/azurementsport.fr\/wp-content\/uploads\/2025\/05\/image-14-243x300.png 243w\" sizes=\"auto, (max-width: 362px) 100vw, 362px\" \/><\/figure>\n\n\n\n<p><\/p>\n\n\n\n<p><\/p>\n\n\n\n<p><\/p>\n\n\n\n<p><\/p>\n\n\n\n<p><\/p>\n","protected":false},"excerpt":{"rendered":"<p>Le Tour de la CASA (Communaut\u00e9 d&rsquo;Agglom\u00e9ration de Sophia Antipolis) se d\u00e9roulera cette semaine du 8 au 11 mai. Avec&hellip;<\/p>\n","protected":false},"author":1,"featured_media":1317,"comment_status":"open","ping_status":"open","sticky":false,"template":"","format":"standard","meta":{"_jetpack_memberships_contains_paid_content":false,"footnotes":""},"categories":[28],"tags":[114,73,693],"class_list":["post-1299","post","type-post","status-publish","format-standard","has-post-thumbnail","hentry","category-cyclisme","tag-antibes","tag-cyclisme","tag-tour-de-la-casa"],"yoast_head":"<!-- This site is optimized with the Yoast SEO plugin v24.5 - https:\/\/yoast.com\/wordpress\/plugins\/seo\/ -->\n<title>Cyclisme: Un parcours spectaculaire pour la 3e \u00e9dition du Tour de la CASA - Azurement Sport<\/title>\n<meta name=\"robots\" content=\"index, follow, max-snippet:-1, max-image-preview:large, max-video-preview:-1\" \/>\n<link rel=\"canonical\" href=\"https:\/\/azurementsport.fr\/index.php\/2025\/05\/07\/cyclisme-un-parcours-spectaculaire-pour-la-3e-edition-du-tour-de-la-casa\/\" \/>\n<meta property=\"og:locale\" content=\"fr_FR\" \/>\n<meta property=\"og:type\" content=\"article\" \/>\n<meta property=\"og:title\" content=\"Cyclisme: Un parcours spectaculaire pour la 3e \u00e9dition du Tour de la CASA - Azurement Sport\" \/>\n<meta property=\"og:description\" content=\"Le Tour de la CASA (Communaut\u00e9 d&rsquo;Agglom\u00e9ration de Sophia Antipolis) se d\u00e9roulera cette semaine du 8 au 11 mai. Avec&hellip;\" \/>\n<meta property=\"og:url\" content=\"https:\/\/azurementsport.fr\/index.php\/2025\/05\/07\/cyclisme-un-parcours-spectaculaire-pour-la-3e-edition-du-tour-de-la-casa\/\" \/>\n<meta property=\"og:site_name\" content=\"Azurement Sport\" \/>\n<meta property=\"article:published_time\" content=\"2025-05-07T19:59:32+00:00\" \/>\n<meta property=\"og:image\" content=\"https:\/\/azurementsport.fr\/wp-content\/uploads\/2025\/05\/TOUR-CASA-2025.jpg\" \/>\n\t<meta property=\"og:image:width\" content=\"537\" \/>\n\t<meta property=\"og:image:height\" content=\"452\" \/>\n\t<meta property=\"og:image:type\" content=\"image\/jpeg\" \/>\n<meta name=\"author\" content=\"Azurement Sport\" \/>\n<meta name=\"twitter:card\" content=\"summary_large_image\" \/>\n<meta name=\"twitter:label1\" content=\"\u00c9crit par\" \/>\n\t<meta name=\"twitter:data1\" content=\"Azurement Sport\" \/>\n\t<meta name=\"twitter:label2\" content=\"Dur\u00e9e de lecture estim\u00e9e\" \/>\n\t<meta name=\"twitter:data2\" content=\"3 minutes\" \/>\n<script type=\"application\/ld+json\" class=\"yoast-schema-graph\">{\"@context\":\"https:\/\/schema.org\",\"@graph\":[{\"@type\":\"Article\",\"@id\":\"https:\/\/azurementsport.fr\/index.php\/2025\/05\/07\/cyclisme-un-parcours-spectaculaire-pour-la-3e-edition-du-tour-de-la-casa\/#article\",\"isPartOf\":{\"@id\":\"https:\/\/azurementsport.fr\/index.php\/2025\/05\/07\/cyclisme-un-parcours-spectaculaire-pour-la-3e-edition-du-tour-de-la-casa\/\"},\"author\":{\"name\":\"Azurement Sport\",\"@id\":\"https:\/\/azurementsport.fr\/#\/schema\/person\/bde18bf25893b2da2f70aa0e69fa7081\"},\"headline\":\"Cyclisme: Un parcours spectaculaire pour la 3e \u00e9dition du Tour de la CASA\",\"datePublished\":\"2025-05-07T19:59:32+00:00\",\"mainEntityOfPage\":{\"@id\":\"https:\/\/azurementsport.fr\/index.php\/2025\/05\/07\/cyclisme-un-parcours-spectaculaire-pour-la-3e-edition-du-tour-de-la-casa\/\"},\"wordCount\":622,\"commentCount\":0,\"publisher\":{\"@id\":\"https:\/\/azurementsport.fr\/#organization\"},\"image\":{\"@id\":\"https:\/\/azurementsport.fr\/index.php\/2025\/05\/07\/cyclisme-un-parcours-spectaculaire-pour-la-3e-edition-du-tour-de-la-casa\/#primaryimage\"},\"thumbnailUrl\":\"https:\/\/azurementsport.fr\/wp-content\/uploads\/2025\/05\/TOUR-CASA-2025.jpg\",\"keywords\":[\"Antibes\",\"Cyclisme\",\"tour de la casa\"],\"articleSection\":[\"Cyclisme\"],\"inLanguage\":\"fr-FR\",\"potentialAction\":[{\"@type\":\"CommentAction\",\"name\":\"Comment\",\"target\":[\"https:\/\/azurementsport.fr\/index.php\/2025\/05\/07\/cyclisme-un-parcours-spectaculaire-pour-la-3e-edition-du-tour-de-la-casa\/#respond\"]}]},{\"@type\":\"WebPage\",\"@id\":\"https:\/\/azurementsport.fr\/index.php\/2025\/05\/07\/cyclisme-un-parcours-spectaculaire-pour-la-3e-edition-du-tour-de-la-casa\/\",\"url\":\"https:\/\/azurementsport.fr\/index.php\/2025\/05\/07\/cyclisme-un-parcours-spectaculaire-pour-la-3e-edition-du-tour-de-la-casa\/\",\"name\":\"Cyclisme: Un parcours spectaculaire pour la 3e \u00e9dition du Tour de la CASA - Azurement Sport\",\"isPartOf\":{\"@id\":\"https:\/\/azurementsport.fr\/#website\"},\"primaryImageOfPage\":{\"@id\":\"https:\/\/azurementsport.fr\/index.php\/2025\/05\/07\/cyclisme-un-parcours-spectaculaire-pour-la-3e-edition-du-tour-de-la-casa\/#primaryimage\"},\"image\":{\"@id\":\"https:\/\/azurementsport.fr\/index.php\/2025\/05\/07\/cyclisme-un-parcours-spectaculaire-pour-la-3e-edition-du-tour-de-la-casa\/#primaryimage\"},\"thumbnailUrl\":\"https:\/\/azurementsport.fr\/wp-content\/uploads\/2025\/05\/TOUR-CASA-2025.jpg\",\"datePublished\":\"2025-05-07T19:59:32+00:00\",\"breadcrumb\":{\"@id\":\"https:\/\/azurementsport.fr\/index.php\/2025\/05\/07\/cyclisme-un-parcours-spectaculaire-pour-la-3e-edition-du-tour-de-la-casa\/#breadcrumb\"},\"inLanguage\":\"fr-FR\",\"potentialAction\":[{\"@type\":\"ReadAction\",\"target\":[\"https:\/\/azurementsport.fr\/index.php\/2025\/05\/07\/cyclisme-un-parcours-spectaculaire-pour-la-3e-edition-du-tour-de-la-casa\/\"]}]},{\"@type\":\"ImageObject\",\"inLanguage\":\"fr-FR\",\"@id\":\"https:\/\/azurementsport.fr\/index.php\/2025\/05\/07\/cyclisme-un-parcours-spectaculaire-pour-la-3e-edition-du-tour-de-la-casa\/#primaryimage\",\"url\":\"https:\/\/azurementsport.fr\/wp-content\/uploads\/2025\/05\/TOUR-CASA-2025.jpg\",\"contentUrl\":\"https:\/\/azurementsport.fr\/wp-content\/uploads\/2025\/05\/TOUR-CASA-2025.jpg\",\"width\":537,\"height\":452,\"caption\":\"Le Tour de la CASA reprend du service du 8 au 11 mai. Photo: Tour CASA.\"},{\"@type\":\"BreadcrumbList\",\"@id\":\"https:\/\/azurementsport.fr\/index.php\/2025\/05\/07\/cyclisme-un-parcours-spectaculaire-pour-la-3e-edition-du-tour-de-la-casa\/#breadcrumb\",\"itemListElement\":[{\"@type\":\"ListItem\",\"position\":1,\"name\":\"Accueil\",\"item\":\"https:\/\/azurementsport.fr\/\"},{\"@type\":\"ListItem\",\"position\":2,\"name\":\"Cyclisme: Un parcours spectaculaire pour la 3e \u00e9dition du Tour de la CASA\"}]},{\"@type\":\"WebSite\",\"@id\":\"https:\/\/azurementsport.fr\/#website\",\"url\":\"https:\/\/azurementsport.fr\/\",\"name\":\"Azurement Sport\",\"description\":\"Toute l&#039;actualit\u00e9 sportive de la C\u00f4te d&#039;Azur\",\"publisher\":{\"@id\":\"https:\/\/azurementsport.fr\/#organization\"},\"potentialAction\":[{\"@type\":\"SearchAction\",\"target\":{\"@type\":\"EntryPoint\",\"urlTemplate\":\"https:\/\/azurementsport.fr\/?s={search_term_string}\"},\"query-input\":{\"@type\":\"PropertyValueSpecification\",\"valueRequired\":true,\"valueName\":\"search_term_string\"}}],\"inLanguage\":\"fr-FR\"},{\"@type\":\"Organization\",\"@id\":\"https:\/\/azurementsport.fr\/#organization\",\"name\":\"Azurement Sport\",\"url\":\"https:\/\/azurementsport.fr\/\",\"logo\":{\"@type\":\"ImageObject\",\"inLanguage\":\"fr-FR\",\"@id\":\"https:\/\/azurementsport.fr\/#\/schema\/logo\/image\/\",\"url\":\"https:\/\/azurementsport.fr\/wp-content\/uploads\/2024\/05\/cropped-cropped-AZUREMENT_SPORT__1_-removebg-preview.png\",\"contentUrl\":\"https:\/\/azurementsport.fr\/wp-content\/uploads\/2024\/05\/cropped-cropped-AZUREMENT_SPORT__1_-removebg-preview.png\",\"width\":500,\"height\":224,\"caption\":\"Azurement Sport\"},\"image\":{\"@id\":\"https:\/\/azurementsport.fr\/#\/schema\/logo\/image\/\"}},{\"@type\":\"Person\",\"@id\":\"https:\/\/azurementsport.fr\/#\/schema\/person\/bde18bf25893b2da2f70aa0e69fa7081\",\"name\":\"Azurement Sport\",\"image\":{\"@type\":\"ImageObject\",\"inLanguage\":\"fr-FR\",\"@id\":\"https:\/\/azurementsport.fr\/#\/schema\/person\/image\/\",\"url\":\"https:\/\/secure.gravatar.com\/avatar\/6ac2f8b3453d709891d9b248de3f290cee35f005edbe13d94d6fb2c1b54e4fbd?s=96&d=mm&r=g\",\"contentUrl\":\"https:\/\/secure.gravatar.com\/avatar\/6ac2f8b3453d709891d9b248de3f290cee35f005edbe13d94d6fb2c1b54e4fbd?s=96&d=mm&r=g\",\"caption\":\"Azurement Sport\"},\"sameAs\":[\"http:\/\/azurementsport.fr\"],\"url\":\"https:\/\/azurementsport.fr\/index.php\/author\/admin3210\/\"}]}<\/script>\n<!-- \/ Yoast SEO plugin. -->","yoast_head_json":{"title":"Cyclisme: Un parcours spectaculaire pour la 3e \u00e9dition du Tour de la CASA - Azurement Sport","robots":{"index":"index","follow":"follow","max-snippet":"max-snippet:-1","max-image-preview":"max-image-preview:large","max-video-preview":"max-video-preview:-1"},"canonical":"https:\/\/azurementsport.fr\/index.php\/2025\/05\/07\/cyclisme-un-parcours-spectaculaire-pour-la-3e-edition-du-tour-de-la-casa\/","og_locale":"fr_FR","og_type":"article","og_title":"Cyclisme: Un parcours spectaculaire pour la 3e \u00e9dition du Tour de la CASA - Azurement Sport","og_description":"Le Tour de la CASA (Communaut\u00e9 d&rsquo;Agglom\u00e9ration de Sophia Antipolis) se d\u00e9roulera cette semaine du 8 au 11 mai. Avec&hellip;","og_url":"https:\/\/azurementsport.fr\/index.php\/2025\/05\/07\/cyclisme-un-parcours-spectaculaire-pour-la-3e-edition-du-tour-de-la-casa\/","og_site_name":"Azurement Sport","article_published_time":"2025-05-07T19:59:32+00:00","og_image":[{"width":537,"height":452,"url":"https:\/\/azurementsport.fr\/wp-content\/uploads\/2025\/05\/TOUR-CASA-2025.jpg","type":"image\/jpeg"}],"author":"Azurement Sport","twitter_card":"summary_large_image","twitter_misc":{"\u00c9crit par":"Azurement Sport","Dur\u00e9e de lecture estim\u00e9e":"3 minutes"},"schema":{"@context":"https:\/\/schema.org","@graph":[{"@type":"Article","@id":"https:\/\/azurementsport.fr\/index.php\/2025\/05\/07\/cyclisme-un-parcours-spectaculaire-pour-la-3e-edition-du-tour-de-la-casa\/#article","isPartOf":{"@id":"https:\/\/azurementsport.fr\/index.php\/2025\/05\/07\/cyclisme-un-parcours-spectaculaire-pour-la-3e-edition-du-tour-de-la-casa\/"},"author":{"name":"Azurement Sport","@id":"https:\/\/azurementsport.fr\/#\/schema\/person\/bde18bf25893b2da2f70aa0e69fa7081"},"headline":"Cyclisme: Un parcours spectaculaire pour la 3e \u00e9dition du Tour de la CASA","datePublished":"2025-05-07T19:59:32+00:00","mainEntityOfPage":{"@id":"https:\/\/azurementsport.fr\/index.php\/2025\/05\/07\/cyclisme-un-parcours-spectaculaire-pour-la-3e-edition-du-tour-de-la-casa\/"},"wordCount":622,"commentCount":0,"publisher":{"@id":"https:\/\/azurementsport.fr\/#organization"},"image":{"@id":"https:\/\/azurementsport.fr\/index.php\/2025\/05\/07\/cyclisme-un-parcours-spectaculaire-pour-la-3e-edition-du-tour-de-la-casa\/#primaryimage"},"thumbnailUrl":"https:\/\/azurementsport.fr\/wp-content\/uploads\/2025\/05\/TOUR-CASA-2025.jpg","keywords":["Antibes","Cyclisme","tour de la casa"],"articleSection":["Cyclisme"],"inLanguage":"fr-FR","potentialAction":[{"@type":"CommentAction","name":"Comment","target":["https:\/\/azurementsport.fr\/index.php\/2025\/05\/07\/cyclisme-un-parcours-spectaculaire-pour-la-3e-edition-du-tour-de-la-casa\/#respond"]}]},{"@type":"WebPage","@id":"https:\/\/azurementsport.fr\/index.php\/2025\/05\/07\/cyclisme-un-parcours-spectaculaire-pour-la-3e-edition-du-tour-de-la-casa\/","url":"https:\/\/azurementsport.fr\/index.php\/2025\/05\/07\/cyclisme-un-parcours-spectaculaire-pour-la-3e-edition-du-tour-de-la-casa\/","name":"Cyclisme: Un parcours spectaculaire pour la 3e \u00e9dition du Tour de la CASA - Azurement Sport","isPartOf":{"@id":"https:\/\/azurementsport.fr\/#website"},"primaryImageOfPage":{"@id":"https:\/\/azurementsport.fr\/index.php\/2025\/05\/07\/cyclisme-un-parcours-spectaculaire-pour-la-3e-edition-du-tour-de-la-casa\/#primaryimage"},"image":{"@id":"https:\/\/azurementsport.fr\/index.php\/2025\/05\/07\/cyclisme-un-parcours-spectaculaire-pour-la-3e-edition-du-tour-de-la-casa\/#primaryimage"},"thumbnailUrl":"https:\/\/azurementsport.fr\/wp-content\/uploads\/2025\/05\/TOUR-CASA-2025.jpg","datePublished":"2025-05-07T19:59:32+00:00","breadcrumb":{"@id":"https:\/\/azurementsport.fr\/index.php\/2025\/05\/07\/cyclisme-un-parcours-spectaculaire-pour-la-3e-edition-du-tour-de-la-casa\/#breadcrumb"},"inLanguage":"fr-FR","potentialAction":[{"@type":"ReadAction","target":["https:\/\/azurementsport.fr\/index.php\/2025\/05\/07\/cyclisme-un-parcours-spectaculaire-pour-la-3e-edition-du-tour-de-la-casa\/"]}]},{"@type":"ImageObject","inLanguage":"fr-FR","@id":"https:\/\/azurementsport.fr\/index.php\/2025\/05\/07\/cyclisme-un-parcours-spectaculaire-pour-la-3e-edition-du-tour-de-la-casa\/#primaryimage","url":"https:\/\/azurementsport.fr\/wp-content\/uploads\/2025\/05\/TOUR-CASA-2025.jpg","contentUrl":"https:\/\/azurementsport.fr\/wp-content\/uploads\/2025\/05\/TOUR-CASA-2025.jpg","width":537,"height":452,"caption":"Le Tour de la CASA reprend du service du 8 au 11 mai. Photo: Tour CASA."},{"@type":"BreadcrumbList","@id":"https:\/\/azurementsport.fr\/index.php\/2025\/05\/07\/cyclisme-un-parcours-spectaculaire-pour-la-3e-edition-du-tour-de-la-casa\/#breadcrumb","itemListElement":[{"@type":"ListItem","position":1,"name":"Accueil","item":"https:\/\/azurementsport.fr\/"},{"@type":"ListItem","position":2,"name":"Cyclisme: Un parcours spectaculaire pour la 3e \u00e9dition du Tour de la CASA"}]},{"@type":"WebSite","@id":"https:\/\/azurementsport.fr\/#website","url":"https:\/\/azurementsport.fr\/","name":"Azurement Sport","description":"Toute l&#039;actualit\u00e9 sportive de la C\u00f4te d&#039;Azur","publisher":{"@id":"https:\/\/azurementsport.fr\/#organization"},"potentialAction":[{"@type":"SearchAction","target":{"@type":"EntryPoint","urlTemplate":"https:\/\/azurementsport.fr\/?s={search_term_string}"},"query-input":{"@type":"PropertyValueSpecification","valueRequired":true,"valueName":"search_term_string"}}],"inLanguage":"fr-FR"},{"@type":"Organization","@id":"https:\/\/azurementsport.fr\/#organization","name":"Azurement Sport","url":"https:\/\/azurementsport.fr\/","logo":{"@type":"ImageObject","inLanguage":"fr-FR","@id":"https:\/\/azurementsport.fr\/#\/schema\/logo\/image\/","url":"https:\/\/azurementsport.fr\/wp-content\/uploads\/2024\/05\/cropped-cropped-AZUREMENT_SPORT__1_-removebg-preview.png","contentUrl":"https:\/\/azurementsport.fr\/wp-content\/uploads\/2024\/05\/cropped-cropped-AZUREMENT_SPORT__1_-removebg-preview.png","width":500,"height":224,"caption":"Azurement Sport"},"image":{"@id":"https:\/\/azurementsport.fr\/#\/schema\/logo\/image\/"}},{"@type":"Person","@id":"https:\/\/azurementsport.fr\/#\/schema\/person\/bde18bf25893b2da2f70aa0e69fa7081","name":"Azurement Sport","image":{"@type":"ImageObject","inLanguage":"fr-FR","@id":"https:\/\/azurementsport.fr\/#\/schema\/person\/image\/","url":"https:\/\/secure.gravatar.com\/avatar\/6ac2f8b3453d709891d9b248de3f290cee35f005edbe13d94d6fb2c1b54e4fbd?s=96&d=mm&r=g","contentUrl":"https:\/\/secure.gravatar.com\/avatar\/6ac2f8b3453d709891d9b248de3f290cee35f005edbe13d94d6fb2c1b54e4fbd?s=96&d=mm&r=g","caption":"Azurement Sport"},"sameAs":["http:\/\/azurementsport.fr"],"url":"https:\/\/azurementsport.fr\/index.php\/author\/admin3210\/"}]}},"jetpack_featured_media_url":"https:\/\/azurementsport.fr\/wp-content\/uploads\/2025\/05\/TOUR-CASA-2025.jpg","jetpack_sharing_enabled":true,"jetpack-related-posts":[],"_links":{"self":[{"href":"https:\/\/azurementsport.fr\/index.php\/wp-json\/wp\/v2\/posts\/1299","targetHints":{"allow":["GET"]}}],"collection":[{"href":"https:\/\/azurementsport.fr\/index.php\/wp-json\/wp\/v2\/posts"}],"about":[{"href":"https:\/\/azurementsport.fr\/index.php\/wp-json\/wp\/v2\/types\/post"}],"author":[{"embeddable":true,"href":"https:\/\/azurementsport.fr\/index.php\/wp-json\/wp\/v2\/users\/1"}],"replies":[{"embeddable":true,"href":"https:\/\/azurementsport.fr\/index.php\/wp-json\/wp\/v2\/comments?post=1299"}],"version-history":[{"count":8,"href":"https:\/\/azurementsport.fr\/index.php\/wp-json\/wp\/v2\/posts\/1299\/revisions"}],"predecessor-version":[{"id":1324,"href":"https:\/\/azurementsport.fr\/index.php\/wp-json\/wp\/v2\/posts\/1299\/revisions\/1324"}],"wp:featuredmedia":[{"embeddable":true,"href":"https:\/\/azurementsport.fr\/index.php\/wp-json\/wp\/v2\/media\/1317"}],"wp:attachment":[{"href":"https:\/\/azurementsport.fr\/index.php\/wp-json\/wp\/v2\/media?parent=1299"}],"wp:term":[{"taxonomy":"category","embeddable":true,"href":"https:\/\/azurementsport.fr\/index.php\/wp-json\/wp\/v2\/categories?post=1299"},{"taxonomy":"post_tag","embeddable":true,"href":"https:\/\/azurementsport.fr\/index.php\/wp-json\/wp\/v2\/tags?post=1299"}],"curies":[{"name":"wp","href":"https:\/\/api.w.org\/{rel}","templated":true}]}}