{"id":323,"date":"2024-05-09T15:50:02","date_gmt":"2024-05-09T13:50:02","guid":{"rendered":"https:\/\/azurementsport.fr\/?p=323"},"modified":"2024-05-28T18:48:54","modified_gmt":"2024-05-28T16:48:54","slug":"hockey-sur-glace-le-point-sur-le-mercato-des-aigles-de-nice","status":"publish","type":"post","link":"https:\/\/azurementsport.fr\/index.php\/2024\/05\/09\/hockey-sur-glace-le-point-sur-le-mercato-des-aigles-de-nice\/","title":{"rendered":"Hockey sur glace : Le point sur le mercato des Aigles de Nice"},"content":{"rendered":"\n<p><strong>Apr\u00e8s une saison bien remplie, les Aigles de Nice sont en pleine p\u00e9riode de mercato. On fait le point sur les d\u00e9parts, les prolongations et les arriv\u00e9es.<\/strong><\/p>\n\n\n\n<p>Le <strong>mercato<\/strong> des <strong>Aigles de Nice <\/strong>a bien d\u00e9but\u00e9. Il y a quelques semaines, l\u2019attaquant <strong>Louis Vitou<\/strong> a d\u00e9finitivement pris son envol pour se consacrer \u00e0 un tour du monde avec sa compagne. Fin avril, c\u2019est le capitaine embl\u00e9matique et d\u00e9fenseur<strong> Louis B\u00e9lisle<\/strong> qui annon\u00e7ait quitter le club apr\u00e8s trois saisons sous les couleurs du <strong>Nice hockey \u00e9lite (NHE).<\/strong><\/p>\n\n\n\n<p><strong>L\u2019ensemble du staff prolong\u00e9 pour 2024-2025<\/strong><\/p>\n\n\n\n<p>Il y a quelques jours, l\u2019int\u00e9gralit\u00e9 du staff technique des <strong>Aigles <\/strong>a \u00e9t\u00e9 prolong\u00e9 suite <a href=\"https:\/\/elite.nicehockey.fr\/la-confiance-et-lenvie-pour-2024-2025\/\">aux r\u00e9sultats prometteurs en play-offs cette fin de saison<\/a>. Le head coach<strong> Frantizek Stolc<\/strong> sera sur le banc pour une deuxi\u00e8me ann\u00e9e cons\u00e9cutive, accompagn\u00e9 de son assistant <strong>Pascal Margerit<\/strong>. <strong>Micka\u00ebl Roussel<\/strong>, quant \u00e0 lui, reste en charge du mat\u00e9riel. Le directeur sportif <strong>Stan Sutor<\/strong> reste aux commandes du <strong>Nice hockey \u00e9lite<\/strong>.<br>Du c\u00f4t\u00e9 m\u00e9dical, le <strong>Docteur Philippe Delandre <\/strong>et l&rsquo;ost\u00e9opathe <strong>Audrey C\u00e9sarine<\/strong> continueront de donner leurs services au sein du club.<\/p>\n\n\n\n<p><strong>Deux nouvelles arriv\u00e9es et deux nouveaux d\u00e9parts<\/strong><\/p>\n\n\n\n<p>La semaine derni\u00e8re, le d\u00e9fenseur <strong>Louis Cirgues<\/strong> est arriv\u00e9 dans l\u2019effectif, apr\u00e8s une saison pass\u00e9e chez les <strong>Spartiates de Marseille<\/strong>. Dans la foul\u00e9e, <strong>Bryan Sautereau<\/strong>, rest\u00e9 qu\u2019une seule saison \u00e0 Nice, quitte le<strong> NHE.<\/strong><\/p>\n\n\n\n<p>Avant-hier, <strong>Yohann Alzon <\/strong>a annonc\u00e9 quitter le club apr\u00e8s avoir \u00e9volu\u00e9 une saison sous les couleurs des <strong>Aigles<\/strong>. Il s\u2019engage avec les <strong>Albatros de Bres<\/strong>t. Il<em> \u201cremercie les dirigeants et le staff pour leur confiance, mais aussi les supporters et l\u2019ensemble des b\u00e9n\u00e9voles\u201d<\/em>.<\/p>\n\n\n\n<p>Hier, le <strong>Nice hockey \u00e9lite<\/strong> a <a href=\"https:\/\/elite.nicehockey.fr\/%f0%9d%97%9doseph-broutin-pose-sa-crosse-chez-les-aigles\/\">officialis\u00e9 l\u2019arriv\u00e9e d\u2019un nouveau renfort<\/a>. Il s\u2019agit de <strong>Joseph Broutin<\/strong> qui va d\u00e9couvrir la<strong> Synerglace Ligue Magnus<\/strong>. Il se dit<em> \u201cpr\u00eat \u00e0 travailler dur pour engranger un maximum d\u2019exp\u00e9rience du haut niveau, mais aussi pour satisfaire le coach et les supporters\u201d<\/em>.<br>Le mercato n\u2019est pas encore termin\u00e9 et de belles choses pourraient arriver.<\/p>\n\n\n\n<figure class=\"wp-block-embed is-type-rich is-provider-twitter wp-block-embed-twitter\"><div class=\"wp-block-embed__wrapper\">\n<blockquote class=\"twitter-tweet\" data-width=\"550\" data-dnt=\"true\"><p lang=\"fr\" dir=\"ltr\">\ud83d\udd34\u26ab \ud835\uddec\ud835\uddfc\ud835\uddee\ud835\uddfb \ud835\udde6\ud835\uddee\ud835\uddf9\ud835\ude03\ud835\uddf2 poursuit l&#39;aventure sous le soleil ni\u00e7ois ! \ud83d\udc4a<br><br>\ud83d\udcac \u00ab Je vais continuer de travailler pour me montrer plus d\u00e9cisif et aider l&#39;\u00e9quipe \u00e0 atteindre ses objectifs. \u00bb<br><br>\ud83d\udc49 Le communiqu\u00e9 : <a href=\"https:\/\/t.co\/ks0Ka4mjIs\">https:\/\/t.co\/ks0Ka4mjIs<\/a><a href=\"https:\/\/twitter.com\/hashtag\/AllezlesAigles?src=hash&amp;ref_src=twsrc%5Etfw\">#AllezlesAigles<\/a> <a href=\"https:\/\/twitter.com\/hashtag\/Prenonsnotreenvol?src=hash&amp;ref_src=twsrc%5Etfw\">#Prenonsnotreenvol<\/a> <a href=\"https:\/\/t.co\/vh90c90YfY\">pic.twitter.com\/vh90c90YfY<\/a><\/p>&mdash; Les Aigles de Nice (@LesAiglesdeNice) <a href=\"https:\/\/twitter.com\/LesAiglesdeNice\/status\/1788537459288019194?ref_src=twsrc%5Etfw\">May 9, 2024<\/a><\/blockquote><script async src=\"https:\/\/platform.twitter.com\/widgets.js\" charset=\"utf-8\"><\/script>\n<\/div><\/figure>\n\n\n\n<p><strong>Derni\u00e8res informations<\/strong><\/p>\n\n\n\n<p><strong>Yoan Salve<\/strong>, pass\u00e9 par Rouen et Mulhouse, prolonge l&rsquo;aventure sous le maillot des <strong>Aigles de Nice<\/strong>. <em>\u00ab\u00a0De mon c\u00f4t\u00e9, je vais continuer \u00e0 travailler pour me montrer plus d\u00e9cisif et aider l&rsquo;\u00e9quipe \u00e0 atteindre ses objectifs\u00a0\u00bb<\/em>, affirme le d\u00e9fenseur de 24 ans.<\/p>\n\n\n\n<p>L&rsquo;exp\u00e9riment\u00e9 <strong>Teemu Loizeau<\/strong> d\u00e9barque \u00e0 <strong>Nice <\/strong>pour sa 7e saison en <strong>Synerglace Ligue Magnus<\/strong>. Auteur de 262 rencontres de <strong>Magnus<\/strong>, l&rsquo;attaquant dit vouloir<em> \u00ab\u00a0tout donner pour les play-offs et plus encore\u00a0\u00bb<\/em>.<\/p>\n\n\n\n<p>Les <strong>Aigles de Nice<\/strong> annoncent un double d\u00e9part. <strong>Ka\u00efs Faure-Brac<\/strong> et <strong>Lucas Villain<\/strong> quittent le club apr\u00e8s un passage concluant sur la C\u00f4te d&rsquo;Azur. La famille des <strong>Aigles<\/strong> leur souhaite \u00e0 tous les deux <em>\u00ab\u00a0le meilleur dans leur nouvelle aventure\u00a0\u00bb<\/em>.<\/p>\n\n\n\n<p>L&rsquo;attaquant <strong>Hugo Proux<\/strong> fait son retour chez les <strong>Rouge et Noir<\/strong>. Il se dit <em>\u00ab\u00a0heureux de revenir dans un club et une ville qu&rsquo;il adore\u00a0\u00bb<\/em>.<\/p>\n\n\n\n<p>Les <strong>Aigles de Nice<\/strong> nomment un <strong>Directeur G\u00e9n\u00e9ral<\/strong>. Il s&rsquo;agit de <strong>Laurent Izapow<\/strong>, avocat de formation en Droit des Affaires et des soci\u00e9t\u00e9s.<\/p>\n\n\n\n<p><strong>Alexis Sutor<\/strong> prolonge son histoire d&rsquo;amour avec <strong>Nice<\/strong>. L&rsquo;enfant du club jouera sous les couleurs de son \u00e9quipe de c\u0153ur pour une saison de plus.<\/p>\n\n\n\n<p><strong>Nicolas Ruel<\/strong> et <strong>Jules Lef\u00e8bvre<\/strong> rejoignent le<strong> Nice hockey \u00e9lite<\/strong> pour renforcer l&rsquo;effectif du club.<br><strong>Isaac Charpentier<\/strong> et <strong>Norbert Abramov<\/strong>, quant \u00e0 eux, prennent leur envol et quittent les <strong>Rouge et Noir <\/strong>pour une nouvelle aventure.<\/p>\n\n\n\n<p><strong>Du mouvement chez les gardiens<\/strong><\/p>\n\n\n\n<p><strong>Conrad Molder<\/strong>, auteur d&rsquo;une seconde partie de saison satisfaisante, reste le gardien du temple <strong>ni\u00e7ois<\/strong> la saison prochaine.<br><strong>Nikita Bespalov<\/strong>, gardien tr\u00e8s exp\u00e9riment\u00e9, quitte le <strong>Nice hockey \u00e9lite<\/strong> et s&rsquo;envole pour une nouvelle exp\u00e9rience.<br><strong>Rapha\u00ebl Garnier<\/strong>, quant \u00e0 lui, pose sa crosse chez les <strong>Aigles<\/strong> et a pour ambition de rebondir \u00e0 <strong>Nice.<\/strong><\/p>\n\n\n\n<p>Un nouveau d\u00e9part vient d&rsquo;\u00eatre annonc\u00e9 par le club. Le d\u00e9fenseur franco-russe <strong>Ivan Esipov<\/strong> se lance dans un nouveau d\u00e9fi et quitte le <strong>NHE<\/strong>.<\/p>\n\n\n\n<p>Nouvelle recrue offensive.<strong> Julien Msumbu<\/strong> fait son grand retour en <strong>Ligue Magnus<\/strong> sous les couleurs des <strong>Aigles de Nice.<\/strong><\/p>\n\n\n\n<p><strong>Baptiste Eychenne<\/strong><\/p>\n","protected":false},"excerpt":{"rendered":"<p>Apr\u00e8s une saison bien remplie, les Aigles de Nice sont en pleine p\u00e9riode de mercato. On fait le point sur&hellip;<\/p>\n","protected":false},"author":1,"featured_media":359,"comment_status":"closed","ping_status":"open","sticky":false,"template":"","format":"standard","meta":{"_jetpack_memberships_contains_paid_content":false,"footnotes":""},"categories":[1],"tags":[153,156,151,152,162,154,157,160,158,161,14,159,155],"class_list":["post-323","post","type-post","status-publish","format-standard","has-post-thumbnail","hentry","category-autres-sports","tag-aigles-de-nice","tag-belisle","tag-hockey","tag-hockey-sur-glace","tag-joseph-broutin","tag-ligue-magnus","tag-louis-belisle","tag-louis-cirgues","tag-louis-vitou","tag-mercato","tag-nice","tag-stolc","tag-synerglace-ligue-magnus"],"yoast_head":"<!-- This site is optimized with the Yoast SEO plugin v24.5 - https:\/\/yoast.com\/wordpress\/plugins\/seo\/ -->\n<title>Hockey sur glace : Le point sur le mercato des Aigles de Nice - Azurement Sport<\/title>\n<meta name=\"robots\" content=\"index, follow, max-snippet:-1, max-image-preview:large, max-video-preview:-1\" \/>\n<link rel=\"canonical\" href=\"https:\/\/azurementsport.fr\/index.php\/2024\/05\/09\/hockey-sur-glace-le-point-sur-le-mercato-des-aigles-de-nice\/\" \/>\n<meta property=\"og:locale\" content=\"fr_FR\" \/>\n<meta property=\"og:type\" content=\"article\" \/>\n<meta property=\"og:title\" content=\"Hockey sur glace : Le point sur le mercato des Aigles de Nice - Azurement Sport\" \/>\n<meta property=\"og:description\" content=\"Apr\u00e8s une saison bien remplie, les Aigles de Nice sont en pleine p\u00e9riode de mercato. On fait le point sur&hellip;\" \/>\n<meta property=\"og:url\" content=\"https:\/\/azurementsport.fr\/index.php\/2024\/05\/09\/hockey-sur-glace-le-point-sur-le-mercato-des-aigles-de-nice\/\" \/>\n<meta property=\"og:site_name\" content=\"Azurement Sport\" \/>\n<meta property=\"article:published_time\" content=\"2024-05-09T13:50:02+00:00\" \/>\n<meta property=\"article:modified_time\" content=\"2024-05-28T16:48:54+00:00\" \/>\n<meta property=\"og:image\" content=\"https:\/\/azurementsport.fr\/wp-content\/uploads\/2024\/05\/IMG_20240509_145745_701.jpg\" \/>\n\t<meta property=\"og:image:width\" content=\"1080\" \/>\n\t<meta property=\"og:image:height\" content=\"944\" \/>\n\t<meta property=\"og:image:type\" content=\"image\/jpeg\" \/>\n<meta name=\"author\" content=\"Azurement Sport\" \/>\n<meta name=\"twitter:card\" content=\"summary_large_image\" \/>\n<meta name=\"twitter:label1\" content=\"\u00c9crit par\" \/>\n\t<meta name=\"twitter:data1\" content=\"Azurement Sport\" \/>\n\t<meta name=\"twitter:label2\" content=\"Dur\u00e9e de lecture estim\u00e9e\" \/>\n\t<meta name=\"twitter:data2\" content=\"4 minutes\" \/>\n<script type=\"application\/ld+json\" class=\"yoast-schema-graph\">{\"@context\":\"https:\/\/schema.org\",\"@graph\":[{\"@type\":\"Article\",\"@id\":\"https:\/\/azurementsport.fr\/index.php\/2024\/05\/09\/hockey-sur-glace-le-point-sur-le-mercato-des-aigles-de-nice\/#article\",\"isPartOf\":{\"@id\":\"https:\/\/azurementsport.fr\/index.php\/2024\/05\/09\/hockey-sur-glace-le-point-sur-le-mercato-des-aigles-de-nice\/\"},\"author\":{\"name\":\"Azurement Sport\",\"@id\":\"https:\/\/azurementsport.fr\/#\/schema\/person\/bde18bf25893b2da2f70aa0e69fa7081\"},\"headline\":\"Hockey sur glace : Le point sur le mercato des Aigles de Nice\",\"datePublished\":\"2024-05-09T13:50:02+00:00\",\"dateModified\":\"2024-05-28T16:48:54+00:00\",\"mainEntityOfPage\":{\"@id\":\"https:\/\/azurementsport.fr\/index.php\/2024\/05\/09\/hockey-sur-glace-le-point-sur-le-mercato-des-aigles-de-nice\/\"},\"wordCount\":740,\"publisher\":{\"@id\":\"https:\/\/azurementsport.fr\/#organization\"},\"image\":{\"@id\":\"https:\/\/azurementsport.fr\/index.php\/2024\/05\/09\/hockey-sur-glace-le-point-sur-le-mercato-des-aigles-de-nice\/#primaryimage\"},\"thumbnailUrl\":\"https:\/\/azurementsport.fr\/wp-content\/uploads\/2024\/05\/IMG_20240509_145745_701.jpg\",\"keywords\":[\"Aigles de Nice\",\"Belisle\",\"Hockey\",\"Hockey sur glace\",\"Joseph Broutin\",\"Ligue Magnus\",\"Louis Belisle\",\"Louis Cirgues\",\"Louis Vitou\",\"mercato\",\"Nice\",\"Stolc\",\"Synerglace Ligue Magnus\"],\"articleSection\":[\"Autres sports\"],\"inLanguage\":\"fr-FR\"},{\"@type\":\"WebPage\",\"@id\":\"https:\/\/azurementsport.fr\/index.php\/2024\/05\/09\/hockey-sur-glace-le-point-sur-le-mercato-des-aigles-de-nice\/\",\"url\":\"https:\/\/azurementsport.fr\/index.php\/2024\/05\/09\/hockey-sur-glace-le-point-sur-le-mercato-des-aigles-de-nice\/\",\"name\":\"Hockey sur glace : Le point sur le mercato des Aigles de Nice - Azurement Sport\",\"isPartOf\":{\"@id\":\"https:\/\/azurementsport.fr\/#website\"},\"primaryImageOfPage\":{\"@id\":\"https:\/\/azurementsport.fr\/index.php\/2024\/05\/09\/hockey-sur-glace-le-point-sur-le-mercato-des-aigles-de-nice\/#primaryimage\"},\"image\":{\"@id\":\"https:\/\/azurementsport.fr\/index.php\/2024\/05\/09\/hockey-sur-glace-le-point-sur-le-mercato-des-aigles-de-nice\/#primaryimage\"},\"thumbnailUrl\":\"https:\/\/azurementsport.fr\/wp-content\/uploads\/2024\/05\/IMG_20240509_145745_701.jpg\",\"datePublished\":\"2024-05-09T13:50:02+00:00\",\"dateModified\":\"2024-05-28T16:48:54+00:00\",\"breadcrumb\":{\"@id\":\"https:\/\/azurementsport.fr\/index.php\/2024\/05\/09\/hockey-sur-glace-le-point-sur-le-mercato-des-aigles-de-nice\/#breadcrumb\"},\"inLanguage\":\"fr-FR\",\"potentialAction\":[{\"@type\":\"ReadAction\",\"target\":[\"https:\/\/azurementsport.fr\/index.php\/2024\/05\/09\/hockey-sur-glace-le-point-sur-le-mercato-des-aigles-de-nice\/\"]}]},{\"@type\":\"ImageObject\",\"inLanguage\":\"fr-FR\",\"@id\":\"https:\/\/azurementsport.fr\/index.php\/2024\/05\/09\/hockey-sur-glace-le-point-sur-le-mercato-des-aigles-de-nice\/#primaryimage\",\"url\":\"https:\/\/azurementsport.fr\/wp-content\/uploads\/2024\/05\/IMG_20240509_145745_701.jpg\",\"contentUrl\":\"https:\/\/azurementsport.fr\/wp-content\/uploads\/2024\/05\/IMG_20240509_145745_701.jpg\",\"width\":1080,\"height\":944,\"caption\":\"Le cercle des Aigles de Nice r\u00e9tr\u00e9cit puis s'agrandit en cette p\u00e9riode de mercato \u00a9 Valentine Combes\"},{\"@type\":\"BreadcrumbList\",\"@id\":\"https:\/\/azurementsport.fr\/index.php\/2024\/05\/09\/hockey-sur-glace-le-point-sur-le-mercato-des-aigles-de-nice\/#breadcrumb\",\"itemListElement\":[{\"@type\":\"ListItem\",\"position\":1,\"name\":\"Accueil\",\"item\":\"https:\/\/azurementsport.fr\/\"},{\"@type\":\"ListItem\",\"position\":2,\"name\":\"Hockey sur glace : Le point sur le mercato des Aigles de Nice\"}]},{\"@type\":\"WebSite\",\"@id\":\"https:\/\/azurementsport.fr\/#website\",\"url\":\"https:\/\/azurementsport.fr\/\",\"name\":\"Azurement Sport\",\"description\":\"Toute l&#039;actualit\u00e9 sportive de la C\u00f4te d&#039;Azur\",\"publisher\":{\"@id\":\"https:\/\/azurementsport.fr\/#organization\"},\"potentialAction\":[{\"@type\":\"SearchAction\",\"target\":{\"@type\":\"EntryPoint\",\"urlTemplate\":\"https:\/\/azurementsport.fr\/?s={search_term_string}\"},\"query-input\":{\"@type\":\"PropertyValueSpecification\",\"valueRequired\":true,\"valueName\":\"search_term_string\"}}],\"inLanguage\":\"fr-FR\"},{\"@type\":\"Organization\",\"@id\":\"https:\/\/azurementsport.fr\/#organization\",\"name\":\"Azurement Sport\",\"url\":\"https:\/\/azurementsport.fr\/\",\"logo\":{\"@type\":\"ImageObject\",\"inLanguage\":\"fr-FR\",\"@id\":\"https:\/\/azurementsport.fr\/#\/schema\/logo\/image\/\",\"url\":\"https:\/\/azurementsport.fr\/wp-content\/uploads\/2024\/05\/cropped-cropped-AZUREMENT_SPORT__1_-removebg-preview.png\",\"contentUrl\":\"https:\/\/azurementsport.fr\/wp-content\/uploads\/2024\/05\/cropped-cropped-AZUREMENT_SPORT__1_-removebg-preview.png\",\"width\":500,\"height\":224,\"caption\":\"Azurement Sport\"},\"image\":{\"@id\":\"https:\/\/azurementsport.fr\/#\/schema\/logo\/image\/\"}},{\"@type\":\"Person\",\"@id\":\"https:\/\/azurementsport.fr\/#\/schema\/person\/bde18bf25893b2da2f70aa0e69fa7081\",\"name\":\"Azurement Sport\",\"image\":{\"@type\":\"ImageObject\",\"inLanguage\":\"fr-FR\",\"@id\":\"https:\/\/azurementsport.fr\/#\/schema\/person\/image\/\",\"url\":\"https:\/\/secure.gravatar.com\/avatar\/6ac2f8b3453d709891d9b248de3f290cee35f005edbe13d94d6fb2c1b54e4fbd?s=96&d=mm&r=g\",\"contentUrl\":\"https:\/\/secure.gravatar.com\/avatar\/6ac2f8b3453d709891d9b248de3f290cee35f005edbe13d94d6fb2c1b54e4fbd?s=96&d=mm&r=g\",\"caption\":\"Azurement Sport\"},\"sameAs\":[\"http:\/\/azurementsport.fr\"],\"url\":\"https:\/\/azurementsport.fr\/index.php\/author\/admin3210\/\"}]}<\/script>\n<!-- \/ Yoast SEO plugin. -->","yoast_head_json":{"title":"Hockey sur glace : Le point sur le mercato des Aigles de Nice - Azurement Sport","robots":{"index":"index","follow":"follow","max-snippet":"max-snippet:-1","max-image-preview":"max-image-preview:large","max-video-preview":"max-video-preview:-1"},"canonical":"https:\/\/azurementsport.fr\/index.php\/2024\/05\/09\/hockey-sur-glace-le-point-sur-le-mercato-des-aigles-de-nice\/","og_locale":"fr_FR","og_type":"article","og_title":"Hockey sur glace : Le point sur le mercato des Aigles de Nice - Azurement Sport","og_description":"Apr\u00e8s une saison bien remplie, les Aigles de Nice sont en pleine p\u00e9riode de mercato. On fait le point sur&hellip;","og_url":"https:\/\/azurementsport.fr\/index.php\/2024\/05\/09\/hockey-sur-glace-le-point-sur-le-mercato-des-aigles-de-nice\/","og_site_name":"Azurement Sport","article_published_time":"2024-05-09T13:50:02+00:00","article_modified_time":"2024-05-28T16:48:54+00:00","og_image":[{"width":1080,"height":944,"url":"https:\/\/azurementsport.fr\/wp-content\/uploads\/2024\/05\/IMG_20240509_145745_701.jpg","type":"image\/jpeg"}],"author":"Azurement Sport","twitter_card":"summary_large_image","twitter_misc":{"\u00c9crit par":"Azurement Sport","Dur\u00e9e de lecture estim\u00e9e":"4 minutes"},"schema":{"@context":"https:\/\/schema.org","@graph":[{"@type":"Article","@id":"https:\/\/azurementsport.fr\/index.php\/2024\/05\/09\/hockey-sur-glace-le-point-sur-le-mercato-des-aigles-de-nice\/#article","isPartOf":{"@id":"https:\/\/azurementsport.fr\/index.php\/2024\/05\/09\/hockey-sur-glace-le-point-sur-le-mercato-des-aigles-de-nice\/"},"author":{"name":"Azurement Sport","@id":"https:\/\/azurementsport.fr\/#\/schema\/person\/bde18bf25893b2da2f70aa0e69fa7081"},"headline":"Hockey sur glace : Le point sur le mercato des Aigles de Nice","datePublished":"2024-05-09T13:50:02+00:00","dateModified":"2024-05-28T16:48:54+00:00","mainEntityOfPage":{"@id":"https:\/\/azurementsport.fr\/index.php\/2024\/05\/09\/hockey-sur-glace-le-point-sur-le-mercato-des-aigles-de-nice\/"},"wordCount":740,"publisher":{"@id":"https:\/\/azurementsport.fr\/#organization"},"image":{"@id":"https:\/\/azurementsport.fr\/index.php\/2024\/05\/09\/hockey-sur-glace-le-point-sur-le-mercato-des-aigles-de-nice\/#primaryimage"},"thumbnailUrl":"https:\/\/azurementsport.fr\/wp-content\/uploads\/2024\/05\/IMG_20240509_145745_701.jpg","keywords":["Aigles de Nice","Belisle","Hockey","Hockey sur glace","Joseph Broutin","Ligue Magnus","Louis Belisle","Louis Cirgues","Louis Vitou","mercato","Nice","Stolc","Synerglace Ligue Magnus"],"articleSection":["Autres sports"],"inLanguage":"fr-FR"},{"@type":"WebPage","@id":"https:\/\/azurementsport.fr\/index.php\/2024\/05\/09\/hockey-sur-glace-le-point-sur-le-mercato-des-aigles-de-nice\/","url":"https:\/\/azurementsport.fr\/index.php\/2024\/05\/09\/hockey-sur-glace-le-point-sur-le-mercato-des-aigles-de-nice\/","name":"Hockey sur glace : Le point sur le mercato des Aigles de Nice - Azurement Sport","isPartOf":{"@id":"https:\/\/azurementsport.fr\/#website"},"primaryImageOfPage":{"@id":"https:\/\/azurementsport.fr\/index.php\/2024\/05\/09\/hockey-sur-glace-le-point-sur-le-mercato-des-aigles-de-nice\/#primaryimage"},"image":{"@id":"https:\/\/azurementsport.fr\/index.php\/2024\/05\/09\/hockey-sur-glace-le-point-sur-le-mercato-des-aigles-de-nice\/#primaryimage"},"thumbnailUrl":"https:\/\/azurementsport.fr\/wp-content\/uploads\/2024\/05\/IMG_20240509_145745_701.jpg","datePublished":"2024-05-09T13:50:02+00:00","dateModified":"2024-05-28T16:48:54+00:00","breadcrumb":{"@id":"https:\/\/azurementsport.fr\/index.php\/2024\/05\/09\/hockey-sur-glace-le-point-sur-le-mercato-des-aigles-de-nice\/#breadcrumb"},"inLanguage":"fr-FR","potentialAction":[{"@type":"ReadAction","target":["https:\/\/azurementsport.fr\/index.php\/2024\/05\/09\/hockey-sur-glace-le-point-sur-le-mercato-des-aigles-de-nice\/"]}]},{"@type":"ImageObject","inLanguage":"fr-FR","@id":"https:\/\/azurementsport.fr\/index.php\/2024\/05\/09\/hockey-sur-glace-le-point-sur-le-mercato-des-aigles-de-nice\/#primaryimage","url":"https:\/\/azurementsport.fr\/wp-content\/uploads\/2024\/05\/IMG_20240509_145745_701.jpg","contentUrl":"https:\/\/azurementsport.fr\/wp-content\/uploads\/2024\/05\/IMG_20240509_145745_701.jpg","width":1080,"height":944,"caption":"Le cercle des Aigles de Nice r\u00e9tr\u00e9cit puis s'agrandit en cette p\u00e9riode de mercato \u00a9 Valentine Combes"},{"@type":"BreadcrumbList","@id":"https:\/\/azurementsport.fr\/index.php\/2024\/05\/09\/hockey-sur-glace-le-point-sur-le-mercato-des-aigles-de-nice\/#breadcrumb","itemListElement":[{"@type":"ListItem","position":1,"name":"Accueil","item":"https:\/\/azurementsport.fr\/"},{"@type":"ListItem","position":2,"name":"Hockey sur glace : Le point sur le mercato des Aigles de Nice"}]},{"@type":"WebSite","@id":"https:\/\/azurementsport.fr\/#website","url":"https:\/\/azurementsport.fr\/","name":"Azurement Sport","description":"Toute l&#039;actualit\u00e9 sportive de la C\u00f4te d&#039;Azur","publisher":{"@id":"https:\/\/azurementsport.fr\/#organization"},"potentialAction":[{"@type":"SearchAction","target":{"@type":"EntryPoint","urlTemplate":"https:\/\/azurementsport.fr\/?s={search_term_string}"},"query-input":{"@type":"PropertyValueSpecification","valueRequired":true,"valueName":"search_term_string"}}],"inLanguage":"fr-FR"},{"@type":"Organization","@id":"https:\/\/azurementsport.fr\/#organization","name":"Azurement Sport","url":"https:\/\/azurementsport.fr\/","logo":{"@type":"ImageObject","inLanguage":"fr-FR","@id":"https:\/\/azurementsport.fr\/#\/schema\/logo\/image\/","url":"https:\/\/azurementsport.fr\/wp-content\/uploads\/2024\/05\/cropped-cropped-AZUREMENT_SPORT__1_-removebg-preview.png","contentUrl":"https:\/\/azurementsport.fr\/wp-content\/uploads\/2024\/05\/cropped-cropped-AZUREMENT_SPORT__1_-removebg-preview.png","width":500,"height":224,"caption":"Azurement Sport"},"image":{"@id":"https:\/\/azurementsport.fr\/#\/schema\/logo\/image\/"}},{"@type":"Person","@id":"https:\/\/azurementsport.fr\/#\/schema\/person\/bde18bf25893b2da2f70aa0e69fa7081","name":"Azurement Sport","image":{"@type":"ImageObject","inLanguage":"fr-FR","@id":"https:\/\/azurementsport.fr\/#\/schema\/person\/image\/","url":"https:\/\/secure.gravatar.com\/avatar\/6ac2f8b3453d709891d9b248de3f290cee35f005edbe13d94d6fb2c1b54e4fbd?s=96&d=mm&r=g","contentUrl":"https:\/\/secure.gravatar.com\/avatar\/6ac2f8b3453d709891d9b248de3f290cee35f005edbe13d94d6fb2c1b54e4fbd?s=96&d=mm&r=g","caption":"Azurement Sport"},"sameAs":["http:\/\/azurementsport.fr"],"url":"https:\/\/azurementsport.fr\/index.php\/author\/admin3210\/"}]}},"jetpack_featured_media_url":"https:\/\/azurementsport.fr\/wp-content\/uploads\/2024\/05\/IMG_20240509_145745_701.jpg","jetpack_sharing_enabled":true,"jetpack-related-posts":[],"_links":{"self":[{"href":"https:\/\/azurementsport.fr\/index.php\/wp-json\/wp\/v2\/posts\/323","targetHints":{"allow":["GET"]}}],"collection":[{"href":"https:\/\/azurementsport.fr\/index.php\/wp-json\/wp\/v2\/posts"}],"about":[{"href":"https:\/\/azurementsport.fr\/index.php\/wp-json\/wp\/v2\/types\/post"}],"author":[{"embeddable":true,"href":"https:\/\/azurementsport.fr\/index.php\/wp-json\/wp\/v2\/users\/1"}],"replies":[{"embeddable":true,"href":"https:\/\/azurementsport.fr\/index.php\/wp-json\/wp\/v2\/comments?post=323"}],"version-history":[{"count":17,"href":"https:\/\/azurementsport.fr\/index.php\/wp-json\/wp\/v2\/posts\/323\/revisions"}],"predecessor-version":[{"id":669,"href":"https:\/\/azurementsport.fr\/index.php\/wp-json\/wp\/v2\/posts\/323\/revisions\/669"}],"wp:featuredmedia":[{"embeddable":true,"href":"https:\/\/azurementsport.fr\/index.php\/wp-json\/wp\/v2\/media\/359"}],"wp:attachment":[{"href":"https:\/\/azurementsport.fr\/index.php\/wp-json\/wp\/v2\/media?parent=323"}],"wp:term":[{"taxonomy":"category","embeddable":true,"href":"https:\/\/azurementsport.fr\/index.php\/wp-json\/wp\/v2\/categories?post=323"},{"taxonomy":"post_tag","embeddable":true,"href":"https:\/\/azurementsport.fr\/index.php\/wp-json\/wp\/v2\/tags?post=323"}],"curies":[{"name":"wp","href":"https:\/\/api.w.org\/{rel}","templated":true}]}}