{"id":335,"date":"2024-05-09T01:56:54","date_gmt":"2024-05-08T23:56:54","guid":{"rendered":"https:\/\/azurementsport.fr\/?p=335"},"modified":"2024-05-09T01:56:55","modified_gmt":"2024-05-08T23:56:55","slug":"euroligue-la-roca-team-ne-verra-pas-le-final-four-apres-sa-defaite-face-a-fenerbahce-79-80","status":"publish","type":"post","link":"https:\/\/azurementsport.fr\/index.php\/2024\/05\/09\/euroligue-la-roca-team-ne-verra-pas-le-final-four-apres-sa-defaite-face-a-fenerbahce-79-80\/","title":{"rendered":"Euroligue : La Roca Team ne verra pas le Final Four apr\u00e8s sa d\u00e9faite face \u00e0 Fenerbah\u00e7e (79-80)"},"content":{"rendered":"\n<p><strong>Monaco a perdu le match n\u00b05, d\u00e9cisif face \u00e0 Fenerbah\u00e7e (79-80) en prolongations. Une d\u00e9faite qui \u00e9limine la Roca Team aux portes du Final Four d\u2019Euroligue. Une rencontre au sc\u00e9nario irrespirable.<\/strong><\/p>\n\n\n\n<p>Non, l\u2019<strong>AS Monaco Basket<\/strong> ne retrouvera pas le<strong> Final Four<\/strong> <strong>d\u2019Euroligue <\/strong>un an apr\u00e8s y avoir go\u00fbt\u00e9 (d\u00e9faite face \u00e0 <strong>l\u2019Olympiakos <\/strong>62-76, l&rsquo;an dernier). Les <strong>Mon\u00e9gasques <\/strong>ont tr\u00e9buch\u00e9 face au <strong>Fenerbah\u00e7e<\/strong> ce mercredi soir (79-80) au moment de gravir la derni\u00e8re marche vers les demi-finales d&rsquo;Euroligue.<\/p>\n\n\n\n<p>Cette cinqui\u00e8me rencontre d\u00e9cisive dans une <strong>salle Gaston-M\u00e9decin<\/strong> pleine et incandescente devait envoyer la <strong>Roca Team<\/strong> vers <strong>Berlin<\/strong>. Elle a tenu en haleine pendant plus de deux heures un chaudron de <strong>5000 spectateurs <\/strong>qui ne demandait qu\u2019\u00e0 s\u2019enflammer. Un sc\u00e9nario \u00e9poustouflant o\u00f9 tout le monde souhaitait plonger dans l\u2019ivresse comme l&rsquo;ont fait les Marseillais au <strong>Vieux Port<\/strong> aujourd\u2019hui pour les c\u00e9l\u00e9brations de la <strong>flamme olympique<\/strong>. Une flamme que les <strong>Mon\u00e9gasques<\/strong> ont laiss\u00e9 s&rsquo;envoler au fil de la rencontre. Une \u00e9tincelle \u00e9teinte nette par <strong>Nick Calathes <\/strong>(14pts, meilleur marqueur de son \u00e9quipe) lorsqu&rsquo;il a climatis\u00e9 par deux fois la salle avec des tirs ouverts \u00e0 trois points en <strong>prolongations<\/strong>. Lui qui d&rsquo;ailleurs n&rsquo;\u00e9tait qu&rsquo;\u00e0 un panier r\u00e9ussi sur neuf \u00e0 trois points jusque l\u00e0\u2026 Un manque de lucidit\u00e9 d\u00e9fensive dans les moments cl\u00e9s qui co\u00fbte cher.<\/p>\n\n\n\n<p class=\"has-medium-font-size\"><strong>Les pistoleros du Fener\u2019 ont assassin\u00e9 la Roca Team<\/strong><\/p>\n\n\n\n<p>Et si <strong>Nick Calathes<\/strong> a pris feu dans les derni\u00e8res secondes. Tout au long de la partie, les joueurs du <strong>Fenerbah\u00e7e<\/strong> ont martyris\u00e9 le cercle mon\u00e9gasque de tirs longue distance. En t\u00eate de file, <strong>Scottie Wilbekin<\/strong> (14 points), le meneur de l&rsquo;effectif turc, avec un ratio de <strong>50% de shoots convertis<\/strong> (4 sur 8 \u00e0 3pts). Dont notamment trois au buzzer dans des positions physiquement inimaginables. L&rsquo;ailier <strong>Tarik Biberovic,<\/strong> auteur de <strong>13 points<\/strong> n&rsquo;a lui, rien rat\u00e9 derri\u00e8re la ligne (3 sur 3). Au total, les Turcs ont r\u00e9alis\u00e9s un <strong>15 sur 35 \u00e0 trois points (42,9% de r\u00e9ussite)<\/strong>. Une r\u00e9ussite qui contraste avec le pauvre 5 sur 19 des Mon\u00e9gasques.<\/p>\n\n\n\n<figure class=\"wp-block-embed is-type-rich is-provider-twitter wp-block-embed-twitter\"><div class=\"wp-block-embed__wrapper\">\n<blockquote class=\"twitter-tweet\" data-width=\"550\" data-dnt=\"true\"><p lang=\"fr\" dir=\"ltr\">SCOTTIE WILBEKIN, ARR\u00caTEZ TOUT ! \ud83d\ude28<a href=\"https:\/\/twitter.com\/FBBasketbol?ref_src=twsrc%5Etfw\">@FBBasketbol<\/a> x <a href=\"https:\/\/twitter.com\/EuroLeague?ref_src=twsrc%5Etfw\">@EuroLeague<\/a><br><br>\ud83d\udcfa En exclusivit\u00e9 sur <a href=\"https:\/\/t.co\/gS7u20BbFZ\">https:\/\/t.co\/gS7u20BbFZ<\/a><a href=\"https:\/\/twitter.com\/hashtag\/SKWEEKLive?src=hash&amp;ref_src=twsrc%5Etfw\">#SKWEEKLive<\/a> <a href=\"https:\/\/twitter.com\/hashtag\/EveryGameMatters?src=hash&amp;ref_src=twsrc%5Etfw\">#EveryGameMatters<\/a> <a href=\"https:\/\/twitter.com\/hashtag\/SKWEEK?src=hash&amp;ref_src=twsrc%5Etfw\">#SKWEEK<\/a> <a href=\"https:\/\/twitter.com\/hashtag\/alwaysON?src=hash&amp;ref_src=twsrc%5Etfw\">#alwaysON<\/a> <a href=\"https:\/\/t.co\/J9h641S5ht\">pic.twitter.com\/J9h641S5ht<\/a><\/p>&mdash; SKWEEK (@skweektv) <a href=\"https:\/\/twitter.com\/skweektv\/status\/1788270372300734581?ref_src=twsrc%5Etfw\">May 8, 2024<\/a><\/blockquote><script async src=\"https:\/\/platform.twitter.com\/widgets.js\" charset=\"utf-8\"><\/script>\n<\/div><\/figure>\n\n\n\n<p>Cette adresse \u00e0 trois points a \u00e9t\u00e9 l&rsquo;une des cl\u00e9s de la rencontre. Elle a bien aid\u00e9e les joueurs du <strong>Fener<\/strong>&lsquo; \u00e0 revenir quand ceux-ci perdaient de huit points au d\u00e9but du troisi\u00e8me quart-temps (43-35). Un manque de justesse dans les moments charni\u00e8res que regrette le <strong>coach mon\u00e9gasque<\/strong>, <strong>Sasa Obradovic<\/strong> : <em>\u00ab\u00a0Le match s&rsquo;est d\u00e9cid\u00e9 sur des d\u00e9tails. C&rsquo;\u00e9tait presque une loterie. Je ne peux pas critiquer mes joueurs, on a jou\u00e9 un match physique et exigeant jusqu&rsquo;au bout.\u00a0Le regret, c&rsquo;est plut\u00f4t sur certaines situations o\u00f9 on aurait pu faire le break en \u00e9tant meilleurs au box-out\u00a0(la lutte au rebond)\u00a0\u00bb.<\/em><\/p>\n\n\n\n<p class=\"has-medium-font-size\"><strong>Mike James et Elie Okobo s&rsquo;\u00e9taient pourtant r\u00e9veill\u00e9s<\/strong><\/p>\n\n\n\n<p>Discrets tout au long de la s\u00e9rie, les deux joueurs phares de l&rsquo;<strong>AS Monaco Basket<\/strong>,<strong> Elie Okobo<\/strong> (15 points) et <strong>Mike James<\/strong> (20 points) sont sortis de leur boite au meilleur des moments. C&rsquo;est-\u00e0-dire, pendant le dernier quart-temps et durant la prolongation, lorsque la Roca Team \u00e9tait dos au mur (63-67, 37\u00e8).<\/p>\n\n\n\n<p><strong>Mike James, <\/strong>a converti deux trois points venus d&rsquo;une autre plan\u00e8te pour recoller aux basques des Turcs dans les dix derni\u00e8res minutes. Pareil pendant le temps suppl\u00e9mentaire, il tire par dessus les 2m18 du pivot adverse, <strong>Georgios Papagiannis<\/strong>, pour donner trois points d&rsquo;avance \u00e0 son \u00e9quipe (77-74, 43\u00e8). Des efforts arriv\u00e9s trop tard dans cette rencontre et cette s\u00e9rie pour le <a href=\"https:\/\/www.20minutes.fr\/sport\/4080277-20240308-basket-mike-james-monaco-entre-histoire-devenant-meilleur-marqueur-euroligue#:~:text=Record-,Basket%20%3A%20Mike%20James%20(Monaco)%20entre%20dans%20l'Histoire,le%20meilleur%20marqueur%20d'Euroligue&amp;text=Effac%C3%A9s%2C%20les%204.455%20points%20du,'Euroligue%2C%20avec%204.464%20points.\">meilleur marqueur de l&rsquo;Histoire de l&rsquo;Euroligue<\/a>.<\/p>\n\n\n\n<figure class=\"wp-block-embed is-type-rich is-provider-twitter wp-block-embed-twitter\"><div class=\"wp-block-embed__wrapper\">\n<blockquote class=\"twitter-tweet\" data-width=\"550\" data-dnt=\"true\"><p lang=\"fr\" dir=\"ltr\">\ud835\udde0\ud835\udddc\ud835\uddde\ud835\uddd8 \ud835\udddd\ud835\uddd4\ud835\udde0\ud835\uddd8\ud835\udde6 \ud835\udde3\ud835\udde8\ud835\udddc\ud835\udde6 \ud835\uddd8\ud835\udddf\ud835\udddc\ud835\uddd8 \ud835\udde2\ud835\uddde\ud835\udde2\ud835\uddd5\ud835\udde2\ud835\udde6\ud835\udde6\ud835\udde6\ud835\udde6\ud835\udde6 ! \ud83d\udd25<br><br>Quelle s\u00e9quence de la Roca Team ! \ud83d\udd34\u26aa\ufe0f<a href=\"https:\/\/twitter.com\/ASMonaco_Basket?ref_src=twsrc%5Etfw\">@ASMonaco_Basket<\/a> x <a href=\"https:\/\/twitter.com\/EuroLeague?ref_src=twsrc%5Etfw\">@EuroLeague<\/a> <br><br>\ud83d\udcfa En exclusivit\u00e9 sur <a href=\"https:\/\/t.co\/gS7u20BbFZ\">https:\/\/t.co\/gS7u20BbFZ<\/a><a href=\"https:\/\/twitter.com\/hashtag\/SKWEEKLive?src=hash&amp;ref_src=twsrc%5Etfw\">#SKWEEKLive<\/a> <a href=\"https:\/\/twitter.com\/hashtag\/EveryGameMatters?src=hash&amp;ref_src=twsrc%5Etfw\">#EveryGameMatters<\/a> <a href=\"https:\/\/twitter.com\/hashtag\/SKWEEK?src=hash&amp;ref_src=twsrc%5Etfw\">#SKWEEK<\/a> <a href=\"https:\/\/twitter.com\/hashtag\/alwaysON?src=hash&amp;ref_src=twsrc%5Etfw\">#alwaysON<\/a> <a href=\"https:\/\/t.co\/SQczCZXMVp\">pic.twitter.com\/SQczCZXMVp<\/a><\/p>&mdash; SKWEEK (@skweektv) <a href=\"https:\/\/twitter.com\/skweektv\/status\/1788284199620710721?ref_src=twsrc%5Etfw\">May 8, 2024<\/a><\/blockquote><script async src=\"https:\/\/platform.twitter.com\/widgets.js\" charset=\"utf-8\"><\/script>\n<\/div><\/figure>\n\n\n\n<p><strong>Elie Okobo<\/strong>, est celui qui obtient la prolongation. Il pense m\u00eame donner la qualification aux siens sur une merveille de tir en flotteur dans les derni\u00e8res secondes (79-77, 45\u00e8). Mais son <strong>repli d\u00e9fensif n&rsquo;a pas \u00e9t\u00e9 \u00e0 la hauteur <\/strong>pour emp\u00eacher un shoot \u00e0 trois points assassin. Il a m\u00eame eu le ballon de la gagne \u00e0 deux reprises. Le premier \u00e0 vingt secondes de la fin du quatri\u00e8me quart (70-70). L&rsquo;international fran\u00e7ais avait une possession pour un dernier <em>drive<\/em> vers le cercle. Mais tire \u00e0 trois points, en vain, sans tenter de perc\u00e9e vers l&rsquo;avant. Un choix curieux. Puis au bout des prolongations apr\u00e8s le panier assassin de Calathes (79-80, 45\u00e8) mais cette fois il cafouille la balle au moment d&rsquo;attaquer le cercle.<\/p>\n\n\n\n<p class=\"has-medium-font-size\"><strong>Une d\u00e9faite historique<\/strong><\/p>\n\n\n\n<p>Cette soir\u00e9e, aussi cruelle qu\u2019elle ne l\u2019est d\u00e9j\u00e0, restera dans l\u2019Histoire de la comp\u00e9tition. Pourquoi ? Tout simplement, car aucune \u00e9quipe ne s\u2019\u00e9tait impos\u00e9e \u00e0 l\u2019ext\u00e9rieur lors d\u2019un cinqui\u00e8me match d\u00e9cisif pour la qualification. <strong>Scottie Wilbekin<\/strong>, meneur du <strong>Fenerbah\u00e7e <\/strong>l\u2019a affirm\u00e9 au micro de <strong>Skweek<\/strong> apr\u00e8s la rencontre, son \u00e9quipe <em>\u201ca marqu\u00e9 l\u2019histoire\u201d<\/em> et il s\u2019en disait <em>\u201ctr\u00e8s fier et tr\u00e8s heureux\u201d<\/em>. D\u00e9sormais, les <strong>Turcs <\/strong>de Fenerbah\u00e7e affronteront les <strong>Grecs <\/strong>du <strong>Panathina\u00efkos <\/strong>pour une place en finale de <strong>l&rsquo;Euroligue<\/strong>.<\/p>\n\n\n\n<p class=\"has-medium-font-size\"><strong>Motiejunas : \u00ab\u00a0On n&rsquo;a pas encore atteint un seul de nos objectifs\u00a0\u00bb<\/strong><\/p>\n\n\n\n<p>Pour Monaco, la saison se poursuit avec une derni\u00e8re rencontre de <strong>Betclic \u00c9lite<\/strong> \u00e0 <strong>Blois<\/strong> ce week-end, avant  les play-offs. La <strong>Roca Team<\/strong> n&rsquo;a toujours pas gagn\u00e9 de titre et compte bien profiter du championnat de France pour ne pas finir la saison bredouille. <em>\u00ab\u00a0<strong>On n&rsquo;a pas encore atteint un seul de nos objectifs <\/strong>cette saison. J&rsquo;esp\u00e8re que l&rsquo;\u00e9quipe va se reconcentrer et comprendre qu&rsquo;il n&rsquo;y a plus qu&rsquo;un seul titre que l&rsquo;on peut gagner\u00a0\u00bb<\/em>, pestait <strong>Donatas Motiejunas<\/strong> (16 points) apr\u00e8s la partie. Cela a le m\u00e9rite d&rsquo;\u00eatre clair, <strong>Monaco <\/strong>se doit d&rsquo;aller chercher un troph\u00e9e.<\/p>\n\n\n\n<p><strong>Quentin Barbaza<\/strong><\/p>\n","protected":false},"excerpt":{"rendered":"<p>Monaco a perdu le match n\u00b05, d\u00e9cisif face \u00e0 Fenerbah\u00e7e (79-80) en prolongations. Une d\u00e9faite qui \u00e9limine la Roca Team&hellip;<\/p>\n","protected":false},"author":1,"featured_media":337,"comment_status":"closed","ping_status":"open","sticky":false,"template":"","format":"standard","meta":{"_jetpack_memberships_contains_paid_content":false,"footnotes":""},"categories":[27],"tags":[56,164,50,169,168,163,165,166,167,45,172,47,170,171],"class_list":["post-335","post","type-post","status-publish","format-standard","has-post-thumbnail","hentry","category-basket","tag-as-monaco","tag-as-monaco-basket","tag-basket","tag-donatas-motiejunas","tag-elie-okobo","tag-euroligue","tag-fenerbahce","tag-gaston-medecin","tag-mike-james","tag-monaco","tag-nick-calathes","tag-roca-team","tag-sasa-obradovic","tag-scottie-wilbekin"],"yoast_head":"<!-- This site is optimized with the Yoast SEO plugin v24.5 - https:\/\/yoast.com\/wordpress\/plugins\/seo\/ -->\n<title>Euroligue : La Roca Team ne verra pas le Final Four apr\u00e8s sa d\u00e9faite face \u00e0 Fenerbah\u00e7e (79-80) - Azurement Sport<\/title>\n<meta name=\"robots\" content=\"index, follow, max-snippet:-1, max-image-preview:large, max-video-preview:-1\" \/>\n<link rel=\"canonical\" href=\"https:\/\/azurementsport.fr\/index.php\/2024\/05\/09\/euroligue-la-roca-team-ne-verra-pas-le-final-four-apres-sa-defaite-face-a-fenerbahce-79-80\/\" \/>\n<meta property=\"og:locale\" content=\"fr_FR\" \/>\n<meta property=\"og:type\" content=\"article\" \/>\n<meta property=\"og:title\" content=\"Euroligue : La Roca Team ne verra pas le Final Four apr\u00e8s sa d\u00e9faite face \u00e0 Fenerbah\u00e7e (79-80) - Azurement Sport\" \/>\n<meta property=\"og:description\" content=\"Monaco a perdu le match n\u00b05, d\u00e9cisif face \u00e0 Fenerbah\u00e7e (79-80) en prolongations. Une d\u00e9faite qui \u00e9limine la Roca Team&hellip;\" \/>\n<meta property=\"og:url\" content=\"https:\/\/azurementsport.fr\/index.php\/2024\/05\/09\/euroligue-la-roca-team-ne-verra-pas-le-final-four-apres-sa-defaite-face-a-fenerbahce-79-80\/\" \/>\n<meta property=\"og:site_name\" content=\"Azurement Sport\" \/>\n<meta property=\"article:published_time\" content=\"2024-05-08T23:56:54+00:00\" \/>\n<meta property=\"article:modified_time\" content=\"2024-05-08T23:56:55+00:00\" \/>\n<meta property=\"og:image\" content=\"https:\/\/azurementsport.fr\/wp-content\/uploads\/2024\/05\/441211754_3231835360455363_2284148892226759516_n.jpg\" \/>\n\t<meta property=\"og:image:width\" content=\"868\" \/>\n\t<meta property=\"og:image:height\" content=\"634\" \/>\n\t<meta property=\"og:image:type\" content=\"image\/jpeg\" \/>\n<meta name=\"author\" content=\"Azurement Sport\" \/>\n<meta name=\"twitter:card\" content=\"summary_large_image\" \/>\n<meta name=\"twitter:label1\" content=\"\u00c9crit par\" \/>\n\t<meta name=\"twitter:data1\" content=\"Azurement Sport\" \/>\n\t<meta name=\"twitter:label2\" content=\"Dur\u00e9e de lecture estim\u00e9e\" \/>\n\t<meta name=\"twitter:data2\" content=\"5 minutes\" \/>\n<script type=\"application\/ld+json\" class=\"yoast-schema-graph\">{\"@context\":\"https:\/\/schema.org\",\"@graph\":[{\"@type\":\"Article\",\"@id\":\"https:\/\/azurementsport.fr\/index.php\/2024\/05\/09\/euroligue-la-roca-team-ne-verra-pas-le-final-four-apres-sa-defaite-face-a-fenerbahce-79-80\/#article\",\"isPartOf\":{\"@id\":\"https:\/\/azurementsport.fr\/index.php\/2024\/05\/09\/euroligue-la-roca-team-ne-verra-pas-le-final-four-apres-sa-defaite-face-a-fenerbahce-79-80\/\"},\"author\":{\"name\":\"Azurement Sport\",\"@id\":\"https:\/\/azurementsport.fr\/#\/schema\/person\/bde18bf25893b2da2f70aa0e69fa7081\"},\"headline\":\"Euroligue : La Roca Team ne verra pas le Final Four apr\u00e8s sa d\u00e9faite face \u00e0 Fenerbah\u00e7e (79-80)\",\"datePublished\":\"2024-05-08T23:56:54+00:00\",\"dateModified\":\"2024-05-08T23:56:55+00:00\",\"mainEntityOfPage\":{\"@id\":\"https:\/\/azurementsport.fr\/index.php\/2024\/05\/09\/euroligue-la-roca-team-ne-verra-pas-le-final-four-apres-sa-defaite-face-a-fenerbahce-79-80\/\"},\"wordCount\":1000,\"publisher\":{\"@id\":\"https:\/\/azurementsport.fr\/#organization\"},\"image\":{\"@id\":\"https:\/\/azurementsport.fr\/index.php\/2024\/05\/09\/euroligue-la-roca-team-ne-verra-pas-le-final-four-apres-sa-defaite-face-a-fenerbahce-79-80\/#primaryimage\"},\"thumbnailUrl\":\"https:\/\/azurementsport.fr\/wp-content\/uploads\/2024\/05\/441211754_3231835360455363_2284148892226759516_n.jpg\",\"keywords\":[\"AS Monaco\",\"AS Monaco Basket\",\"Basket\",\"Donatas Motiejunas\",\"Elie Okobo\",\"Euroligue\",\"Fenerbahce\",\"Gaston Medecin\",\"Mike James\",\"Monaco\",\"Nick Calathes\",\"Roca Team\",\"Sasa Obradovic\",\"Scottie Wilbekin\"],\"articleSection\":[\"Basket\"],\"inLanguage\":\"fr-FR\"},{\"@type\":\"WebPage\",\"@id\":\"https:\/\/azurementsport.fr\/index.php\/2024\/05\/09\/euroligue-la-roca-team-ne-verra-pas-le-final-four-apres-sa-defaite-face-a-fenerbahce-79-80\/\",\"url\":\"https:\/\/azurementsport.fr\/index.php\/2024\/05\/09\/euroligue-la-roca-team-ne-verra-pas-le-final-four-apres-sa-defaite-face-a-fenerbahce-79-80\/\",\"name\":\"Euroligue : La Roca Team ne verra pas le Final Four apr\u00e8s sa d\u00e9faite face \u00e0 Fenerbah\u00e7e (79-80) - Azurement Sport\",\"isPartOf\":{\"@id\":\"https:\/\/azurementsport.fr\/#website\"},\"primaryImageOfPage\":{\"@id\":\"https:\/\/azurementsport.fr\/index.php\/2024\/05\/09\/euroligue-la-roca-team-ne-verra-pas-le-final-four-apres-sa-defaite-face-a-fenerbahce-79-80\/#primaryimage\"},\"image\":{\"@id\":\"https:\/\/azurementsport.fr\/index.php\/2024\/05\/09\/euroligue-la-roca-team-ne-verra-pas-le-final-four-apres-sa-defaite-face-a-fenerbahce-79-80\/#primaryimage\"},\"thumbnailUrl\":\"https:\/\/azurementsport.fr\/wp-content\/uploads\/2024\/05\/441211754_3231835360455363_2284148892226759516_n.jpg\",\"datePublished\":\"2024-05-08T23:56:54+00:00\",\"dateModified\":\"2024-05-08T23:56:55+00:00\",\"breadcrumb\":{\"@id\":\"https:\/\/azurementsport.fr\/index.php\/2024\/05\/09\/euroligue-la-roca-team-ne-verra-pas-le-final-four-apres-sa-defaite-face-a-fenerbahce-79-80\/#breadcrumb\"},\"inLanguage\":\"fr-FR\",\"potentialAction\":[{\"@type\":\"ReadAction\",\"target\":[\"https:\/\/azurementsport.fr\/index.php\/2024\/05\/09\/euroligue-la-roca-team-ne-verra-pas-le-final-four-apres-sa-defaite-face-a-fenerbahce-79-80\/\"]}]},{\"@type\":\"ImageObject\",\"inLanguage\":\"fr-FR\",\"@id\":\"https:\/\/azurementsport.fr\/index.php\/2024\/05\/09\/euroligue-la-roca-team-ne-verra-pas-le-final-four-apres-sa-defaite-face-a-fenerbahce-79-80\/#primaryimage\",\"url\":\"https:\/\/azurementsport.fr\/wp-content\/uploads\/2024\/05\/441211754_3231835360455363_2284148892226759516_n.jpg\",\"contentUrl\":\"https:\/\/azurementsport.fr\/wp-content\/uploads\/2024\/05\/441211754_3231835360455363_2284148892226759516_n.jpg\",\"width\":868,\"height\":634,\"caption\":\"L'AS Monaco Basket a perdu face \u00e0 Fenerbahce (79-80) et est \u00e9limin\u00e9e de l'Euroligue \u00a9 Q.B\"},{\"@type\":\"BreadcrumbList\",\"@id\":\"https:\/\/azurementsport.fr\/index.php\/2024\/05\/09\/euroligue-la-roca-team-ne-verra-pas-le-final-four-apres-sa-defaite-face-a-fenerbahce-79-80\/#breadcrumb\",\"itemListElement\":[{\"@type\":\"ListItem\",\"position\":1,\"name\":\"Accueil\",\"item\":\"https:\/\/azurementsport.fr\/\"},{\"@type\":\"ListItem\",\"position\":2,\"name\":\"Euroligue : La Roca Team ne verra pas le Final Four apr\u00e8s sa d\u00e9faite face \u00e0 Fenerbah\u00e7e (79-80)\"}]},{\"@type\":\"WebSite\",\"@id\":\"https:\/\/azurementsport.fr\/#website\",\"url\":\"https:\/\/azurementsport.fr\/\",\"name\":\"Azurement Sport\",\"description\":\"Toute l&#039;actualit\u00e9 sportive de la C\u00f4te d&#039;Azur\",\"publisher\":{\"@id\":\"https:\/\/azurementsport.fr\/#organization\"},\"potentialAction\":[{\"@type\":\"SearchAction\",\"target\":{\"@type\":\"EntryPoint\",\"urlTemplate\":\"https:\/\/azurementsport.fr\/?s={search_term_string}\"},\"query-input\":{\"@type\":\"PropertyValueSpecification\",\"valueRequired\":true,\"valueName\":\"search_term_string\"}}],\"inLanguage\":\"fr-FR\"},{\"@type\":\"Organization\",\"@id\":\"https:\/\/azurementsport.fr\/#organization\",\"name\":\"Azurement Sport\",\"url\":\"https:\/\/azurementsport.fr\/\",\"logo\":{\"@type\":\"ImageObject\",\"inLanguage\":\"fr-FR\",\"@id\":\"https:\/\/azurementsport.fr\/#\/schema\/logo\/image\/\",\"url\":\"https:\/\/azurementsport.fr\/wp-content\/uploads\/2024\/05\/cropped-cropped-AZUREMENT_SPORT__1_-removebg-preview.png\",\"contentUrl\":\"https:\/\/azurementsport.fr\/wp-content\/uploads\/2024\/05\/cropped-cropped-AZUREMENT_SPORT__1_-removebg-preview.png\",\"width\":500,\"height\":224,\"caption\":\"Azurement Sport\"},\"image\":{\"@id\":\"https:\/\/azurementsport.fr\/#\/schema\/logo\/image\/\"}},{\"@type\":\"Person\",\"@id\":\"https:\/\/azurementsport.fr\/#\/schema\/person\/bde18bf25893b2da2f70aa0e69fa7081\",\"name\":\"Azurement Sport\",\"image\":{\"@type\":\"ImageObject\",\"inLanguage\":\"fr-FR\",\"@id\":\"https:\/\/azurementsport.fr\/#\/schema\/person\/image\/\",\"url\":\"https:\/\/secure.gravatar.com\/avatar\/6ac2f8b3453d709891d9b248de3f290cee35f005edbe13d94d6fb2c1b54e4fbd?s=96&d=mm&r=g\",\"contentUrl\":\"https:\/\/secure.gravatar.com\/avatar\/6ac2f8b3453d709891d9b248de3f290cee35f005edbe13d94d6fb2c1b54e4fbd?s=96&d=mm&r=g\",\"caption\":\"Azurement Sport\"},\"sameAs\":[\"http:\/\/azurementsport.fr\"],\"url\":\"https:\/\/azurementsport.fr\/index.php\/author\/admin3210\/\"}]}<\/script>\n<!-- \/ Yoast SEO plugin. -->","yoast_head_json":{"title":"Euroligue : La Roca Team ne verra pas le Final Four apr\u00e8s sa d\u00e9faite face \u00e0 Fenerbah\u00e7e (79-80) - Azurement Sport","robots":{"index":"index","follow":"follow","max-snippet":"max-snippet:-1","max-image-preview":"max-image-preview:large","max-video-preview":"max-video-preview:-1"},"canonical":"https:\/\/azurementsport.fr\/index.php\/2024\/05\/09\/euroligue-la-roca-team-ne-verra-pas-le-final-four-apres-sa-defaite-face-a-fenerbahce-79-80\/","og_locale":"fr_FR","og_type":"article","og_title":"Euroligue : La Roca Team ne verra pas le Final Four apr\u00e8s sa d\u00e9faite face \u00e0 Fenerbah\u00e7e (79-80) - Azurement Sport","og_description":"Monaco a perdu le match n\u00b05, d\u00e9cisif face \u00e0 Fenerbah\u00e7e (79-80) en prolongations. Une d\u00e9faite qui \u00e9limine la Roca Team&hellip;","og_url":"https:\/\/azurementsport.fr\/index.php\/2024\/05\/09\/euroligue-la-roca-team-ne-verra-pas-le-final-four-apres-sa-defaite-face-a-fenerbahce-79-80\/","og_site_name":"Azurement Sport","article_published_time":"2024-05-08T23:56:54+00:00","article_modified_time":"2024-05-08T23:56:55+00:00","og_image":[{"width":868,"height":634,"url":"https:\/\/azurementsport.fr\/wp-content\/uploads\/2024\/05\/441211754_3231835360455363_2284148892226759516_n.jpg","type":"image\/jpeg"}],"author":"Azurement Sport","twitter_card":"summary_large_image","twitter_misc":{"\u00c9crit par":"Azurement Sport","Dur\u00e9e de lecture estim\u00e9e":"5 minutes"},"schema":{"@context":"https:\/\/schema.org","@graph":[{"@type":"Article","@id":"https:\/\/azurementsport.fr\/index.php\/2024\/05\/09\/euroligue-la-roca-team-ne-verra-pas-le-final-four-apres-sa-defaite-face-a-fenerbahce-79-80\/#article","isPartOf":{"@id":"https:\/\/azurementsport.fr\/index.php\/2024\/05\/09\/euroligue-la-roca-team-ne-verra-pas-le-final-four-apres-sa-defaite-face-a-fenerbahce-79-80\/"},"author":{"name":"Azurement Sport","@id":"https:\/\/azurementsport.fr\/#\/schema\/person\/bde18bf25893b2da2f70aa0e69fa7081"},"headline":"Euroligue : La Roca Team ne verra pas le Final Four apr\u00e8s sa d\u00e9faite face \u00e0 Fenerbah\u00e7e (79-80)","datePublished":"2024-05-08T23:56:54+00:00","dateModified":"2024-05-08T23:56:55+00:00","mainEntityOfPage":{"@id":"https:\/\/azurementsport.fr\/index.php\/2024\/05\/09\/euroligue-la-roca-team-ne-verra-pas-le-final-four-apres-sa-defaite-face-a-fenerbahce-79-80\/"},"wordCount":1000,"publisher":{"@id":"https:\/\/azurementsport.fr\/#organization"},"image":{"@id":"https:\/\/azurementsport.fr\/index.php\/2024\/05\/09\/euroligue-la-roca-team-ne-verra-pas-le-final-four-apres-sa-defaite-face-a-fenerbahce-79-80\/#primaryimage"},"thumbnailUrl":"https:\/\/azurementsport.fr\/wp-content\/uploads\/2024\/05\/441211754_3231835360455363_2284148892226759516_n.jpg","keywords":["AS Monaco","AS Monaco Basket","Basket","Donatas Motiejunas","Elie Okobo","Euroligue","Fenerbahce","Gaston Medecin","Mike James","Monaco","Nick Calathes","Roca Team","Sasa Obradovic","Scottie Wilbekin"],"articleSection":["Basket"],"inLanguage":"fr-FR"},{"@type":"WebPage","@id":"https:\/\/azurementsport.fr\/index.php\/2024\/05\/09\/euroligue-la-roca-team-ne-verra-pas-le-final-four-apres-sa-defaite-face-a-fenerbahce-79-80\/","url":"https:\/\/azurementsport.fr\/index.php\/2024\/05\/09\/euroligue-la-roca-team-ne-verra-pas-le-final-four-apres-sa-defaite-face-a-fenerbahce-79-80\/","name":"Euroligue : La Roca Team ne verra pas le Final Four apr\u00e8s sa d\u00e9faite face \u00e0 Fenerbah\u00e7e (79-80) - Azurement Sport","isPartOf":{"@id":"https:\/\/azurementsport.fr\/#website"},"primaryImageOfPage":{"@id":"https:\/\/azurementsport.fr\/index.php\/2024\/05\/09\/euroligue-la-roca-team-ne-verra-pas-le-final-four-apres-sa-defaite-face-a-fenerbahce-79-80\/#primaryimage"},"image":{"@id":"https:\/\/azurementsport.fr\/index.php\/2024\/05\/09\/euroligue-la-roca-team-ne-verra-pas-le-final-four-apres-sa-defaite-face-a-fenerbahce-79-80\/#primaryimage"},"thumbnailUrl":"https:\/\/azurementsport.fr\/wp-content\/uploads\/2024\/05\/441211754_3231835360455363_2284148892226759516_n.jpg","datePublished":"2024-05-08T23:56:54+00:00","dateModified":"2024-05-08T23:56:55+00:00","breadcrumb":{"@id":"https:\/\/azurementsport.fr\/index.php\/2024\/05\/09\/euroligue-la-roca-team-ne-verra-pas-le-final-four-apres-sa-defaite-face-a-fenerbahce-79-80\/#breadcrumb"},"inLanguage":"fr-FR","potentialAction":[{"@type":"ReadAction","target":["https:\/\/azurementsport.fr\/index.php\/2024\/05\/09\/euroligue-la-roca-team-ne-verra-pas-le-final-four-apres-sa-defaite-face-a-fenerbahce-79-80\/"]}]},{"@type":"ImageObject","inLanguage":"fr-FR","@id":"https:\/\/azurementsport.fr\/index.php\/2024\/05\/09\/euroligue-la-roca-team-ne-verra-pas-le-final-four-apres-sa-defaite-face-a-fenerbahce-79-80\/#primaryimage","url":"https:\/\/azurementsport.fr\/wp-content\/uploads\/2024\/05\/441211754_3231835360455363_2284148892226759516_n.jpg","contentUrl":"https:\/\/azurementsport.fr\/wp-content\/uploads\/2024\/05\/441211754_3231835360455363_2284148892226759516_n.jpg","width":868,"height":634,"caption":"L'AS Monaco Basket a perdu face \u00e0 Fenerbahce (79-80) et est \u00e9limin\u00e9e de l'Euroligue \u00a9 Q.B"},{"@type":"BreadcrumbList","@id":"https:\/\/azurementsport.fr\/index.php\/2024\/05\/09\/euroligue-la-roca-team-ne-verra-pas-le-final-four-apres-sa-defaite-face-a-fenerbahce-79-80\/#breadcrumb","itemListElement":[{"@type":"ListItem","position":1,"name":"Accueil","item":"https:\/\/azurementsport.fr\/"},{"@type":"ListItem","position":2,"name":"Euroligue : La Roca Team ne verra pas le Final Four apr\u00e8s sa d\u00e9faite face \u00e0 Fenerbah\u00e7e (79-80)"}]},{"@type":"WebSite","@id":"https:\/\/azurementsport.fr\/#website","url":"https:\/\/azurementsport.fr\/","name":"Azurement Sport","description":"Toute l&#039;actualit\u00e9 sportive de la C\u00f4te d&#039;Azur","publisher":{"@id":"https:\/\/azurementsport.fr\/#organization"},"potentialAction":[{"@type":"SearchAction","target":{"@type":"EntryPoint","urlTemplate":"https:\/\/azurementsport.fr\/?s={search_term_string}"},"query-input":{"@type":"PropertyValueSpecification","valueRequired":true,"valueName":"search_term_string"}}],"inLanguage":"fr-FR"},{"@type":"Organization","@id":"https:\/\/azurementsport.fr\/#organization","name":"Azurement Sport","url":"https:\/\/azurementsport.fr\/","logo":{"@type":"ImageObject","inLanguage":"fr-FR","@id":"https:\/\/azurementsport.fr\/#\/schema\/logo\/image\/","url":"https:\/\/azurementsport.fr\/wp-content\/uploads\/2024\/05\/cropped-cropped-AZUREMENT_SPORT__1_-removebg-preview.png","contentUrl":"https:\/\/azurementsport.fr\/wp-content\/uploads\/2024\/05\/cropped-cropped-AZUREMENT_SPORT__1_-removebg-preview.png","width":500,"height":224,"caption":"Azurement Sport"},"image":{"@id":"https:\/\/azurementsport.fr\/#\/schema\/logo\/image\/"}},{"@type":"Person","@id":"https:\/\/azurementsport.fr\/#\/schema\/person\/bde18bf25893b2da2f70aa0e69fa7081","name":"Azurement Sport","image":{"@type":"ImageObject","inLanguage":"fr-FR","@id":"https:\/\/azurementsport.fr\/#\/schema\/person\/image\/","url":"https:\/\/secure.gravatar.com\/avatar\/6ac2f8b3453d709891d9b248de3f290cee35f005edbe13d94d6fb2c1b54e4fbd?s=96&d=mm&r=g","contentUrl":"https:\/\/secure.gravatar.com\/avatar\/6ac2f8b3453d709891d9b248de3f290cee35f005edbe13d94d6fb2c1b54e4fbd?s=96&d=mm&r=g","caption":"Azurement Sport"},"sameAs":["http:\/\/azurementsport.fr"],"url":"https:\/\/azurementsport.fr\/index.php\/author\/admin3210\/"}]}},"jetpack_featured_media_url":"https:\/\/azurementsport.fr\/wp-content\/uploads\/2024\/05\/441211754_3231835360455363_2284148892226759516_n.jpg","jetpack_sharing_enabled":true,"jetpack-related-posts":[],"_links":{"self":[{"href":"https:\/\/azurementsport.fr\/index.php\/wp-json\/wp\/v2\/posts\/335","targetHints":{"allow":["GET"]}}],"collection":[{"href":"https:\/\/azurementsport.fr\/index.php\/wp-json\/wp\/v2\/posts"}],"about":[{"href":"https:\/\/azurementsport.fr\/index.php\/wp-json\/wp\/v2\/types\/post"}],"author":[{"embeddable":true,"href":"https:\/\/azurementsport.fr\/index.php\/wp-json\/wp\/v2\/users\/1"}],"replies":[{"embeddable":true,"href":"https:\/\/azurementsport.fr\/index.php\/wp-json\/wp\/v2\/comments?post=335"}],"version-history":[{"count":2,"href":"https:\/\/azurementsport.fr\/index.php\/wp-json\/wp\/v2\/posts\/335\/revisions"}],"predecessor-version":[{"id":338,"href":"https:\/\/azurementsport.fr\/index.php\/wp-json\/wp\/v2\/posts\/335\/revisions\/338"}],"wp:featuredmedia":[{"embeddable":true,"href":"https:\/\/azurementsport.fr\/index.php\/wp-json\/wp\/v2\/media\/337"}],"wp:attachment":[{"href":"https:\/\/azurementsport.fr\/index.php\/wp-json\/wp\/v2\/media?parent=335"}],"wp:term":[{"taxonomy":"category","embeddable":true,"href":"https:\/\/azurementsport.fr\/index.php\/wp-json\/wp\/v2\/categories?post=335"},{"taxonomy":"post_tag","embeddable":true,"href":"https:\/\/azurementsport.fr\/index.php\/wp-json\/wp\/v2\/tags?post=335"}],"curies":[{"name":"wp","href":"https:\/\/api.w.org\/{rel}","templated":true}]}}