{"id":346,"date":"2024-05-09T14:49:06","date_gmt":"2024-05-09T12:49:06","guid":{"rendered":"https:\/\/azurementsport.fr\/?p=346"},"modified":"2024-05-09T16:11:57","modified_gmt":"2024-05-09T14:11:57","slug":"podcast-qui-etait-vraiment-mario-balotelli-alias-super-mario-avec-remi-garcia-ancien-kine-de-logc-nice-comme-invite","status":"publish","type":"post","link":"https:\/\/azurementsport.fr\/index.php\/2024\/05\/09\/podcast-qui-etait-vraiment-mario-balotelli-alias-super-mario-avec-remi-garcia-ancien-kine-de-logc-nice-comme-invite\/","title":{"rendered":"Podcast : Qui \u00e9tait vraiment Mario Balotelli, alias \u201cSuper Mario\u201d, avec R\u00e9my Garcia (ancien kin\u00e9 de l\u2019OGC Nice) comme invit\u00e9"},"content":{"rendered":"\n<p><strong>Pendant trois saisons \u00e0 l\u2019OGC Nice (2016-2019), Mario Balotelli a fait vibrer les murs de l\u2019Allianz Riviera. Un attaquant qui a marqu\u00e9 les esprits du public mais aussi du staff. R\u00e9my Garcia, kin\u00e9sith\u00e9rapeute du club entre 2007 et 2022 raconte ce joueur hors norme dans ce premier podcast.<\/strong><\/p>\n\n\n\n<p><em>\u201cMario Balotelli c\u2019est une marque d\u00e9pos\u00e9e\u201d <\/em>selon <strong>R\u00e9my Garcia<\/strong>, ancien kin\u00e9sith\u00e9rapeute de l\u2019<strong>OGC Nice<\/strong> (2007-2022). En trois saisons sur la C\u00f4te d\u2019Azur, <strong><em>\u201cSuper Mario\u201d<\/em><\/strong> a marqu\u00e9 <strong>43 buts<\/strong> en 76 matchs. Un ratio de <strong>0,57 buts<\/strong> par match, faisant de lui<strong> le joueur du Gym le plus d\u00e9cisif<\/strong> parmi les vingt meilleurs buteurs de l\u2019histoire du club.<\/p>\n\n\n\n<p>Un attaquant qui, au-del\u00e0 d\u2019avoir marqu\u00e9 des buts, a marqu\u00e9 les esprits des supporters. Par son <strong>aura<\/strong>, son <strong>caract\u00e8re <\/strong>et sa <strong>d\u00e9sinvolture <\/strong>aussi parfois, il n\u2019a laiss\u00e9 personne indiff\u00e9rent. <strong>Mario Balotelli <\/strong>\u00e9tait une super star, un joueur hors-norme pour les <strong>Aiglons <\/strong>\u00e0 l\u2019\u00e9poque.<\/p>\n\n\n\n<p>Mais qui \u00e9tait-il vraiment ? Comment ce transfert historique pour le club a pu se faire ? R\u00e9ponses avec <strong>R\u00e9my Garcia<\/strong>, dans ce premier podcast d\u2019<strong>Azur\u00e9ment Sport<\/strong>.<\/p>\n\n\n\n<figure class=\"wp-block-audio\"><audio controls src=\"https:\/\/azurementsport.fr\/wp-content\/uploads\/2024\/05\/Podcast-Balotelli-final.mp3\"><\/audio><\/figure>\n\n\n\n<p class=\"has-text-align-right\"><strong>Bastien Rague<\/strong> (podcast) <strong>et Quentin Barbaza (<\/strong>article<strong>)<\/strong><\/p>\n","protected":false},"excerpt":{"rendered":"<p>Pendant trois saisons \u00e0 l\u2019OGC Nice (2016-2019), Mario Balotelli a fait vibrer les murs de l\u2019Allianz Riviera. Un attaquant qui&hellip;<\/p>\n","protected":false},"author":1,"featured_media":365,"comment_status":"open","ping_status":"open","sticky":false,"template":"","format":"standard","meta":{"_jetpack_memberships_contains_paid_content":false,"footnotes":""},"categories":[22],"tags":[175,66,174,14,84,101,176,182,173],"class_list":["post-346","post","type-post","status-publish","format-standard","has-post-thumbnail","hentry","category-podcasts","tag-balotelli","tag-football","tag-mario-balotelli","tag-nice","tag-ogc-nice","tag-podcast","tag-remi-garcia","tag-remy-garcia","tag-super-mario"],"yoast_head":"<!-- This site is optimized with the Yoast SEO plugin v24.5 - https:\/\/yoast.com\/wordpress\/plugins\/seo\/ -->\n<title>Podcast : Qui \u00e9tait vraiment Mario Balotelli, alias \u201cSuper Mario\u201d, avec R\u00e9my Garcia (ancien kin\u00e9 de l\u2019OGC Nice) comme invit\u00e9 - Azurement Sport<\/title>\n<meta name=\"robots\" content=\"index, follow, max-snippet:-1, max-image-preview:large, max-video-preview:-1\" \/>\n<link rel=\"canonical\" href=\"https:\/\/azurementsport.fr\/index.php\/2024\/05\/09\/podcast-qui-etait-vraiment-mario-balotelli-alias-super-mario-avec-remi-garcia-ancien-kine-de-logc-nice-comme-invite\/\" \/>\n<meta property=\"og:locale\" content=\"fr_FR\" \/>\n<meta property=\"og:type\" content=\"article\" \/>\n<meta property=\"og:title\" content=\"Podcast : Qui \u00e9tait vraiment Mario Balotelli, alias \u201cSuper Mario\u201d, avec R\u00e9my Garcia (ancien kin\u00e9 de l\u2019OGC Nice) comme invit\u00e9 - Azurement Sport\" \/>\n<meta property=\"og:description\" content=\"Pendant trois saisons \u00e0 l\u2019OGC Nice (2016-2019), Mario Balotelli a fait vibrer les murs de l\u2019Allianz Riviera. Un attaquant qui&hellip;\" \/>\n<meta property=\"og:url\" content=\"https:\/\/azurementsport.fr\/index.php\/2024\/05\/09\/podcast-qui-etait-vraiment-mario-balotelli-alias-super-mario-avec-remi-garcia-ancien-kine-de-logc-nice-comme-invite\/\" \/>\n<meta property=\"og:site_name\" content=\"Azurement Sport\" \/>\n<meta property=\"article:published_time\" content=\"2024-05-09T12:49:06+00:00\" \/>\n<meta property=\"article:modified_time\" content=\"2024-05-09T14:11:57+00:00\" \/>\n<meta property=\"og:image\" content=\"https:\/\/azurementsport.fr\/wp-content\/uploads\/2024\/05\/LA-RECRUE-A-SUIVRE-13-25.png\" \/>\n\t<meta property=\"og:image:width\" content=\"1788\" \/>\n\t<meta property=\"og:image:height\" content=\"968\" \/>\n\t<meta property=\"og:image:type\" content=\"image\/png\" \/>\n<meta name=\"author\" content=\"Azurement Sport\" \/>\n<meta name=\"twitter:card\" content=\"summary_large_image\" \/>\n<meta name=\"twitter:label1\" content=\"\u00c9crit par\" \/>\n\t<meta name=\"twitter:data1\" content=\"Azurement Sport\" \/>\n\t<meta name=\"twitter:label2\" content=\"Dur\u00e9e de lecture estim\u00e9e\" \/>\n\t<meta name=\"twitter:data2\" content=\"1 minute\" \/>\n<script type=\"application\/ld+json\" class=\"yoast-schema-graph\">{\"@context\":\"https:\/\/schema.org\",\"@graph\":[{\"@type\":\"Article\",\"@id\":\"https:\/\/azurementsport.fr\/index.php\/2024\/05\/09\/podcast-qui-etait-vraiment-mario-balotelli-alias-super-mario-avec-remi-garcia-ancien-kine-de-logc-nice-comme-invite\/#article\",\"isPartOf\":{\"@id\":\"https:\/\/azurementsport.fr\/index.php\/2024\/05\/09\/podcast-qui-etait-vraiment-mario-balotelli-alias-super-mario-avec-remi-garcia-ancien-kine-de-logc-nice-comme-invite\/\"},\"author\":{\"name\":\"Azurement Sport\",\"@id\":\"https:\/\/azurementsport.fr\/#\/schema\/person\/bde18bf25893b2da2f70aa0e69fa7081\"},\"headline\":\"Podcast : Qui \u00e9tait vraiment Mario Balotelli, alias \u201cSuper Mario\u201d, avec R\u00e9my Garcia (ancien kin\u00e9 de l\u2019OGC Nice) comme invit\u00e9\",\"datePublished\":\"2024-05-09T12:49:06+00:00\",\"dateModified\":\"2024-05-09T14:11:57+00:00\",\"mainEntityOfPage\":{\"@id\":\"https:\/\/azurementsport.fr\/index.php\/2024\/05\/09\/podcast-qui-etait-vraiment-mario-balotelli-alias-super-mario-avec-remi-garcia-ancien-kine-de-logc-nice-comme-invite\/\"},\"wordCount\":220,\"commentCount\":0,\"publisher\":{\"@id\":\"https:\/\/azurementsport.fr\/#organization\"},\"image\":{\"@id\":\"https:\/\/azurementsport.fr\/index.php\/2024\/05\/09\/podcast-qui-etait-vraiment-mario-balotelli-alias-super-mario-avec-remi-garcia-ancien-kine-de-logc-nice-comme-invite\/#primaryimage\"},\"thumbnailUrl\":\"https:\/\/azurementsport.fr\/wp-content\/uploads\/2024\/05\/LA-RECRUE-A-SUIVRE-13-25.png\",\"keywords\":[\"Balotelli\",\"football\",\"Mario Balotelli\",\"Nice\",\"OGC Nice\",\"Podcast\",\"R\u00e9mi Garcia\",\"R\u00e9my Garcia\",\"Super Mario\"],\"articleSection\":[\"Podcasts\"],\"inLanguage\":\"fr-FR\",\"potentialAction\":[{\"@type\":\"CommentAction\",\"name\":\"Comment\",\"target\":[\"https:\/\/azurementsport.fr\/index.php\/2024\/05\/09\/podcast-qui-etait-vraiment-mario-balotelli-alias-super-mario-avec-remi-garcia-ancien-kine-de-logc-nice-comme-invite\/#respond\"]}]},{\"@type\":\"WebPage\",\"@id\":\"https:\/\/azurementsport.fr\/index.php\/2024\/05\/09\/podcast-qui-etait-vraiment-mario-balotelli-alias-super-mario-avec-remi-garcia-ancien-kine-de-logc-nice-comme-invite\/\",\"url\":\"https:\/\/azurementsport.fr\/index.php\/2024\/05\/09\/podcast-qui-etait-vraiment-mario-balotelli-alias-super-mario-avec-remi-garcia-ancien-kine-de-logc-nice-comme-invite\/\",\"name\":\"Podcast : Qui \u00e9tait vraiment Mario Balotelli, alias \u201cSuper Mario\u201d, avec R\u00e9my Garcia (ancien kin\u00e9 de l\u2019OGC Nice) comme invit\u00e9 - Azurement Sport\",\"isPartOf\":{\"@id\":\"https:\/\/azurementsport.fr\/#website\"},\"primaryImageOfPage\":{\"@id\":\"https:\/\/azurementsport.fr\/index.php\/2024\/05\/09\/podcast-qui-etait-vraiment-mario-balotelli-alias-super-mario-avec-remi-garcia-ancien-kine-de-logc-nice-comme-invite\/#primaryimage\"},\"image\":{\"@id\":\"https:\/\/azurementsport.fr\/index.php\/2024\/05\/09\/podcast-qui-etait-vraiment-mario-balotelli-alias-super-mario-avec-remi-garcia-ancien-kine-de-logc-nice-comme-invite\/#primaryimage\"},\"thumbnailUrl\":\"https:\/\/azurementsport.fr\/wp-content\/uploads\/2024\/05\/LA-RECRUE-A-SUIVRE-13-25.png\",\"datePublished\":\"2024-05-09T12:49:06+00:00\",\"dateModified\":\"2024-05-09T14:11:57+00:00\",\"breadcrumb\":{\"@id\":\"https:\/\/azurementsport.fr\/index.php\/2024\/05\/09\/podcast-qui-etait-vraiment-mario-balotelli-alias-super-mario-avec-remi-garcia-ancien-kine-de-logc-nice-comme-invite\/#breadcrumb\"},\"inLanguage\":\"fr-FR\",\"potentialAction\":[{\"@type\":\"ReadAction\",\"target\":[\"https:\/\/azurementsport.fr\/index.php\/2024\/05\/09\/podcast-qui-etait-vraiment-mario-balotelli-alias-super-mario-avec-remi-garcia-ancien-kine-de-logc-nice-comme-invite\/\"]}]},{\"@type\":\"ImageObject\",\"inLanguage\":\"fr-FR\",\"@id\":\"https:\/\/azurementsport.fr\/index.php\/2024\/05\/09\/podcast-qui-etait-vraiment-mario-balotelli-alias-super-mario-avec-remi-garcia-ancien-kine-de-logc-nice-comme-invite\/#primaryimage\",\"url\":\"https:\/\/azurementsport.fr\/wp-content\/uploads\/2024\/05\/LA-RECRUE-A-SUIVRE-13-25.png\",\"contentUrl\":\"https:\/\/azurementsport.fr\/wp-content\/uploads\/2024\/05\/LA-RECRUE-A-SUIVRE-13-25.png\",\"width\":1788,\"height\":968,\"caption\":\"Qui \u00e9tait vraiment \\\"Super Mario\\\", c'est le th\u00e8me de ce premier podcast d'Azur\u00e9ment Sport \u00a9 Azur\u00e9ment Sport\"},{\"@type\":\"BreadcrumbList\",\"@id\":\"https:\/\/azurementsport.fr\/index.php\/2024\/05\/09\/podcast-qui-etait-vraiment-mario-balotelli-alias-super-mario-avec-remi-garcia-ancien-kine-de-logc-nice-comme-invite\/#breadcrumb\",\"itemListElement\":[{\"@type\":\"ListItem\",\"position\":1,\"name\":\"Accueil\",\"item\":\"https:\/\/azurementsport.fr\/\"},{\"@type\":\"ListItem\",\"position\":2,\"name\":\"Podcast : Qui \u00e9tait vraiment Mario Balotelli, alias \u201cSuper Mario\u201d, avec R\u00e9my Garcia (ancien kin\u00e9 de l\u2019OGC Nice) comme invit\u00e9\"}]},{\"@type\":\"WebSite\",\"@id\":\"https:\/\/azurementsport.fr\/#website\",\"url\":\"https:\/\/azurementsport.fr\/\",\"name\":\"Azurement Sport\",\"description\":\"Toute l&#039;actualit\u00e9 sportive de la C\u00f4te d&#039;Azur\",\"publisher\":{\"@id\":\"https:\/\/azurementsport.fr\/#organization\"},\"potentialAction\":[{\"@type\":\"SearchAction\",\"target\":{\"@type\":\"EntryPoint\",\"urlTemplate\":\"https:\/\/azurementsport.fr\/?s={search_term_string}\"},\"query-input\":{\"@type\":\"PropertyValueSpecification\",\"valueRequired\":true,\"valueName\":\"search_term_string\"}}],\"inLanguage\":\"fr-FR\"},{\"@type\":\"Organization\",\"@id\":\"https:\/\/azurementsport.fr\/#organization\",\"name\":\"Azurement Sport\",\"url\":\"https:\/\/azurementsport.fr\/\",\"logo\":{\"@type\":\"ImageObject\",\"inLanguage\":\"fr-FR\",\"@id\":\"https:\/\/azurementsport.fr\/#\/schema\/logo\/image\/\",\"url\":\"https:\/\/azurementsport.fr\/wp-content\/uploads\/2024\/05\/cropped-cropped-AZUREMENT_SPORT__1_-removebg-preview.png\",\"contentUrl\":\"https:\/\/azurementsport.fr\/wp-content\/uploads\/2024\/05\/cropped-cropped-AZUREMENT_SPORT__1_-removebg-preview.png\",\"width\":500,\"height\":224,\"caption\":\"Azurement Sport\"},\"image\":{\"@id\":\"https:\/\/azurementsport.fr\/#\/schema\/logo\/image\/\"}},{\"@type\":\"Person\",\"@id\":\"https:\/\/azurementsport.fr\/#\/schema\/person\/bde18bf25893b2da2f70aa0e69fa7081\",\"name\":\"Azurement Sport\",\"image\":{\"@type\":\"ImageObject\",\"inLanguage\":\"fr-FR\",\"@id\":\"https:\/\/azurementsport.fr\/#\/schema\/person\/image\/\",\"url\":\"https:\/\/secure.gravatar.com\/avatar\/6ac2f8b3453d709891d9b248de3f290cee35f005edbe13d94d6fb2c1b54e4fbd?s=96&d=mm&r=g\",\"contentUrl\":\"https:\/\/secure.gravatar.com\/avatar\/6ac2f8b3453d709891d9b248de3f290cee35f005edbe13d94d6fb2c1b54e4fbd?s=96&d=mm&r=g\",\"caption\":\"Azurement Sport\"},\"sameAs\":[\"http:\/\/azurementsport.fr\"],\"url\":\"https:\/\/azurementsport.fr\/index.php\/author\/admin3210\/\"}]}<\/script>\n<!-- \/ Yoast SEO plugin. -->","yoast_head_json":{"title":"Podcast : Qui \u00e9tait vraiment Mario Balotelli, alias \u201cSuper Mario\u201d, avec R\u00e9my Garcia (ancien kin\u00e9 de l\u2019OGC Nice) comme invit\u00e9 - Azurement Sport","robots":{"index":"index","follow":"follow","max-snippet":"max-snippet:-1","max-image-preview":"max-image-preview:large","max-video-preview":"max-video-preview:-1"},"canonical":"https:\/\/azurementsport.fr\/index.php\/2024\/05\/09\/podcast-qui-etait-vraiment-mario-balotelli-alias-super-mario-avec-remi-garcia-ancien-kine-de-logc-nice-comme-invite\/","og_locale":"fr_FR","og_type":"article","og_title":"Podcast : Qui \u00e9tait vraiment Mario Balotelli, alias \u201cSuper Mario\u201d, avec R\u00e9my Garcia (ancien kin\u00e9 de l\u2019OGC Nice) comme invit\u00e9 - Azurement Sport","og_description":"Pendant trois saisons \u00e0 l\u2019OGC Nice (2016-2019), Mario Balotelli a fait vibrer les murs de l\u2019Allianz Riviera. Un attaquant qui&hellip;","og_url":"https:\/\/azurementsport.fr\/index.php\/2024\/05\/09\/podcast-qui-etait-vraiment-mario-balotelli-alias-super-mario-avec-remi-garcia-ancien-kine-de-logc-nice-comme-invite\/","og_site_name":"Azurement Sport","article_published_time":"2024-05-09T12:49:06+00:00","article_modified_time":"2024-05-09T14:11:57+00:00","og_image":[{"width":1788,"height":968,"url":"https:\/\/azurementsport.fr\/wp-content\/uploads\/2024\/05\/LA-RECRUE-A-SUIVRE-13-25.png","type":"image\/png"}],"author":"Azurement Sport","twitter_card":"summary_large_image","twitter_misc":{"\u00c9crit par":"Azurement Sport","Dur\u00e9e de lecture estim\u00e9e":"1 minute"},"schema":{"@context":"https:\/\/schema.org","@graph":[{"@type":"Article","@id":"https:\/\/azurementsport.fr\/index.php\/2024\/05\/09\/podcast-qui-etait-vraiment-mario-balotelli-alias-super-mario-avec-remi-garcia-ancien-kine-de-logc-nice-comme-invite\/#article","isPartOf":{"@id":"https:\/\/azurementsport.fr\/index.php\/2024\/05\/09\/podcast-qui-etait-vraiment-mario-balotelli-alias-super-mario-avec-remi-garcia-ancien-kine-de-logc-nice-comme-invite\/"},"author":{"name":"Azurement Sport","@id":"https:\/\/azurementsport.fr\/#\/schema\/person\/bde18bf25893b2da2f70aa0e69fa7081"},"headline":"Podcast : Qui \u00e9tait vraiment Mario Balotelli, alias \u201cSuper Mario\u201d, avec R\u00e9my Garcia (ancien kin\u00e9 de l\u2019OGC Nice) comme invit\u00e9","datePublished":"2024-05-09T12:49:06+00:00","dateModified":"2024-05-09T14:11:57+00:00","mainEntityOfPage":{"@id":"https:\/\/azurementsport.fr\/index.php\/2024\/05\/09\/podcast-qui-etait-vraiment-mario-balotelli-alias-super-mario-avec-remi-garcia-ancien-kine-de-logc-nice-comme-invite\/"},"wordCount":220,"commentCount":0,"publisher":{"@id":"https:\/\/azurementsport.fr\/#organization"},"image":{"@id":"https:\/\/azurementsport.fr\/index.php\/2024\/05\/09\/podcast-qui-etait-vraiment-mario-balotelli-alias-super-mario-avec-remi-garcia-ancien-kine-de-logc-nice-comme-invite\/#primaryimage"},"thumbnailUrl":"https:\/\/azurementsport.fr\/wp-content\/uploads\/2024\/05\/LA-RECRUE-A-SUIVRE-13-25.png","keywords":["Balotelli","football","Mario Balotelli","Nice","OGC Nice","Podcast","R\u00e9mi Garcia","R\u00e9my Garcia","Super Mario"],"articleSection":["Podcasts"],"inLanguage":"fr-FR","potentialAction":[{"@type":"CommentAction","name":"Comment","target":["https:\/\/azurementsport.fr\/index.php\/2024\/05\/09\/podcast-qui-etait-vraiment-mario-balotelli-alias-super-mario-avec-remi-garcia-ancien-kine-de-logc-nice-comme-invite\/#respond"]}]},{"@type":"WebPage","@id":"https:\/\/azurementsport.fr\/index.php\/2024\/05\/09\/podcast-qui-etait-vraiment-mario-balotelli-alias-super-mario-avec-remi-garcia-ancien-kine-de-logc-nice-comme-invite\/","url":"https:\/\/azurementsport.fr\/index.php\/2024\/05\/09\/podcast-qui-etait-vraiment-mario-balotelli-alias-super-mario-avec-remi-garcia-ancien-kine-de-logc-nice-comme-invite\/","name":"Podcast : Qui \u00e9tait vraiment Mario Balotelli, alias \u201cSuper Mario\u201d, avec R\u00e9my Garcia (ancien kin\u00e9 de l\u2019OGC Nice) comme invit\u00e9 - Azurement Sport","isPartOf":{"@id":"https:\/\/azurementsport.fr\/#website"},"primaryImageOfPage":{"@id":"https:\/\/azurementsport.fr\/index.php\/2024\/05\/09\/podcast-qui-etait-vraiment-mario-balotelli-alias-super-mario-avec-remi-garcia-ancien-kine-de-logc-nice-comme-invite\/#primaryimage"},"image":{"@id":"https:\/\/azurementsport.fr\/index.php\/2024\/05\/09\/podcast-qui-etait-vraiment-mario-balotelli-alias-super-mario-avec-remi-garcia-ancien-kine-de-logc-nice-comme-invite\/#primaryimage"},"thumbnailUrl":"https:\/\/azurementsport.fr\/wp-content\/uploads\/2024\/05\/LA-RECRUE-A-SUIVRE-13-25.png","datePublished":"2024-05-09T12:49:06+00:00","dateModified":"2024-05-09T14:11:57+00:00","breadcrumb":{"@id":"https:\/\/azurementsport.fr\/index.php\/2024\/05\/09\/podcast-qui-etait-vraiment-mario-balotelli-alias-super-mario-avec-remi-garcia-ancien-kine-de-logc-nice-comme-invite\/#breadcrumb"},"inLanguage":"fr-FR","potentialAction":[{"@type":"ReadAction","target":["https:\/\/azurementsport.fr\/index.php\/2024\/05\/09\/podcast-qui-etait-vraiment-mario-balotelli-alias-super-mario-avec-remi-garcia-ancien-kine-de-logc-nice-comme-invite\/"]}]},{"@type":"ImageObject","inLanguage":"fr-FR","@id":"https:\/\/azurementsport.fr\/index.php\/2024\/05\/09\/podcast-qui-etait-vraiment-mario-balotelli-alias-super-mario-avec-remi-garcia-ancien-kine-de-logc-nice-comme-invite\/#primaryimage","url":"https:\/\/azurementsport.fr\/wp-content\/uploads\/2024\/05\/LA-RECRUE-A-SUIVRE-13-25.png","contentUrl":"https:\/\/azurementsport.fr\/wp-content\/uploads\/2024\/05\/LA-RECRUE-A-SUIVRE-13-25.png","width":1788,"height":968,"caption":"Qui \u00e9tait vraiment \"Super Mario\", c'est le th\u00e8me de ce premier podcast d'Azur\u00e9ment Sport \u00a9 Azur\u00e9ment Sport"},{"@type":"BreadcrumbList","@id":"https:\/\/azurementsport.fr\/index.php\/2024\/05\/09\/podcast-qui-etait-vraiment-mario-balotelli-alias-super-mario-avec-remi-garcia-ancien-kine-de-logc-nice-comme-invite\/#breadcrumb","itemListElement":[{"@type":"ListItem","position":1,"name":"Accueil","item":"https:\/\/azurementsport.fr\/"},{"@type":"ListItem","position":2,"name":"Podcast : Qui \u00e9tait vraiment Mario Balotelli, alias \u201cSuper Mario\u201d, avec R\u00e9my Garcia (ancien kin\u00e9 de l\u2019OGC Nice) comme invit\u00e9"}]},{"@type":"WebSite","@id":"https:\/\/azurementsport.fr\/#website","url":"https:\/\/azurementsport.fr\/","name":"Azurement Sport","description":"Toute l&#039;actualit\u00e9 sportive de la C\u00f4te d&#039;Azur","publisher":{"@id":"https:\/\/azurementsport.fr\/#organization"},"potentialAction":[{"@type":"SearchAction","target":{"@type":"EntryPoint","urlTemplate":"https:\/\/azurementsport.fr\/?s={search_term_string}"},"query-input":{"@type":"PropertyValueSpecification","valueRequired":true,"valueName":"search_term_string"}}],"inLanguage":"fr-FR"},{"@type":"Organization","@id":"https:\/\/azurementsport.fr\/#organization","name":"Azurement Sport","url":"https:\/\/azurementsport.fr\/","logo":{"@type":"ImageObject","inLanguage":"fr-FR","@id":"https:\/\/azurementsport.fr\/#\/schema\/logo\/image\/","url":"https:\/\/azurementsport.fr\/wp-content\/uploads\/2024\/05\/cropped-cropped-AZUREMENT_SPORT__1_-removebg-preview.png","contentUrl":"https:\/\/azurementsport.fr\/wp-content\/uploads\/2024\/05\/cropped-cropped-AZUREMENT_SPORT__1_-removebg-preview.png","width":500,"height":224,"caption":"Azurement Sport"},"image":{"@id":"https:\/\/azurementsport.fr\/#\/schema\/logo\/image\/"}},{"@type":"Person","@id":"https:\/\/azurementsport.fr\/#\/schema\/person\/bde18bf25893b2da2f70aa0e69fa7081","name":"Azurement Sport","image":{"@type":"ImageObject","inLanguage":"fr-FR","@id":"https:\/\/azurementsport.fr\/#\/schema\/person\/image\/","url":"https:\/\/secure.gravatar.com\/avatar\/6ac2f8b3453d709891d9b248de3f290cee35f005edbe13d94d6fb2c1b54e4fbd?s=96&d=mm&r=g","contentUrl":"https:\/\/secure.gravatar.com\/avatar\/6ac2f8b3453d709891d9b248de3f290cee35f005edbe13d94d6fb2c1b54e4fbd?s=96&d=mm&r=g","caption":"Azurement Sport"},"sameAs":["http:\/\/azurementsport.fr"],"url":"https:\/\/azurementsport.fr\/index.php\/author\/admin3210\/"}]}},"jetpack_featured_media_url":"https:\/\/azurementsport.fr\/wp-content\/uploads\/2024\/05\/LA-RECRUE-A-SUIVRE-13-25.png","jetpack_sharing_enabled":true,"jetpack-related-posts":[],"_links":{"self":[{"href":"https:\/\/azurementsport.fr\/index.php\/wp-json\/wp\/v2\/posts\/346","targetHints":{"allow":["GET"]}}],"collection":[{"href":"https:\/\/azurementsport.fr\/index.php\/wp-json\/wp\/v2\/posts"}],"about":[{"href":"https:\/\/azurementsport.fr\/index.php\/wp-json\/wp\/v2\/types\/post"}],"author":[{"embeddable":true,"href":"https:\/\/azurementsport.fr\/index.php\/wp-json\/wp\/v2\/users\/1"}],"replies":[{"embeddable":true,"href":"https:\/\/azurementsport.fr\/index.php\/wp-json\/wp\/v2\/comments?post=346"}],"version-history":[{"count":6,"href":"https:\/\/azurementsport.fr\/index.php\/wp-json\/wp\/v2\/posts\/346\/revisions"}],"predecessor-version":[{"id":364,"href":"https:\/\/azurementsport.fr\/index.php\/wp-json\/wp\/v2\/posts\/346\/revisions\/364"}],"wp:featuredmedia":[{"embeddable":true,"href":"https:\/\/azurementsport.fr\/index.php\/wp-json\/wp\/v2\/media\/365"}],"wp:attachment":[{"href":"https:\/\/azurementsport.fr\/index.php\/wp-json\/wp\/v2\/media?parent=346"}],"wp:term":[{"taxonomy":"category","embeddable":true,"href":"https:\/\/azurementsport.fr\/index.php\/wp-json\/wp\/v2\/categories?post=346"},{"taxonomy":"post_tag","embeddable":true,"href":"https:\/\/azurementsport.fr\/index.php\/wp-json\/wp\/v2\/tags?post=346"}],"curies":[{"name":"wp","href":"https:\/\/api.w.org\/{rel}","templated":true}]}}