{"id":561,"date":"2024-05-20T15:49:27","date_gmt":"2024-05-20T13:49:27","guid":{"rendered":"https:\/\/azurementsport.fr\/?p=561"},"modified":"2024-05-20T17:21:16","modified_gmt":"2024-05-20T15:21:16","slug":"portfolio-retour-en-images-sur-une-journee-historique-pour-le-stade-nicois-rugby","status":"publish","type":"post","link":"https:\/\/azurementsport.fr\/index.php\/2024\/05\/20\/portfolio-retour-en-images-sur-une-journee-historique-pour-le-stade-nicois-rugby\/","title":{"rendered":"Portfolio : Retour en images sur une journ\u00e9e historique pour le Stade Ni\u00e7ois Rugby"},"content":{"rendered":"\n<p><strong>Le <a href=\"https:\/\/azurementsport.fr\/index.php\/2024\/05\/19\/finale-nationale-soiree-historique-pour-le-stade-nicois\/\">Stade Ni\u00e7ois a v\u00e9cu un moment d&rsquo;histoire<\/a> ce samedi 18 mai. Une journ\u00e9e grav\u00e9e \u00e0 jamais dans les m\u00e9moires de ce jeune club cr\u00e9\u00e9 il y a douze ans. Retour en images sur cette folle journ\u00e9e qui s&rsquo;est termin\u00e9e dans l&rsquo;ivresse et la joie apr\u00e8s la victoire face \u00e0 Narbonne (39-30) au Chamb\u00e9ry Savoie Stadium.<\/strong><\/p>\n\n\n\n<div class=\"wp-block-media-text is-stacked-on-mobile\"><figure class=\"wp-block-media-text__media\"><img loading=\"lazy\" decoding=\"async\" width=\"1024\" height=\"964\" src=\"https:\/\/azurementsport.fr\/wp-content\/uploads\/2024\/05\/441927217_819909326705801_418477434903580496_n-1024x964.jpg\" alt=\"\" class=\"wp-image-562 size-full\" srcset=\"https:\/\/azurementsport.fr\/wp-content\/uploads\/2024\/05\/441927217_819909326705801_418477434903580496_n-1024x964.jpg 1024w, https:\/\/azurementsport.fr\/wp-content\/uploads\/2024\/05\/441927217_819909326705801_418477434903580496_n-300x282.jpg 300w, https:\/\/azurementsport.fr\/wp-content\/uploads\/2024\/05\/441927217_819909326705801_418477434903580496_n-768x723.jpg 768w, https:\/\/azurementsport.fr\/wp-content\/uploads\/2024\/05\/441927217_819909326705801_418477434903580496_n.jpg 1170w\" sizes=\"auto, (max-width: 1024px) 100vw, 1024px\" \/><\/figure><div class=\"wp-block-media-text__content\">\n<p>D\u00e8s les premiers rayons du soleil, \u00e0 7 heures, les supporters se sont rejoints au stade des Arboras pour prendre la route direction Chamb\u00e9ry \u00a9 Q.B<\/p>\n<\/div><\/div>\n\n\n\n<p><\/p>\n\n\n\n<div class=\"wp-block-media-text is-stacked-on-mobile\"><figure class=\"wp-block-media-text__media\"><img loading=\"lazy\" decoding=\"async\" width=\"980\" height=\"1024\" src=\"https:\/\/azurementsport.fr\/wp-content\/uploads\/2024\/05\/442002446_849336547015656_3810131270591463399_n-980x1024.jpg\" alt=\"\" class=\"wp-image-563 size-full\" srcset=\"https:\/\/azurementsport.fr\/wp-content\/uploads\/2024\/05\/442002446_849336547015656_3810131270591463399_n-980x1024.jpg 980w, https:\/\/azurementsport.fr\/wp-content\/uploads\/2024\/05\/442002446_849336547015656_3810131270591463399_n-287x300.jpg 287w, https:\/\/azurementsport.fr\/wp-content\/uploads\/2024\/05\/442002446_849336547015656_3810131270591463399_n-768x803.jpg 768w, https:\/\/azurementsport.fr\/wp-content\/uploads\/2024\/05\/442002446_849336547015656_3810131270591463399_n.jpg 1170w\" sizes=\"auto, (max-width: 980px) 100vw, 980px\" \/><\/figure><div class=\"wp-block-media-text__content\">\n<p>Apr\u00e8s quatre heures de route, le convoi ni\u00e7ois s&rsquo;est arr\u00eat\u00e9 \u00e0 Mont\u00e9limar sous quelques gouttes de pluie. Le temps de se d\u00e9gourdir les jambes et de s&rsquo;\u00e9chauffer la voix \u00a9 Q.B<\/p>\n<\/div><\/div>\n\n\n\n<p><\/p>\n\n\n\n<div class=\"wp-block-media-text is-stacked-on-mobile\"><figure class=\"wp-block-media-text__media\"><img loading=\"lazy\" decoding=\"async\" width=\"1024\" height=\"768\" src=\"https:\/\/azurementsport.fr\/wp-content\/uploads\/2024\/05\/441909997_1206937550715931_8523625936583306422_n-1024x768.jpg\" alt=\"\" class=\"wp-image-564 size-full\" srcset=\"https:\/\/azurementsport.fr\/wp-content\/uploads\/2024\/05\/441909997_1206937550715931_8523625936583306422_n-1024x768.jpg 1024w, https:\/\/azurementsport.fr\/wp-content\/uploads\/2024\/05\/441909997_1206937550715931_8523625936583306422_n-300x225.jpg 300w, https:\/\/azurementsport.fr\/wp-content\/uploads\/2024\/05\/441909997_1206937550715931_8523625936583306422_n-768x576.jpg 768w, https:\/\/azurementsport.fr\/wp-content\/uploads\/2024\/05\/441909997_1206937550715931_8523625936583306422_n-1536x1152.jpg 1536w, https:\/\/azurementsport.fr\/wp-content\/uploads\/2024\/05\/441909997_1206937550715931_8523625936583306422_n.jpg 2048w\" sizes=\"auto, (max-width: 1024px) 100vw, 1024px\" \/><\/figure><div class=\"wp-block-media-text__content\">\n<p>15 heures. Les supporters ni\u00e7ois viennent d&rsquo;arriver au Chamb\u00e9ry Savoie Stadium. Ils attendent d\u00e9sormais l&rsquo;arriv\u00e9e des joueurs et mettent l&rsquo;ambiance \u00a9 Q.B<\/p>\n<\/div><\/div>\n\n\n\n<p><\/p>\n\n\n\n<div class=\"wp-block-media-text is-stacked-on-mobile\"><figure class=\"wp-block-media-text__media\"><img loading=\"lazy\" decoding=\"async\" width=\"1024\" height=\"768\" src=\"https:\/\/azurementsport.fr\/wp-content\/uploads\/2024\/05\/441298766_296789760169717_2365971320143733500_n-1024x768.jpg\" alt=\"\" class=\"wp-image-566 size-full\" srcset=\"https:\/\/azurementsport.fr\/wp-content\/uploads\/2024\/05\/441298766_296789760169717_2365971320143733500_n-1024x768.jpg 1024w, https:\/\/azurementsport.fr\/wp-content\/uploads\/2024\/05\/441298766_296789760169717_2365971320143733500_n-300x225.jpg 300w, https:\/\/azurementsport.fr\/wp-content\/uploads\/2024\/05\/441298766_296789760169717_2365971320143733500_n-768x576.jpg 768w, https:\/\/azurementsport.fr\/wp-content\/uploads\/2024\/05\/441298766_296789760169717_2365971320143733500_n-1536x1152.jpg 1536w, https:\/\/azurementsport.fr\/wp-content\/uploads\/2024\/05\/441298766_296789760169717_2365971320143733500_n.jpg 2048w\" sizes=\"auto, (max-width: 1024px) 100vw, 1024px\" \/><\/figure><div class=\"wp-block-media-text__content\">\n<p>Une heure plus tard, les joueurs sont l\u00e0 ! Une arriv\u00e9e pleine d&rsquo;\u00e9motions et d&rsquo;encouragements au milieu de la foule. Certains acteurs de la rencontre laissent m\u00eame couler quelques chaudes larmes&#8230; \u00a9 Q.B <\/p>\n<\/div><\/div>\n\n\n\n<p><\/p>\n\n\n\n<div class=\"wp-block-media-text is-stacked-on-mobile\"><figure class=\"wp-block-media-text__media\"><img loading=\"lazy\" decoding=\"async\" width=\"1024\" height=\"991\" src=\"https:\/\/azurementsport.fr\/wp-content\/uploads\/2024\/05\/441892099_1158320615499769_3117823377483721444_n-1024x991.jpg\" alt=\"\" class=\"wp-image-568 size-full\" srcset=\"https:\/\/azurementsport.fr\/wp-content\/uploads\/2024\/05\/441892099_1158320615499769_3117823377483721444_n-1024x991.jpg 1024w, https:\/\/azurementsport.fr\/wp-content\/uploads\/2024\/05\/441892099_1158320615499769_3117823377483721444_n-300x290.jpg 300w, https:\/\/azurementsport.fr\/wp-content\/uploads\/2024\/05\/441892099_1158320615499769_3117823377483721444_n-768x743.jpg 768w, https:\/\/azurementsport.fr\/wp-content\/uploads\/2024\/05\/441892099_1158320615499769_3117823377483721444_n.jpg 1170w\" sizes=\"auto, (max-width: 1024px) 100vw, 1024px\" \/><\/figure><div class=\"wp-block-media-text__content\">\n<p>\u00c0 17h15, le groupe ni\u00e7ois sort pour l&rsquo;\u00e9chauffement. Le public est d\u00e9j\u00e0 bouillant et pr\u00eat \u00e0 pousser derri\u00e8re les Rouge et Noir \u00a9 Q.B<\/p>\n<\/div><\/div>\n\n\n\n<p><\/p>\n\n\n\n<div class=\"wp-block-media-text is-stacked-on-mobile\"><figure class=\"wp-block-media-text__media\"><img loading=\"lazy\" decoding=\"async\" width=\"1024\" height=\"768\" src=\"https:\/\/azurementsport.fr\/wp-content\/uploads\/2024\/05\/441878670_800966425328021_6681262704056355447_n-1024x768.jpg\" alt=\"\" class=\"wp-image-569 size-full\" srcset=\"https:\/\/azurementsport.fr\/wp-content\/uploads\/2024\/05\/441878670_800966425328021_6681262704056355447_n-1024x768.jpg 1024w, https:\/\/azurementsport.fr\/wp-content\/uploads\/2024\/05\/441878670_800966425328021_6681262704056355447_n-300x225.jpg 300w, https:\/\/azurementsport.fr\/wp-content\/uploads\/2024\/05\/441878670_800966425328021_6681262704056355447_n-768x576.jpg 768w, https:\/\/azurementsport.fr\/wp-content\/uploads\/2024\/05\/441878670_800966425328021_6681262704056355447_n-1536x1152.jpg 1536w, https:\/\/azurementsport.fr\/wp-content\/uploads\/2024\/05\/441878670_800966425328021_6681262704056355447_n.jpg 2048w\" sizes=\"auto, (max-width: 1024px) 100vw, 1024px\" \/><\/figure><div class=\"wp-block-media-text__content\">\n<p>18 heures. Le coup d&rsquo;envoi est donn\u00e9 ! Narbonnais et Ni\u00e7ois vont se disputer pendant 80 minutes le titre de champion de France de Nationale au Chamb\u00e9ry Savoie Stadium. Un \u00e9crin magnifique avec une pleine vue sur les montagnes savoyardes. <\/p>\n<\/div><\/div>\n\n\n\n<p><\/p>\n\n\n\n<div class=\"wp-block-media-text is-stacked-on-mobile\"><figure class=\"wp-block-media-text__media\"><img loading=\"lazy\" decoding=\"async\" width=\"768\" height=\"1024\" src=\"https:\/\/azurementsport.fr\/wp-content\/uploads\/2024\/05\/441356205_746667440968623_8523643589260427216_n-768x1024.jpg\" alt=\"\" class=\"wp-image-571 size-full\" srcset=\"https:\/\/azurementsport.fr\/wp-content\/uploads\/2024\/05\/441356205_746667440968623_8523643589260427216_n-768x1024.jpg 768w, https:\/\/azurementsport.fr\/wp-content\/uploads\/2024\/05\/441356205_746667440968623_8523643589260427216_n-225x300.jpg 225w, https:\/\/azurementsport.fr\/wp-content\/uploads\/2024\/05\/441356205_746667440968623_8523643589260427216_n-1152x1536.jpg 1152w, https:\/\/azurementsport.fr\/wp-content\/uploads\/2024\/05\/441356205_746667440968623_8523643589260427216_n.jpg 1536w\" sizes=\"auto, (max-width: 768px) 100vw, 768px\" \/><\/figure><div class=\"wp-block-media-text__content\">\n<p>\u00c0 la mi-temps les visages des supporters ni\u00e7ois sont tendus. Le score est de 17-17, Narbonne vient de remonter quatorze points \u00a9 Q.B<\/p>\n<\/div><\/div>\n\n\n\n<p><\/p>\n\n\n\n<div class=\"wp-block-media-text is-stacked-on-mobile\"><figure class=\"wp-block-media-text__media\"><img loading=\"lazy\" decoding=\"async\" width=\"1024\" height=\"768\" src=\"https:\/\/azurementsport.fr\/wp-content\/uploads\/2024\/05\/441909983_476856138247064_7031421127664164906_n-1024x768.jpg\" alt=\"\" class=\"wp-image-573 size-full\" srcset=\"https:\/\/azurementsport.fr\/wp-content\/uploads\/2024\/05\/441909983_476856138247064_7031421127664164906_n-1024x768.jpg 1024w, https:\/\/azurementsport.fr\/wp-content\/uploads\/2024\/05\/441909983_476856138247064_7031421127664164906_n-300x225.jpg 300w, https:\/\/azurementsport.fr\/wp-content\/uploads\/2024\/05\/441909983_476856138247064_7031421127664164906_n-768x576.jpg 768w, https:\/\/azurementsport.fr\/wp-content\/uploads\/2024\/05\/441909983_476856138247064_7031421127664164906_n-1536x1152.jpg 1536w, https:\/\/azurementsport.fr\/wp-content\/uploads\/2024\/05\/441909983_476856138247064_7031421127664164906_n.jpg 2048w\" sizes=\"auto, (max-width: 1024px) 100vw, 1024px\" \/><\/figure><div class=\"wp-block-media-text__content\">\n<p>\u00c0 deux minutes de la fin, les Ni\u00e7ois viennent de marquer l&rsquo;essai d\u00e9cisif ! Ils vont l&#8217;emporter et monter en Pro D2 ! Sur le bord du terrain on ne tient plus en place&#8230; \u00a9 Q.B<\/p>\n<\/div><\/div>\n\n\n\n<p><\/p>\n\n\n\n<div class=\"wp-block-media-text is-stacked-on-mobile\"><figure class=\"wp-block-media-text__media\"><img loading=\"lazy\" decoding=\"async\" width=\"1024\" height=\"964\" src=\"https:\/\/azurementsport.fr\/wp-content\/uploads\/2024\/05\/441416397_1256043799114634_6893253439904733454_n-1024x964.jpg\" alt=\"\" class=\"wp-image-574 size-full\" srcset=\"https:\/\/azurementsport.fr\/wp-content\/uploads\/2024\/05\/441416397_1256043799114634_6893253439904733454_n-1024x964.jpg 1024w, https:\/\/azurementsport.fr\/wp-content\/uploads\/2024\/05\/441416397_1256043799114634_6893253439904733454_n-300x282.jpg 300w, https:\/\/azurementsport.fr\/wp-content\/uploads\/2024\/05\/441416397_1256043799114634_6893253439904733454_n-768x723.jpg 768w, https:\/\/azurementsport.fr\/wp-content\/uploads\/2024\/05\/441416397_1256043799114634_6893253439904733454_n.jpg 1170w\" sizes=\"auto, (max-width: 1024px) 100vw, 1024px\" \/><\/figure><div class=\"wp-block-media-text__content\">\n<p>Coup de sifflet final ! Le terrain est envahi, les larmes, les cris et les embrassades pleuvent. Nice est champion de France et va d\u00e9couvrir la Pro D2 pour la premi\u00e8re fois de son histoire \u00a9 Q.B<\/p>\n<\/div><\/div>\n\n\n\n<p><\/p>\n\n\n\n<div class=\"wp-block-media-text is-stacked-on-mobile\"><figure class=\"wp-block-media-text__media\"><img loading=\"lazy\" decoding=\"async\" width=\"1024\" height=\"768\" src=\"https:\/\/azurementsport.fr\/wp-content\/uploads\/2024\/05\/442008160_3328993180739279_6586986564331525419_n-1024x768.jpg\" alt=\"\" class=\"wp-image-575 size-full\" srcset=\"https:\/\/azurementsport.fr\/wp-content\/uploads\/2024\/05\/442008160_3328993180739279_6586986564331525419_n-1024x768.jpg 1024w, https:\/\/azurementsport.fr\/wp-content\/uploads\/2024\/05\/442008160_3328993180739279_6586986564331525419_n-300x225.jpg 300w, https:\/\/azurementsport.fr\/wp-content\/uploads\/2024\/05\/442008160_3328993180739279_6586986564331525419_n-768x576.jpg 768w, https:\/\/azurementsport.fr\/wp-content\/uploads\/2024\/05\/442008160_3328993180739279_6586986564331525419_n-1536x1152.jpg 1536w, https:\/\/azurementsport.fr\/wp-content\/uploads\/2024\/05\/442008160_3328993180739279_6586986564331525419_n.jpg 2048w\" sizes=\"auto, (max-width: 1024px) 100vw, 1024px\" \/><\/figure><div class=\"wp-block-media-text__content\">\n<p>Le seconde ligne Yann Tivoli est port\u00e9 en triomphe au milieu d&rsquo;une foule en liesse \u00a9 Q.B<\/p>\n<\/div><\/div>\n\n\n\n<p><\/p>\n\n\n\n<div class=\"wp-block-media-text is-stacked-on-mobile\"><figure class=\"wp-block-media-text__media\"><img loading=\"lazy\" decoding=\"async\" width=\"1024\" height=\"768\" src=\"https:\/\/azurementsport.fr\/wp-content\/uploads\/2024\/05\/441924904_999532531697939_3111711346131556103_n-1024x768.jpg\" alt=\"\" class=\"wp-image-576 size-full\" srcset=\"https:\/\/azurementsport.fr\/wp-content\/uploads\/2024\/05\/441924904_999532531697939_3111711346131556103_n-1024x768.jpg 1024w, https:\/\/azurementsport.fr\/wp-content\/uploads\/2024\/05\/441924904_999532531697939_3111711346131556103_n-300x225.jpg 300w, https:\/\/azurementsport.fr\/wp-content\/uploads\/2024\/05\/441924904_999532531697939_3111711346131556103_n-768x576.jpg 768w, https:\/\/azurementsport.fr\/wp-content\/uploads\/2024\/05\/441924904_999532531697939_3111711346131556103_n-1536x1152.jpg 1536w, https:\/\/azurementsport.fr\/wp-content\/uploads\/2024\/05\/441924904_999532531697939_3111711346131556103_n.jpg 2048w\" sizes=\"auto, (max-width: 1024px) 100vw, 1024px\" \/><\/figure><div class=\"wp-block-media-text__content\">\n<p>\u00c0 l&rsquo;image de Mat\u00e9o Jeune Joly, supporters et joueurs se tombent dans les bras. C&rsquo;est un moment d&rsquo;histoire qui vient de s&rsquo;\u00e9crire \u00e0 Chamb\u00e9ry \u00a9 Q.B<\/p>\n<\/div><\/div>\n\n\n\n<p><\/p>\n\n\n\n<div class=\"wp-block-media-text is-stacked-on-mobile\"><figure class=\"wp-block-media-text__media\"><img loading=\"lazy\" decoding=\"async\" width=\"1023\" height=\"894\" src=\"https:\/\/azurementsport.fr\/wp-content\/uploads\/2024\/05\/441310849_1738773606948713_2114445218772816445_n-1.jpg\" alt=\"\" class=\"wp-image-579 size-full\" srcset=\"https:\/\/azurementsport.fr\/wp-content\/uploads\/2024\/05\/441310849_1738773606948713_2114445218772816445_n-1.jpg 1023w, https:\/\/azurementsport.fr\/wp-content\/uploads\/2024\/05\/441310849_1738773606948713_2114445218772816445_n-1-300x262.jpg 300w, https:\/\/azurementsport.fr\/wp-content\/uploads\/2024\/05\/441310849_1738773606948713_2114445218772816445_n-1-768x671.jpg 768w\" sizes=\"auto, (max-width: 1023px) 100vw, 1023px\" \/><\/figure><div class=\"wp-block-media-text__content\">\n<p>L&rsquo;occasion d&rsquo;immortaliser le tableau d&rsquo;affichage. Score final 39-30 pour Nice, au terme d&rsquo;une finale aux multiples rebondissements et au sc\u00e9nario \u00e9pique \u00a9 Q.B<\/p>\n<\/div><\/div>\n\n\n\n<p><\/p>\n\n\n\n<div class=\"wp-block-media-text is-stacked-on-mobile\"><figure class=\"wp-block-media-text__media\"><img loading=\"lazy\" decoding=\"async\" width=\"1024\" height=\"768\" src=\"https:\/\/azurementsport.fr\/wp-content\/uploads\/2024\/05\/441878686_383166910742898_9070271460489647190_n-1024x768.jpg\" alt=\"\" class=\"wp-image-577 size-full\" srcset=\"https:\/\/azurementsport.fr\/wp-content\/uploads\/2024\/05\/441878686_383166910742898_9070271460489647190_n-1024x768.jpg 1024w, https:\/\/azurementsport.fr\/wp-content\/uploads\/2024\/05\/441878686_383166910742898_9070271460489647190_n-300x225.jpg 300w, https:\/\/azurementsport.fr\/wp-content\/uploads\/2024\/05\/441878686_383166910742898_9070271460489647190_n-768x576.jpg 768w, https:\/\/azurementsport.fr\/wp-content\/uploads\/2024\/05\/441878686_383166910742898_9070271460489647190_n-1536x1152.jpg 1536w, https:\/\/azurementsport.fr\/wp-content\/uploads\/2024\/05\/441878686_383166910742898_9070271460489647190_n.jpg 2048w\" sizes=\"auto, (max-width: 1024px) 100vw, 1024px\" \/><\/figure><div class=\"wp-block-media-text__content\">\n<p>Les supporters encerclent le podium o\u00f9 les Ni\u00e7ois s&rsquo;appr\u00eatent \u00e0 recevoir le fameux bouclier de champion de France \u00a9 Q.B<\/p>\n<\/div><\/div>\n\n\n\n<p><\/p>\n\n\n\n<div class=\"wp-block-media-text is-stacked-on-mobile\"><figure class=\"wp-block-media-text__media\"><img loading=\"lazy\" decoding=\"async\" width=\"1024\" height=\"892\" src=\"https:\/\/azurementsport.fr\/wp-content\/uploads\/2024\/05\/441275615_1231168027863677_5260745015104136219_n-1024x892.jpg\" alt=\"\" class=\"wp-image-578 size-full\" srcset=\"https:\/\/azurementsport.fr\/wp-content\/uploads\/2024\/05\/441275615_1231168027863677_5260745015104136219_n-1024x892.jpg 1024w, https:\/\/azurementsport.fr\/wp-content\/uploads\/2024\/05\/441275615_1231168027863677_5260745015104136219_n-300x261.jpg 300w, https:\/\/azurementsport.fr\/wp-content\/uploads\/2024\/05\/441275615_1231168027863677_5260745015104136219_n-768x669.jpg 768w, https:\/\/azurementsport.fr\/wp-content\/uploads\/2024\/05\/441275615_1231168027863677_5260745015104136219_n.jpg 1170w\" sizes=\"auto, (max-width: 1024px) 100vw, 1024px\" \/><\/figure><div class=\"wp-block-media-text__content\">\n<p>C&rsquo;est fait ! Tom Murday le capitaine ni\u00e7ois soul\u00e8ve le bouclier ! \u00a9 Q.B<\/p>\n<\/div><\/div>\n\n\n\n<p><\/p>\n\n\n\n<div class=\"wp-block-media-text is-stacked-on-mobile\"><figure class=\"wp-block-media-text__media\"><img loading=\"lazy\" decoding=\"async\" width=\"1024\" height=\"768\" src=\"https:\/\/azurementsport.fr\/wp-content\/uploads\/2024\/05\/441870421_1125110418699768_265286854481383472_n-1024x768.jpg\" alt=\"\" class=\"wp-image-580 size-full\" srcset=\"https:\/\/azurementsport.fr\/wp-content\/uploads\/2024\/05\/441870421_1125110418699768_265286854481383472_n-1024x768.jpg 1024w, https:\/\/azurementsport.fr\/wp-content\/uploads\/2024\/05\/441870421_1125110418699768_265286854481383472_n-300x225.jpg 300w, https:\/\/azurementsport.fr\/wp-content\/uploads\/2024\/05\/441870421_1125110418699768_265286854481383472_n-768x576.jpg 768w, https:\/\/azurementsport.fr\/wp-content\/uploads\/2024\/05\/441870421_1125110418699768_265286854481383472_n-1536x1152.jpg 1536w, https:\/\/azurementsport.fr\/wp-content\/uploads\/2024\/05\/441870421_1125110418699768_265286854481383472_n.jpg 2048w\" sizes=\"auto, (max-width: 1024px) 100vw, 1024px\" \/><\/figure><div class=\"wp-block-media-text__content\">\n<p>Un \u00ab\u00a0bout de bois\u00a0\u00bb qui a nag\u00e9 de mains en mains et qui va vivre une folle soir\u00e9e, bien arros\u00e9e&#8230; \u00a9 Q.B<\/p>\n<\/div><\/div>\n\n\n\n<p><\/p>\n\n\n\n<div class=\"wp-block-media-text is-stacked-on-mobile\"><figure class=\"wp-block-media-text__media\"><img loading=\"lazy\" decoding=\"async\" width=\"1024\" height=\"950\" src=\"https:\/\/azurementsport.fr\/wp-content\/uploads\/2024\/05\/441995834_819772166683482_2598591700591018757_n-1024x950.jpg\" alt=\"\" class=\"wp-image-581 size-full\" srcset=\"https:\/\/azurementsport.fr\/wp-content\/uploads\/2024\/05\/441995834_819772166683482_2598591700591018757_n-1024x950.jpg 1024w, https:\/\/azurementsport.fr\/wp-content\/uploads\/2024\/05\/441995834_819772166683482_2598591700591018757_n-300x278.jpg 300w, https:\/\/azurementsport.fr\/wp-content\/uploads\/2024\/05\/441995834_819772166683482_2598591700591018757_n-768x713.jpg 768w, https:\/\/azurementsport.fr\/wp-content\/uploads\/2024\/05\/441995834_819772166683482_2598591700591018757_n.jpg 1170w\" sizes=\"auto, (max-width: 1024px) 100vw, 1024px\" \/><\/figure><div class=\"wp-block-media-text__content\">\n<p>Supporters, joueurs et familles veulent tous la photo avec le bouclier. Ici Martin Freytes, seconde ligne argentin du Stade Ni\u00e7ois qui pose avec sa compagne \u00a9 Q.B<\/p>\n<\/div><\/div>\n\n\n\n<p><\/p>\n\n\n\n<div class=\"wp-block-media-text is-stacked-on-mobile\"><figure class=\"wp-block-media-text__media\"><img loading=\"lazy\" decoding=\"async\" width=\"1024\" height=\"705\" src=\"https:\/\/azurementsport.fr\/wp-content\/uploads\/2024\/05\/441888241_1157015091988759_13573357877363257_n-1024x705.jpg\" alt=\"\" class=\"wp-image-582 size-full\" srcset=\"https:\/\/azurementsport.fr\/wp-content\/uploads\/2024\/05\/441888241_1157015091988759_13573357877363257_n-1024x705.jpg 1024w, https:\/\/azurementsport.fr\/wp-content\/uploads\/2024\/05\/441888241_1157015091988759_13573357877363257_n-300x206.jpg 300w, https:\/\/azurementsport.fr\/wp-content\/uploads\/2024\/05\/441888241_1157015091988759_13573357877363257_n-768x528.jpg 768w, https:\/\/azurementsport.fr\/wp-content\/uploads\/2024\/05\/441888241_1157015091988759_13573357877363257_n.jpg 1170w\" sizes=\"auto, (max-width: 1024px) 100vw, 1024px\" \/><\/figure><div class=\"wp-block-media-text__content\">\n<p>La f\u00eate durera sur la pelouse jusque tard dans la nuit. Une journ\u00e9e de folie et d&rsquo;histoire pour le Stade Ni\u00e7ois Rugby \u00a9 Q.B<\/p>\n<\/div><\/div>\n\n\n\n<p class=\"has-text-align-right\"><strong>Quentin Barbaza<\/strong><\/p>\n","protected":false},"excerpt":{"rendered":"<p>Le Stade Ni\u00e7ois a v\u00e9cu un moment d&rsquo;histoire ce samedi 18 mai. Une journ\u00e9e grav\u00e9e \u00e0 jamais dans les m\u00e9moires&hellip;<\/p>\n","protected":false},"author":1,"featured_media":587,"comment_status":"closed","ping_status":"open","sticky":false,"template":"","format":"standard","meta":{"_jetpack_memberships_contains_paid_content":false,"footnotes":""},"categories":[11],"tags":[232,280,288,17,14,290,287,12,216,289],"class_list":["post-561","post","type-post","status-publish","format-standard","has-post-thumbnail","hentry","category-rugby","tag-chambery","tag-finale","tag-freytes","tag-nationale","tag-nice","tag-photos","tag-portfolio","tag-rugby","tag-stade-nicois-2","tag-tom-murday"],"yoast_head":"<!-- This site is optimized with the Yoast SEO plugin v24.5 - https:\/\/yoast.com\/wordpress\/plugins\/seo\/ -->\n<title>Portfolio : Retour en images sur une journ\u00e9e historique pour le Stade Ni\u00e7ois Rugby - Azurement Sport<\/title>\n<meta name=\"robots\" content=\"index, follow, max-snippet:-1, max-image-preview:large, max-video-preview:-1\" \/>\n<link rel=\"canonical\" href=\"https:\/\/azurementsport.fr\/index.php\/2024\/05\/20\/portfolio-retour-en-images-sur-une-journee-historique-pour-le-stade-nicois-rugby\/\" \/>\n<meta property=\"og:locale\" content=\"fr_FR\" \/>\n<meta property=\"og:type\" content=\"article\" \/>\n<meta property=\"og:title\" content=\"Portfolio : Retour en images sur une journ\u00e9e historique pour le Stade Ni\u00e7ois Rugby - Azurement Sport\" \/>\n<meta property=\"og:description\" content=\"Le Stade Ni\u00e7ois a v\u00e9cu un moment d&rsquo;histoire ce samedi 18 mai. Une journ\u00e9e grav\u00e9e \u00e0 jamais dans les m\u00e9moires&hellip;\" \/>\n<meta property=\"og:url\" content=\"https:\/\/azurementsport.fr\/index.php\/2024\/05\/20\/portfolio-retour-en-images-sur-une-journee-historique-pour-le-stade-nicois-rugby\/\" \/>\n<meta property=\"og:site_name\" content=\"Azurement Sport\" \/>\n<meta property=\"article:published_time\" content=\"2024-05-20T13:49:27+00:00\" \/>\n<meta property=\"article:modified_time\" content=\"2024-05-20T15:21:16+00:00\" \/>\n<meta property=\"og:image\" content=\"https:\/\/azurementsport.fr\/wp-content\/uploads\/2024\/05\/441894998_1111441113296084_6450472967850015168_n.jpg\" \/>\n\t<meta property=\"og:image:width\" content=\"2048\" \/>\n\t<meta property=\"og:image:height\" content=\"1536\" \/>\n\t<meta property=\"og:image:type\" content=\"image\/jpeg\" \/>\n<meta name=\"author\" content=\"Azurement Sport\" \/>\n<meta name=\"twitter:card\" content=\"summary_large_image\" \/>\n<meta name=\"twitter:label1\" content=\"\u00c9crit par\" \/>\n\t<meta name=\"twitter:data1\" content=\"Azurement Sport\" \/>\n\t<meta name=\"twitter:label2\" content=\"Dur\u00e9e de lecture estim\u00e9e\" \/>\n\t<meta name=\"twitter:data2\" content=\"3 minutes\" \/>\n<script type=\"application\/ld+json\" class=\"yoast-schema-graph\">{\"@context\":\"https:\/\/schema.org\",\"@graph\":[{\"@type\":\"Article\",\"@id\":\"https:\/\/azurementsport.fr\/index.php\/2024\/05\/20\/portfolio-retour-en-images-sur-une-journee-historique-pour-le-stade-nicois-rugby\/#article\",\"isPartOf\":{\"@id\":\"https:\/\/azurementsport.fr\/index.php\/2024\/05\/20\/portfolio-retour-en-images-sur-une-journee-historique-pour-le-stade-nicois-rugby\/\"},\"author\":{\"name\":\"Azurement Sport\",\"@id\":\"https:\/\/azurementsport.fr\/#\/schema\/person\/bde18bf25893b2da2f70aa0e69fa7081\"},\"headline\":\"Portfolio : Retour en images sur une journ\u00e9e historique pour le Stade Ni\u00e7ois Rugby\",\"datePublished\":\"2024-05-20T13:49:27+00:00\",\"dateModified\":\"2024-05-20T15:21:16+00:00\",\"mainEntityOfPage\":{\"@id\":\"https:\/\/azurementsport.fr\/index.php\/2024\/05\/20\/portfolio-retour-en-images-sur-une-journee-historique-pour-le-stade-nicois-rugby\/\"},\"wordCount\":567,\"publisher\":{\"@id\":\"https:\/\/azurementsport.fr\/#organization\"},\"image\":{\"@id\":\"https:\/\/azurementsport.fr\/index.php\/2024\/05\/20\/portfolio-retour-en-images-sur-une-journee-historique-pour-le-stade-nicois-rugby\/#primaryimage\"},\"thumbnailUrl\":\"https:\/\/azurementsport.fr\/wp-content\/uploads\/2024\/05\/441894998_1111441113296084_6450472967850015168_n.jpg\",\"keywords\":[\"Chamb\u00e9ry\",\"Finale\",\"Freytes\",\"Nationale\",\"Nice\",\"Photos\",\"Portfolio\",\"Rugby\",\"Stade Ni\u00e7ois\",\"Tom Murday\"],\"articleSection\":[\"Rugby\"],\"inLanguage\":\"fr-FR\"},{\"@type\":\"WebPage\",\"@id\":\"https:\/\/azurementsport.fr\/index.php\/2024\/05\/20\/portfolio-retour-en-images-sur-une-journee-historique-pour-le-stade-nicois-rugby\/\",\"url\":\"https:\/\/azurementsport.fr\/index.php\/2024\/05\/20\/portfolio-retour-en-images-sur-une-journee-historique-pour-le-stade-nicois-rugby\/\",\"name\":\"Portfolio : Retour en images sur une journ\u00e9e historique pour le Stade Ni\u00e7ois Rugby - Azurement Sport\",\"isPartOf\":{\"@id\":\"https:\/\/azurementsport.fr\/#website\"},\"primaryImageOfPage\":{\"@id\":\"https:\/\/azurementsport.fr\/index.php\/2024\/05\/20\/portfolio-retour-en-images-sur-une-journee-historique-pour-le-stade-nicois-rugby\/#primaryimage\"},\"image\":{\"@id\":\"https:\/\/azurementsport.fr\/index.php\/2024\/05\/20\/portfolio-retour-en-images-sur-une-journee-historique-pour-le-stade-nicois-rugby\/#primaryimage\"},\"thumbnailUrl\":\"https:\/\/azurementsport.fr\/wp-content\/uploads\/2024\/05\/441894998_1111441113296084_6450472967850015168_n.jpg\",\"datePublished\":\"2024-05-20T13:49:27+00:00\",\"dateModified\":\"2024-05-20T15:21:16+00:00\",\"breadcrumb\":{\"@id\":\"https:\/\/azurementsport.fr\/index.php\/2024\/05\/20\/portfolio-retour-en-images-sur-une-journee-historique-pour-le-stade-nicois-rugby\/#breadcrumb\"},\"inLanguage\":\"fr-FR\",\"potentialAction\":[{\"@type\":\"ReadAction\",\"target\":[\"https:\/\/azurementsport.fr\/index.php\/2024\/05\/20\/portfolio-retour-en-images-sur-une-journee-historique-pour-le-stade-nicois-rugby\/\"]}]},{\"@type\":\"ImageObject\",\"inLanguage\":\"fr-FR\",\"@id\":\"https:\/\/azurementsport.fr\/index.php\/2024\/05\/20\/portfolio-retour-en-images-sur-une-journee-historique-pour-le-stade-nicois-rugby\/#primaryimage\",\"url\":\"https:\/\/azurementsport.fr\/wp-content\/uploads\/2024\/05\/441894998_1111441113296084_6450472967850015168_n.jpg\",\"contentUrl\":\"https:\/\/azurementsport.fr\/wp-content\/uploads\/2024\/05\/441894998_1111441113296084_6450472967850015168_n.jpg\",\"width\":2048,\"height\":1536},{\"@type\":\"BreadcrumbList\",\"@id\":\"https:\/\/azurementsport.fr\/index.php\/2024\/05\/20\/portfolio-retour-en-images-sur-une-journee-historique-pour-le-stade-nicois-rugby\/#breadcrumb\",\"itemListElement\":[{\"@type\":\"ListItem\",\"position\":1,\"name\":\"Accueil\",\"item\":\"https:\/\/azurementsport.fr\/\"},{\"@type\":\"ListItem\",\"position\":2,\"name\":\"Portfolio : Retour en images sur une journ\u00e9e historique pour le Stade Ni\u00e7ois Rugby\"}]},{\"@type\":\"WebSite\",\"@id\":\"https:\/\/azurementsport.fr\/#website\",\"url\":\"https:\/\/azurementsport.fr\/\",\"name\":\"Azurement Sport\",\"description\":\"Toute l&#039;actualit\u00e9 sportive de la C\u00f4te d&#039;Azur\",\"publisher\":{\"@id\":\"https:\/\/azurementsport.fr\/#organization\"},\"potentialAction\":[{\"@type\":\"SearchAction\",\"target\":{\"@type\":\"EntryPoint\",\"urlTemplate\":\"https:\/\/azurementsport.fr\/?s={search_term_string}\"},\"query-input\":{\"@type\":\"PropertyValueSpecification\",\"valueRequired\":true,\"valueName\":\"search_term_string\"}}],\"inLanguage\":\"fr-FR\"},{\"@type\":\"Organization\",\"@id\":\"https:\/\/azurementsport.fr\/#organization\",\"name\":\"Azurement Sport\",\"url\":\"https:\/\/azurementsport.fr\/\",\"logo\":{\"@type\":\"ImageObject\",\"inLanguage\":\"fr-FR\",\"@id\":\"https:\/\/azurementsport.fr\/#\/schema\/logo\/image\/\",\"url\":\"https:\/\/azurementsport.fr\/wp-content\/uploads\/2024\/05\/cropped-cropped-AZUREMENT_SPORT__1_-removebg-preview.png\",\"contentUrl\":\"https:\/\/azurementsport.fr\/wp-content\/uploads\/2024\/05\/cropped-cropped-AZUREMENT_SPORT__1_-removebg-preview.png\",\"width\":500,\"height\":224,\"caption\":\"Azurement Sport\"},\"image\":{\"@id\":\"https:\/\/azurementsport.fr\/#\/schema\/logo\/image\/\"}},{\"@type\":\"Person\",\"@id\":\"https:\/\/azurementsport.fr\/#\/schema\/person\/bde18bf25893b2da2f70aa0e69fa7081\",\"name\":\"Azurement Sport\",\"image\":{\"@type\":\"ImageObject\",\"inLanguage\":\"fr-FR\",\"@id\":\"https:\/\/azurementsport.fr\/#\/schema\/person\/image\/\",\"url\":\"https:\/\/secure.gravatar.com\/avatar\/6ac2f8b3453d709891d9b248de3f290cee35f005edbe13d94d6fb2c1b54e4fbd?s=96&d=mm&r=g\",\"contentUrl\":\"https:\/\/secure.gravatar.com\/avatar\/6ac2f8b3453d709891d9b248de3f290cee35f005edbe13d94d6fb2c1b54e4fbd?s=96&d=mm&r=g\",\"caption\":\"Azurement Sport\"},\"sameAs\":[\"http:\/\/azurementsport.fr\"],\"url\":\"https:\/\/azurementsport.fr\/index.php\/author\/admin3210\/\"}]}<\/script>\n<!-- \/ Yoast SEO plugin. -->","yoast_head_json":{"title":"Portfolio : Retour en images sur une journ\u00e9e historique pour le Stade Ni\u00e7ois Rugby - Azurement Sport","robots":{"index":"index","follow":"follow","max-snippet":"max-snippet:-1","max-image-preview":"max-image-preview:large","max-video-preview":"max-video-preview:-1"},"canonical":"https:\/\/azurementsport.fr\/index.php\/2024\/05\/20\/portfolio-retour-en-images-sur-une-journee-historique-pour-le-stade-nicois-rugby\/","og_locale":"fr_FR","og_type":"article","og_title":"Portfolio : Retour en images sur une journ\u00e9e historique pour le Stade Ni\u00e7ois Rugby - Azurement Sport","og_description":"Le Stade Ni\u00e7ois a v\u00e9cu un moment d&rsquo;histoire ce samedi 18 mai. Une journ\u00e9e grav\u00e9e \u00e0 jamais dans les m\u00e9moires&hellip;","og_url":"https:\/\/azurementsport.fr\/index.php\/2024\/05\/20\/portfolio-retour-en-images-sur-une-journee-historique-pour-le-stade-nicois-rugby\/","og_site_name":"Azurement Sport","article_published_time":"2024-05-20T13:49:27+00:00","article_modified_time":"2024-05-20T15:21:16+00:00","og_image":[{"width":2048,"height":1536,"url":"https:\/\/azurementsport.fr\/wp-content\/uploads\/2024\/05\/441894998_1111441113296084_6450472967850015168_n.jpg","type":"image\/jpeg"}],"author":"Azurement Sport","twitter_card":"summary_large_image","twitter_misc":{"\u00c9crit par":"Azurement Sport","Dur\u00e9e de lecture estim\u00e9e":"3 minutes"},"schema":{"@context":"https:\/\/schema.org","@graph":[{"@type":"Article","@id":"https:\/\/azurementsport.fr\/index.php\/2024\/05\/20\/portfolio-retour-en-images-sur-une-journee-historique-pour-le-stade-nicois-rugby\/#article","isPartOf":{"@id":"https:\/\/azurementsport.fr\/index.php\/2024\/05\/20\/portfolio-retour-en-images-sur-une-journee-historique-pour-le-stade-nicois-rugby\/"},"author":{"name":"Azurement Sport","@id":"https:\/\/azurementsport.fr\/#\/schema\/person\/bde18bf25893b2da2f70aa0e69fa7081"},"headline":"Portfolio : Retour en images sur une journ\u00e9e historique pour le Stade Ni\u00e7ois Rugby","datePublished":"2024-05-20T13:49:27+00:00","dateModified":"2024-05-20T15:21:16+00:00","mainEntityOfPage":{"@id":"https:\/\/azurementsport.fr\/index.php\/2024\/05\/20\/portfolio-retour-en-images-sur-une-journee-historique-pour-le-stade-nicois-rugby\/"},"wordCount":567,"publisher":{"@id":"https:\/\/azurementsport.fr\/#organization"},"image":{"@id":"https:\/\/azurementsport.fr\/index.php\/2024\/05\/20\/portfolio-retour-en-images-sur-une-journee-historique-pour-le-stade-nicois-rugby\/#primaryimage"},"thumbnailUrl":"https:\/\/azurementsport.fr\/wp-content\/uploads\/2024\/05\/441894998_1111441113296084_6450472967850015168_n.jpg","keywords":["Chamb\u00e9ry","Finale","Freytes","Nationale","Nice","Photos","Portfolio","Rugby","Stade Ni\u00e7ois","Tom Murday"],"articleSection":["Rugby"],"inLanguage":"fr-FR"},{"@type":"WebPage","@id":"https:\/\/azurementsport.fr\/index.php\/2024\/05\/20\/portfolio-retour-en-images-sur-une-journee-historique-pour-le-stade-nicois-rugby\/","url":"https:\/\/azurementsport.fr\/index.php\/2024\/05\/20\/portfolio-retour-en-images-sur-une-journee-historique-pour-le-stade-nicois-rugby\/","name":"Portfolio : Retour en images sur une journ\u00e9e historique pour le Stade Ni\u00e7ois Rugby - Azurement Sport","isPartOf":{"@id":"https:\/\/azurementsport.fr\/#website"},"primaryImageOfPage":{"@id":"https:\/\/azurementsport.fr\/index.php\/2024\/05\/20\/portfolio-retour-en-images-sur-une-journee-historique-pour-le-stade-nicois-rugby\/#primaryimage"},"image":{"@id":"https:\/\/azurementsport.fr\/index.php\/2024\/05\/20\/portfolio-retour-en-images-sur-une-journee-historique-pour-le-stade-nicois-rugby\/#primaryimage"},"thumbnailUrl":"https:\/\/azurementsport.fr\/wp-content\/uploads\/2024\/05\/441894998_1111441113296084_6450472967850015168_n.jpg","datePublished":"2024-05-20T13:49:27+00:00","dateModified":"2024-05-20T15:21:16+00:00","breadcrumb":{"@id":"https:\/\/azurementsport.fr\/index.php\/2024\/05\/20\/portfolio-retour-en-images-sur-une-journee-historique-pour-le-stade-nicois-rugby\/#breadcrumb"},"inLanguage":"fr-FR","potentialAction":[{"@type":"ReadAction","target":["https:\/\/azurementsport.fr\/index.php\/2024\/05\/20\/portfolio-retour-en-images-sur-une-journee-historique-pour-le-stade-nicois-rugby\/"]}]},{"@type":"ImageObject","inLanguage":"fr-FR","@id":"https:\/\/azurementsport.fr\/index.php\/2024\/05\/20\/portfolio-retour-en-images-sur-une-journee-historique-pour-le-stade-nicois-rugby\/#primaryimage","url":"https:\/\/azurementsport.fr\/wp-content\/uploads\/2024\/05\/441894998_1111441113296084_6450472967850015168_n.jpg","contentUrl":"https:\/\/azurementsport.fr\/wp-content\/uploads\/2024\/05\/441894998_1111441113296084_6450472967850015168_n.jpg","width":2048,"height":1536},{"@type":"BreadcrumbList","@id":"https:\/\/azurementsport.fr\/index.php\/2024\/05\/20\/portfolio-retour-en-images-sur-une-journee-historique-pour-le-stade-nicois-rugby\/#breadcrumb","itemListElement":[{"@type":"ListItem","position":1,"name":"Accueil","item":"https:\/\/azurementsport.fr\/"},{"@type":"ListItem","position":2,"name":"Portfolio : Retour en images sur une journ\u00e9e historique pour le Stade Ni\u00e7ois Rugby"}]},{"@type":"WebSite","@id":"https:\/\/azurementsport.fr\/#website","url":"https:\/\/azurementsport.fr\/","name":"Azurement Sport","description":"Toute l&#039;actualit\u00e9 sportive de la C\u00f4te d&#039;Azur","publisher":{"@id":"https:\/\/azurementsport.fr\/#organization"},"potentialAction":[{"@type":"SearchAction","target":{"@type":"EntryPoint","urlTemplate":"https:\/\/azurementsport.fr\/?s={search_term_string}"},"query-input":{"@type":"PropertyValueSpecification","valueRequired":true,"valueName":"search_term_string"}}],"inLanguage":"fr-FR"},{"@type":"Organization","@id":"https:\/\/azurementsport.fr\/#organization","name":"Azurement Sport","url":"https:\/\/azurementsport.fr\/","logo":{"@type":"ImageObject","inLanguage":"fr-FR","@id":"https:\/\/azurementsport.fr\/#\/schema\/logo\/image\/","url":"https:\/\/azurementsport.fr\/wp-content\/uploads\/2024\/05\/cropped-cropped-AZUREMENT_SPORT__1_-removebg-preview.png","contentUrl":"https:\/\/azurementsport.fr\/wp-content\/uploads\/2024\/05\/cropped-cropped-AZUREMENT_SPORT__1_-removebg-preview.png","width":500,"height":224,"caption":"Azurement Sport"},"image":{"@id":"https:\/\/azurementsport.fr\/#\/schema\/logo\/image\/"}},{"@type":"Person","@id":"https:\/\/azurementsport.fr\/#\/schema\/person\/bde18bf25893b2da2f70aa0e69fa7081","name":"Azurement Sport","image":{"@type":"ImageObject","inLanguage":"fr-FR","@id":"https:\/\/azurementsport.fr\/#\/schema\/person\/image\/","url":"https:\/\/secure.gravatar.com\/avatar\/6ac2f8b3453d709891d9b248de3f290cee35f005edbe13d94d6fb2c1b54e4fbd?s=96&d=mm&r=g","contentUrl":"https:\/\/secure.gravatar.com\/avatar\/6ac2f8b3453d709891d9b248de3f290cee35f005edbe13d94d6fb2c1b54e4fbd?s=96&d=mm&r=g","caption":"Azurement Sport"},"sameAs":["http:\/\/azurementsport.fr"],"url":"https:\/\/azurementsport.fr\/index.php\/author\/admin3210\/"}]}},"jetpack_featured_media_url":"https:\/\/azurementsport.fr\/wp-content\/uploads\/2024\/05\/441894998_1111441113296084_6450472967850015168_n.jpg","jetpack_sharing_enabled":true,"jetpack-related-posts":[],"_links":{"self":[{"href":"https:\/\/azurementsport.fr\/index.php\/wp-json\/wp\/v2\/posts\/561","targetHints":{"allow":["GET"]}}],"collection":[{"href":"https:\/\/azurementsport.fr\/index.php\/wp-json\/wp\/v2\/posts"}],"about":[{"href":"https:\/\/azurementsport.fr\/index.php\/wp-json\/wp\/v2\/types\/post"}],"author":[{"embeddable":true,"href":"https:\/\/azurementsport.fr\/index.php\/wp-json\/wp\/v2\/users\/1"}],"replies":[{"embeddable":true,"href":"https:\/\/azurementsport.fr\/index.php\/wp-json\/wp\/v2\/comments?post=561"}],"version-history":[{"count":7,"href":"https:\/\/azurementsport.fr\/index.php\/wp-json\/wp\/v2\/posts\/561\/revisions"}],"predecessor-version":[{"id":589,"href":"https:\/\/azurementsport.fr\/index.php\/wp-json\/wp\/v2\/posts\/561\/revisions\/589"}],"wp:featuredmedia":[{"embeddable":true,"href":"https:\/\/azurementsport.fr\/index.php\/wp-json\/wp\/v2\/media\/587"}],"wp:attachment":[{"href":"https:\/\/azurementsport.fr\/index.php\/wp-json\/wp\/v2\/media?parent=561"}],"wp:term":[{"taxonomy":"category","embeddable":true,"href":"https:\/\/azurementsport.fr\/index.php\/wp-json\/wp\/v2\/categories?post=561"},{"taxonomy":"post_tag","embeddable":true,"href":"https:\/\/azurementsport.fr\/index.php\/wp-json\/wp\/v2\/tags?post=561"}],"curies":[{"name":"wp","href":"https:\/\/api.w.org\/{rel}","templated":true}]}}