{"id":762,"date":"2024-10-19T15:04:41","date_gmt":"2024-10-19T13:04:41","guid":{"rendered":"https:\/\/azurementsport.fr\/?p=762"},"modified":"2024-10-19T15:04:43","modified_gmt":"2024-10-19T13:04:43","slug":"ligue-1-las-monaco-manque-le-coche-face-a-lille","status":"publish","type":"post","link":"https:\/\/azurementsport.fr\/index.php\/2024\/10\/19\/ligue-1-las-monaco-manque-le-coche-face-a-lille\/","title":{"rendered":"Ligue 1 : L&rsquo;AS Monaco manque le coche face \u00e0 Lille"},"content":{"rendered":"\n<p><strong>Au terme d\u2019un match terne et sans envol\u00e9e, l\u2019AS Monaco a partag\u00e9 les points face \u00e0 Lille (0-0) ce vendredi soir au stade Louis-II. Les hommes d\u2019Adi H\u00fctter ont g\u00e2ch\u00e9 un nombre trop important d\u2019occasions et surtout celle de mettre le PSG \u00e0 cinq points \u00e0 l\u2019aube de cette 8e journ\u00e9e de Ligue 1.<\/strong><\/p>\n\n\n\n<p>L\u2019heure \u00e9tait \u00e0 l&rsquo;assoupissement ce vendredi soir au <strong>stade Louis II<\/strong> o\u00f9 les 7500 spectateurs, ont assist\u00e9 \u00e0 une rencontre quelque peu soporifique. Score nul et vierge entre<strong> l\u2019AS Monaco<\/strong> et le <strong>LOSC <\/strong>qui se partagent les points <strong>(0-0)<\/strong> apr\u00e8s un match nul, dans tous les sens du terme.<\/p>\n\n\n\n<p>Cette belle affiche sur le papier, entre des <strong>Mon\u00e9gasques <\/strong>install\u00e9s sur le fauteuil de leader et des <strong>Lillois <\/strong>r\u00e9cents vainqueurs du <strong>R\u00e9al Madrid<\/strong>, n\u2019a pas d\u00e9rog\u00e9 \u00e0 la fameuse rengaine des retours de tr\u00eave internationale un peu mollassons. La faute \u00e0 des corps \u00e9mouss\u00e9s par les heures d\u2019avion ou le manque de rythme. Les Mon\u00e9gasques ont pourtant bien attaqu\u00e9 la rencontre en se montrant pressant et dangereux.<\/p>\n\n\n\n<p class=\"has-medium-font-size\"><strong>Les d\u00e9fenses prennent le dessus<\/strong><\/p>\n\n\n\n<p>Les vingt premi\u00e8res minutes sont anim\u00e9es par les diff\u00e9rentes offensives d\u00e9ploy\u00e9es par les Rouge et Blanc. <strong>Eliesse Ben Seghir<\/strong> reste incisif comme \u00e0 son habitude. Toutefois, les efforts de l&rsquo;international marocain restent infructueux car pas cadr\u00e9s (11e). Dans l&rsquo;ensemble, la rencontre s\u2019est av\u00e9r\u00e9e monotone malgr\u00e9 le style de jeu  habituellement emballant des deux \u00e9quipes. Pourtant, ce n\u2019est pas faute d\u2019avoir essay\u00e9 c\u00f4t\u00e9 mon\u00e9gasque. <strong>Les hommes d\u2019Adi H\u00fctter ont tent\u00e9 leur chance \u00e0 14 reprises devant les buts de Lucas Chevalier. <\/strong><\/p>\n\n\n\n<p>Les Lillois, quant \u00e0 eux, ont \u00e9prouv\u00e9 beaucoup de plus difficult\u00e9s \u00e0 s\u2019approcher de la surface de <strong>Radoslaw Majecki<\/strong> faisant son retour dans la cage mon\u00e9gasque.\u00a0<strong>Edon Zhegrova <\/strong>n\u2019a pas r\u00e9ussi \u00e0 impacter la rencontre comme il en a l\u2019habitude cette saison. <strong>Jonathan David <\/strong>n&rsquo;a \u00e9t\u00e9 que trop peu actif sur le front de l\u2019attaque nordiste. Cela gr\u00e2ce \u00e0 un attelage <strong>Thilo Kehrer &#8211; Wilfried Singo<\/strong>, imperm\u00e9able pendant 90 minutes. Avec trois frappes sur l\u2019ensemble de la rencontre, les Lillois se sont heurt\u00e9s \u00e0 un v\u00e9ritable mur. <\/p>\n\n\n\n<p class=\"has-medium-font-size\"><strong>Monaco peut s&rsquo;en mordre les doigts\u00a0<\/strong><\/p>\n\n\n\n<p>Au retour des vestiaires, le rythme s&rsquo;estompe petit \u00e0 petit. Chacun pensait que le tournant du match r\u00e9sidait dans l\u2019exclusion de <strong>Jordan Teze<\/strong>, auteur d\u2019une charge appuy\u00e9e sur <strong>Gabriel Gudmundsson<\/strong> (61<sup>e<\/sup>). A la surprise g\u00e9n\u00e9rale, les visiteurs n\u2019ont pas profit\u00e9 de leur sup\u00e9riorit\u00e9 num\u00e9rique durant une demi-heure.<\/p>\n\n\n\n<p>A la faveur de quelques changements offensifs d\u2019<strong>Adi H\u00fctter <\/strong>(entr\u00e9es <strong>d&rsquo;Embolo<\/strong>, <strong>Akliouche <\/strong>et <strong>Diatta<\/strong>), les Mon\u00e9gasques partent, en contre, \u00e0 l\u2019assaut d\u2019un septi\u00e8me succ\u00e8s en championnat. D\u2019abord, Kr\u00e9pin Diatta, \u00e0 droite de la surface adverse, voit sa frappe s\u2019envoler dans le ciel de la <strong>Principaut\u00e9 <\/strong>(72<sup>e<\/sup>). Quelques minutes plus tard, <strong>Maghnes Akliouche<\/strong>, centre id\u00e9alement pour <strong>Breel Embolo.\u00a0<\/strong>L\u2019attaquant mon\u00e9gasque voit son ballon filer tout droit vers les arcades du stade Louis-II (83<sup>e<\/sup>) pourtant \u00e0 bout portant. Enfin, le capitaine <strong>Denis Zakaria <\/strong>tombe sur un Lucas Chevalier d\u00e9cisif alors que sa frappe partait vers la lucarne (91e).\u00a0<\/p>\n\n\n\n<figure class=\"wp-block-embed is-type-rich is-provider-twitter wp-block-embed-twitter\"><div class=\"wp-block-embed__wrapper\">\n<blockquote class=\"twitter-tweet\" data-width=\"550\" data-dnt=\"true\"><p lang=\"fr\" dir=\"ltr\">\ud83d\ude2e | La parade de Lucas Chevalier dans les derniers instants ! \ud83d\udd25\ud83d\ude4c <a href=\"https:\/\/twitter.com\/hashtag\/ASMLOSC?src=hash&amp;ref_src=twsrc%5Etfw\">#ASMLOSC<\/a> <a href=\"https:\/\/t.co\/KR0CldnuRA\">pic.twitter.com\/KR0CldnuRA<\/a><\/p>&mdash; DAZN France (@DAZN_FR) <a href=\"https:\/\/twitter.com\/DAZN_FR\/status\/1847378165590872343?ref_src=twsrc%5Etfw\">October 18, 2024<\/a><\/blockquote><script async src=\"https:\/\/platform.twitter.com\/widgets.js\" charset=\"utf-8\"><\/script>\n<\/div><\/figure>\n\n\n\n<p class=\"has-medium-font-size\"><strong>\u201cLa victoire \u00e9tait possible\u201d<\/strong><\/p>\n\n\n\n<p><strong>L&rsquo;ASM <\/strong>a eu les occasions en inf\u00e9riorit\u00e9 num\u00e9rique pour d\u00e9crocher la victoire. Mais ils se contenteront d&rsquo;un simple match nul (0-0) permettant de porter \u00e0 trois points leur avance sur le <strong>Paris Saint-Germain<\/strong> en t\u00eate du classement. Un match nul qui arrive comme <em>\u201cune satisfaction\u201d<\/em> pour le coach Adi H\u00fctter. <em>\u201cJe suis content de mes joueurs, <\/em>a d\u00e9clar\u00e9 le technicien allemand apr\u00e8s coup<em>. On a \u00e9t\u00e9 stables d\u00e9fensivement, Lille ne s\u2019est pas cr\u00e9\u00e9 beaucoup d\u2019occasions. Finalement on a domin\u00e9 et la victoire \u00e9tait m\u00eame possible\u201d.\u00a0<\/em><\/p>\n\n\n\n<p>Un sentiment partag\u00e9 par Kr\u00e9pin Diatta, qui a trouv\u00e9 <em>\u201cde la force de caract\u00e8re et de la solidit\u00e9\u201d<\/em> chez ses co\u00e9quipiers. Avec ce nul, l\u2019AS Monaco reste leader avant le match du PSG, ce soir face \u00e0 <strong>Strasbourg<\/strong>. En cas de victoire, les Parisiens reprendraient la t\u00eate du championnat.<\/p>\n\n\n\n<p class=\"has-text-align-right\"><strong>Antoine Peynet<\/strong><\/p>\n","protected":false},"excerpt":{"rendered":"<p>Au terme d\u2019un match terne et sans envol\u00e9e, l\u2019AS Monaco a partag\u00e9 les points face \u00e0 Lille (0-0) ce vendredi&hellip;<\/p>\n","protected":false},"author":1,"featured_media":763,"comment_status":"open","ping_status":"open","sticky":false,"template":"","format":"standard","meta":{"_jetpack_memberships_contains_paid_content":false,"footnotes":""},"categories":[10],"tags":[413,368,411,66,412,33,410,409,45,408],"class_list":["post-762","post","type-post","status-publish","format-standard","has-post-thumbnail","hentry","category-football","tag-adi-hutter","tag-asm","tag-ben-seghir","tag-football","tag-jordan-teze","tag-ligue-1","tag-lille","tag-losc","tag-monaco","tag-stade-louis-ii"],"yoast_head":"<!-- This site is optimized with the Yoast SEO plugin v24.5 - https:\/\/yoast.com\/wordpress\/plugins\/seo\/ -->\n<title>Ligue 1 : L&#039;AS Monaco manque le coche face \u00e0 Lille - Azurement Sport<\/title>\n<meta name=\"robots\" content=\"index, follow, max-snippet:-1, max-image-preview:large, max-video-preview:-1\" \/>\n<link rel=\"canonical\" href=\"https:\/\/azurementsport.fr\/index.php\/2024\/10\/19\/ligue-1-las-monaco-manque-le-coche-face-a-lille\/\" \/>\n<meta property=\"og:locale\" content=\"fr_FR\" \/>\n<meta property=\"og:type\" content=\"article\" \/>\n<meta property=\"og:title\" content=\"Ligue 1 : L&#039;AS Monaco manque le coche face \u00e0 Lille - Azurement Sport\" \/>\n<meta property=\"og:description\" content=\"Au terme d\u2019un match terne et sans envol\u00e9e, l\u2019AS Monaco a partag\u00e9 les points face \u00e0 Lille (0-0) ce vendredi&hellip;\" \/>\n<meta property=\"og:url\" content=\"https:\/\/azurementsport.fr\/index.php\/2024\/10\/19\/ligue-1-las-monaco-manque-le-coche-face-a-lille\/\" \/>\n<meta property=\"og:site_name\" content=\"Azurement Sport\" \/>\n<meta property=\"article:published_time\" content=\"2024-10-19T13:04:41+00:00\" \/>\n<meta property=\"article:modified_time\" content=\"2024-10-19T13:04:43+00:00\" \/>\n<meta property=\"og:image\" content=\"https:\/\/azurementsport.fr\/wp-content\/uploads\/2024\/10\/IMG_3405-scaled.jpeg\" \/>\n\t<meta property=\"og:image:width\" content=\"2560\" \/>\n\t<meta property=\"og:image:height\" content=\"1701\" \/>\n\t<meta property=\"og:image:type\" content=\"image\/jpeg\" \/>\n<meta name=\"author\" content=\"Azurement Sport\" \/>\n<meta name=\"twitter:card\" content=\"summary_large_image\" \/>\n<meta name=\"twitter:label1\" content=\"\u00c9crit par\" \/>\n\t<meta name=\"twitter:data1\" content=\"Azurement Sport\" \/>\n\t<meta name=\"twitter:label2\" content=\"Dur\u00e9e de lecture estim\u00e9e\" \/>\n\t<meta name=\"twitter:data2\" content=\"4 minutes\" \/>\n<script type=\"application\/ld+json\" class=\"yoast-schema-graph\">{\"@context\":\"https:\/\/schema.org\",\"@graph\":[{\"@type\":\"Article\",\"@id\":\"https:\/\/azurementsport.fr\/index.php\/2024\/10\/19\/ligue-1-las-monaco-manque-le-coche-face-a-lille\/#article\",\"isPartOf\":{\"@id\":\"https:\/\/azurementsport.fr\/index.php\/2024\/10\/19\/ligue-1-las-monaco-manque-le-coche-face-a-lille\/\"},\"author\":{\"name\":\"Azurement Sport\",\"@id\":\"https:\/\/azurementsport.fr\/#\/schema\/person\/bde18bf25893b2da2f70aa0e69fa7081\"},\"headline\":\"Ligue 1 : L&rsquo;AS Monaco manque le coche face \u00e0 Lille\",\"datePublished\":\"2024-10-19T13:04:41+00:00\",\"dateModified\":\"2024-10-19T13:04:43+00:00\",\"mainEntityOfPage\":{\"@id\":\"https:\/\/azurementsport.fr\/index.php\/2024\/10\/19\/ligue-1-las-monaco-manque-le-coche-face-a-lille\/\"},\"wordCount\":721,\"commentCount\":0,\"publisher\":{\"@id\":\"https:\/\/azurementsport.fr\/#organization\"},\"image\":{\"@id\":\"https:\/\/azurementsport.fr\/index.php\/2024\/10\/19\/ligue-1-las-monaco-manque-le-coche-face-a-lille\/#primaryimage\"},\"thumbnailUrl\":\"https:\/\/azurementsport.fr\/wp-content\/uploads\/2024\/10\/IMG_3405-scaled.jpeg\",\"keywords\":[\"Adi Hutter\",\"ASM\",\"Ben Seghir\",\"football\",\"Jordan Teze\",\"Ligue 1\",\"Lille\",\"LOSC\",\"Monaco\",\"Stade Louis II\"],\"articleSection\":[\"Football\"],\"inLanguage\":\"fr-FR\",\"potentialAction\":[{\"@type\":\"CommentAction\",\"name\":\"Comment\",\"target\":[\"https:\/\/azurementsport.fr\/index.php\/2024\/10\/19\/ligue-1-las-monaco-manque-le-coche-face-a-lille\/#respond\"]}]},{\"@type\":\"WebPage\",\"@id\":\"https:\/\/azurementsport.fr\/index.php\/2024\/10\/19\/ligue-1-las-monaco-manque-le-coche-face-a-lille\/\",\"url\":\"https:\/\/azurementsport.fr\/index.php\/2024\/10\/19\/ligue-1-las-monaco-manque-le-coche-face-a-lille\/\",\"name\":\"Ligue 1 : L'AS Monaco manque le coche face \u00e0 Lille - Azurement Sport\",\"isPartOf\":{\"@id\":\"https:\/\/azurementsport.fr\/#website\"},\"primaryImageOfPage\":{\"@id\":\"https:\/\/azurementsport.fr\/index.php\/2024\/10\/19\/ligue-1-las-monaco-manque-le-coche-face-a-lille\/#primaryimage\"},\"image\":{\"@id\":\"https:\/\/azurementsport.fr\/index.php\/2024\/10\/19\/ligue-1-las-monaco-manque-le-coche-face-a-lille\/#primaryimage\"},\"thumbnailUrl\":\"https:\/\/azurementsport.fr\/wp-content\/uploads\/2024\/10\/IMG_3405-scaled.jpeg\",\"datePublished\":\"2024-10-19T13:04:41+00:00\",\"dateModified\":\"2024-10-19T13:04:43+00:00\",\"breadcrumb\":{\"@id\":\"https:\/\/azurementsport.fr\/index.php\/2024\/10\/19\/ligue-1-las-monaco-manque-le-coche-face-a-lille\/#breadcrumb\"},\"inLanguage\":\"fr-FR\",\"potentialAction\":[{\"@type\":\"ReadAction\",\"target\":[\"https:\/\/azurementsport.fr\/index.php\/2024\/10\/19\/ligue-1-las-monaco-manque-le-coche-face-a-lille\/\"]}]},{\"@type\":\"ImageObject\",\"inLanguage\":\"fr-FR\",\"@id\":\"https:\/\/azurementsport.fr\/index.php\/2024\/10\/19\/ligue-1-las-monaco-manque-le-coche-face-a-lille\/#primaryimage\",\"url\":\"https:\/\/azurementsport.fr\/wp-content\/uploads\/2024\/10\/IMG_3405-scaled.jpeg\",\"contentUrl\":\"https:\/\/azurementsport.fr\/wp-content\/uploads\/2024\/10\/IMG_3405-scaled.jpeg\",\"width\":2560,\"height\":1701,\"caption\":\"Monaco et Lille se sont quitt\u00e9s dos \u00e0 dos hier soir (0-0) \u00a9 Q.B\"},{\"@type\":\"BreadcrumbList\",\"@id\":\"https:\/\/azurementsport.fr\/index.php\/2024\/10\/19\/ligue-1-las-monaco-manque-le-coche-face-a-lille\/#breadcrumb\",\"itemListElement\":[{\"@type\":\"ListItem\",\"position\":1,\"name\":\"Accueil\",\"item\":\"https:\/\/azurementsport.fr\/\"},{\"@type\":\"ListItem\",\"position\":2,\"name\":\"Ligue 1 : L&rsquo;AS Monaco manque le coche face \u00e0 Lille\"}]},{\"@type\":\"WebSite\",\"@id\":\"https:\/\/azurementsport.fr\/#website\",\"url\":\"https:\/\/azurementsport.fr\/\",\"name\":\"Azurement Sport\",\"description\":\"Toute l&#039;actualit\u00e9 sportive de la C\u00f4te d&#039;Azur\",\"publisher\":{\"@id\":\"https:\/\/azurementsport.fr\/#organization\"},\"potentialAction\":[{\"@type\":\"SearchAction\",\"target\":{\"@type\":\"EntryPoint\",\"urlTemplate\":\"https:\/\/azurementsport.fr\/?s={search_term_string}\"},\"query-input\":{\"@type\":\"PropertyValueSpecification\",\"valueRequired\":true,\"valueName\":\"search_term_string\"}}],\"inLanguage\":\"fr-FR\"},{\"@type\":\"Organization\",\"@id\":\"https:\/\/azurementsport.fr\/#organization\",\"name\":\"Azurement Sport\",\"url\":\"https:\/\/azurementsport.fr\/\",\"logo\":{\"@type\":\"ImageObject\",\"inLanguage\":\"fr-FR\",\"@id\":\"https:\/\/azurementsport.fr\/#\/schema\/logo\/image\/\",\"url\":\"https:\/\/azurementsport.fr\/wp-content\/uploads\/2024\/05\/cropped-cropped-AZUREMENT_SPORT__1_-removebg-preview.png\",\"contentUrl\":\"https:\/\/azurementsport.fr\/wp-content\/uploads\/2024\/05\/cropped-cropped-AZUREMENT_SPORT__1_-removebg-preview.png\",\"width\":500,\"height\":224,\"caption\":\"Azurement Sport\"},\"image\":{\"@id\":\"https:\/\/azurementsport.fr\/#\/schema\/logo\/image\/\"}},{\"@type\":\"Person\",\"@id\":\"https:\/\/azurementsport.fr\/#\/schema\/person\/bde18bf25893b2da2f70aa0e69fa7081\",\"name\":\"Azurement Sport\",\"image\":{\"@type\":\"ImageObject\",\"inLanguage\":\"fr-FR\",\"@id\":\"https:\/\/azurementsport.fr\/#\/schema\/person\/image\/\",\"url\":\"https:\/\/secure.gravatar.com\/avatar\/6ac2f8b3453d709891d9b248de3f290cee35f005edbe13d94d6fb2c1b54e4fbd?s=96&d=mm&r=g\",\"contentUrl\":\"https:\/\/secure.gravatar.com\/avatar\/6ac2f8b3453d709891d9b248de3f290cee35f005edbe13d94d6fb2c1b54e4fbd?s=96&d=mm&r=g\",\"caption\":\"Azurement Sport\"},\"sameAs\":[\"http:\/\/azurementsport.fr\"],\"url\":\"https:\/\/azurementsport.fr\/index.php\/author\/admin3210\/\"}]}<\/script>\n<!-- \/ Yoast SEO plugin. -->","yoast_head_json":{"title":"Ligue 1 : L'AS Monaco manque le coche face \u00e0 Lille - Azurement Sport","robots":{"index":"index","follow":"follow","max-snippet":"max-snippet:-1","max-image-preview":"max-image-preview:large","max-video-preview":"max-video-preview:-1"},"canonical":"https:\/\/azurementsport.fr\/index.php\/2024\/10\/19\/ligue-1-las-monaco-manque-le-coche-face-a-lille\/","og_locale":"fr_FR","og_type":"article","og_title":"Ligue 1 : L'AS Monaco manque le coche face \u00e0 Lille - Azurement Sport","og_description":"Au terme d\u2019un match terne et sans envol\u00e9e, l\u2019AS Monaco a partag\u00e9 les points face \u00e0 Lille (0-0) ce vendredi&hellip;","og_url":"https:\/\/azurementsport.fr\/index.php\/2024\/10\/19\/ligue-1-las-monaco-manque-le-coche-face-a-lille\/","og_site_name":"Azurement Sport","article_published_time":"2024-10-19T13:04:41+00:00","article_modified_time":"2024-10-19T13:04:43+00:00","og_image":[{"width":2560,"height":1701,"url":"https:\/\/azurementsport.fr\/wp-content\/uploads\/2024\/10\/IMG_3405-scaled.jpeg","type":"image\/jpeg"}],"author":"Azurement Sport","twitter_card":"summary_large_image","twitter_misc":{"\u00c9crit par":"Azurement Sport","Dur\u00e9e de lecture estim\u00e9e":"4 minutes"},"schema":{"@context":"https:\/\/schema.org","@graph":[{"@type":"Article","@id":"https:\/\/azurementsport.fr\/index.php\/2024\/10\/19\/ligue-1-las-monaco-manque-le-coche-face-a-lille\/#article","isPartOf":{"@id":"https:\/\/azurementsport.fr\/index.php\/2024\/10\/19\/ligue-1-las-monaco-manque-le-coche-face-a-lille\/"},"author":{"name":"Azurement Sport","@id":"https:\/\/azurementsport.fr\/#\/schema\/person\/bde18bf25893b2da2f70aa0e69fa7081"},"headline":"Ligue 1 : L&rsquo;AS Monaco manque le coche face \u00e0 Lille","datePublished":"2024-10-19T13:04:41+00:00","dateModified":"2024-10-19T13:04:43+00:00","mainEntityOfPage":{"@id":"https:\/\/azurementsport.fr\/index.php\/2024\/10\/19\/ligue-1-las-monaco-manque-le-coche-face-a-lille\/"},"wordCount":721,"commentCount":0,"publisher":{"@id":"https:\/\/azurementsport.fr\/#organization"},"image":{"@id":"https:\/\/azurementsport.fr\/index.php\/2024\/10\/19\/ligue-1-las-monaco-manque-le-coche-face-a-lille\/#primaryimage"},"thumbnailUrl":"https:\/\/azurementsport.fr\/wp-content\/uploads\/2024\/10\/IMG_3405-scaled.jpeg","keywords":["Adi Hutter","ASM","Ben Seghir","football","Jordan Teze","Ligue 1","Lille","LOSC","Monaco","Stade Louis II"],"articleSection":["Football"],"inLanguage":"fr-FR","potentialAction":[{"@type":"CommentAction","name":"Comment","target":["https:\/\/azurementsport.fr\/index.php\/2024\/10\/19\/ligue-1-las-monaco-manque-le-coche-face-a-lille\/#respond"]}]},{"@type":"WebPage","@id":"https:\/\/azurementsport.fr\/index.php\/2024\/10\/19\/ligue-1-las-monaco-manque-le-coche-face-a-lille\/","url":"https:\/\/azurementsport.fr\/index.php\/2024\/10\/19\/ligue-1-las-monaco-manque-le-coche-face-a-lille\/","name":"Ligue 1 : L'AS Monaco manque le coche face \u00e0 Lille - Azurement Sport","isPartOf":{"@id":"https:\/\/azurementsport.fr\/#website"},"primaryImageOfPage":{"@id":"https:\/\/azurementsport.fr\/index.php\/2024\/10\/19\/ligue-1-las-monaco-manque-le-coche-face-a-lille\/#primaryimage"},"image":{"@id":"https:\/\/azurementsport.fr\/index.php\/2024\/10\/19\/ligue-1-las-monaco-manque-le-coche-face-a-lille\/#primaryimage"},"thumbnailUrl":"https:\/\/azurementsport.fr\/wp-content\/uploads\/2024\/10\/IMG_3405-scaled.jpeg","datePublished":"2024-10-19T13:04:41+00:00","dateModified":"2024-10-19T13:04:43+00:00","breadcrumb":{"@id":"https:\/\/azurementsport.fr\/index.php\/2024\/10\/19\/ligue-1-las-monaco-manque-le-coche-face-a-lille\/#breadcrumb"},"inLanguage":"fr-FR","potentialAction":[{"@type":"ReadAction","target":["https:\/\/azurementsport.fr\/index.php\/2024\/10\/19\/ligue-1-las-monaco-manque-le-coche-face-a-lille\/"]}]},{"@type":"ImageObject","inLanguage":"fr-FR","@id":"https:\/\/azurementsport.fr\/index.php\/2024\/10\/19\/ligue-1-las-monaco-manque-le-coche-face-a-lille\/#primaryimage","url":"https:\/\/azurementsport.fr\/wp-content\/uploads\/2024\/10\/IMG_3405-scaled.jpeg","contentUrl":"https:\/\/azurementsport.fr\/wp-content\/uploads\/2024\/10\/IMG_3405-scaled.jpeg","width":2560,"height":1701,"caption":"Monaco et Lille se sont quitt\u00e9s dos \u00e0 dos hier soir (0-0) \u00a9 Q.B"},{"@type":"BreadcrumbList","@id":"https:\/\/azurementsport.fr\/index.php\/2024\/10\/19\/ligue-1-las-monaco-manque-le-coche-face-a-lille\/#breadcrumb","itemListElement":[{"@type":"ListItem","position":1,"name":"Accueil","item":"https:\/\/azurementsport.fr\/"},{"@type":"ListItem","position":2,"name":"Ligue 1 : L&rsquo;AS Monaco manque le coche face \u00e0 Lille"}]},{"@type":"WebSite","@id":"https:\/\/azurementsport.fr\/#website","url":"https:\/\/azurementsport.fr\/","name":"Azurement Sport","description":"Toute l&#039;actualit\u00e9 sportive de la C\u00f4te d&#039;Azur","publisher":{"@id":"https:\/\/azurementsport.fr\/#organization"},"potentialAction":[{"@type":"SearchAction","target":{"@type":"EntryPoint","urlTemplate":"https:\/\/azurementsport.fr\/?s={search_term_string}"},"query-input":{"@type":"PropertyValueSpecification","valueRequired":true,"valueName":"search_term_string"}}],"inLanguage":"fr-FR"},{"@type":"Organization","@id":"https:\/\/azurementsport.fr\/#organization","name":"Azurement Sport","url":"https:\/\/azurementsport.fr\/","logo":{"@type":"ImageObject","inLanguage":"fr-FR","@id":"https:\/\/azurementsport.fr\/#\/schema\/logo\/image\/","url":"https:\/\/azurementsport.fr\/wp-content\/uploads\/2024\/05\/cropped-cropped-AZUREMENT_SPORT__1_-removebg-preview.png","contentUrl":"https:\/\/azurementsport.fr\/wp-content\/uploads\/2024\/05\/cropped-cropped-AZUREMENT_SPORT__1_-removebg-preview.png","width":500,"height":224,"caption":"Azurement Sport"},"image":{"@id":"https:\/\/azurementsport.fr\/#\/schema\/logo\/image\/"}},{"@type":"Person","@id":"https:\/\/azurementsport.fr\/#\/schema\/person\/bde18bf25893b2da2f70aa0e69fa7081","name":"Azurement Sport","image":{"@type":"ImageObject","inLanguage":"fr-FR","@id":"https:\/\/azurementsport.fr\/#\/schema\/person\/image\/","url":"https:\/\/secure.gravatar.com\/avatar\/6ac2f8b3453d709891d9b248de3f290cee35f005edbe13d94d6fb2c1b54e4fbd?s=96&d=mm&r=g","contentUrl":"https:\/\/secure.gravatar.com\/avatar\/6ac2f8b3453d709891d9b248de3f290cee35f005edbe13d94d6fb2c1b54e4fbd?s=96&d=mm&r=g","caption":"Azurement Sport"},"sameAs":["http:\/\/azurementsport.fr"],"url":"https:\/\/azurementsport.fr\/index.php\/author\/admin3210\/"}]}},"jetpack_featured_media_url":"https:\/\/azurementsport.fr\/wp-content\/uploads\/2024\/10\/IMG_3405-scaled.jpeg","jetpack_sharing_enabled":true,"jetpack-related-posts":[],"_links":{"self":[{"href":"https:\/\/azurementsport.fr\/index.php\/wp-json\/wp\/v2\/posts\/762","targetHints":{"allow":["GET"]}}],"collection":[{"href":"https:\/\/azurementsport.fr\/index.php\/wp-json\/wp\/v2\/posts"}],"about":[{"href":"https:\/\/azurementsport.fr\/index.php\/wp-json\/wp\/v2\/types\/post"}],"author":[{"embeddable":true,"href":"https:\/\/azurementsport.fr\/index.php\/wp-json\/wp\/v2\/users\/1"}],"replies":[{"embeddable":true,"href":"https:\/\/azurementsport.fr\/index.php\/wp-json\/wp\/v2\/comments?post=762"}],"version-history":[{"count":1,"href":"https:\/\/azurementsport.fr\/index.php\/wp-json\/wp\/v2\/posts\/762\/revisions"}],"predecessor-version":[{"id":764,"href":"https:\/\/azurementsport.fr\/index.php\/wp-json\/wp\/v2\/posts\/762\/revisions\/764"}],"wp:featuredmedia":[{"embeddable":true,"href":"https:\/\/azurementsport.fr\/index.php\/wp-json\/wp\/v2\/media\/763"}],"wp:attachment":[{"href":"https:\/\/azurementsport.fr\/index.php\/wp-json\/wp\/v2\/media?parent=762"}],"wp:term":[{"taxonomy":"category","embeddable":true,"href":"https:\/\/azurementsport.fr\/index.php\/wp-json\/wp\/v2\/categories?post=762"},{"taxonomy":"post_tag","embeddable":true,"href":"https:\/\/azurementsport.fr\/index.php\/wp-json\/wp\/v2\/tags?post=762"}],"curies":[{"name":"wp","href":"https:\/\/api.w.org\/{rel}","templated":true}]}}