{"id":792,"date":"2024-10-30T11:50:52","date_gmt":"2024-10-30T10:50:52","guid":{"rendered":"https:\/\/azurementsport.fr\/?p=792"},"modified":"2024-11-01T13:02:10","modified_gmt":"2024-11-01T12:02:10","slug":"laura-flessel-colovic-presider-les-sportel-awards-2024-cest-un-plaisir-mais-aussi-une-responsabilite","status":"publish","type":"post","link":"https:\/\/azurementsport.fr\/index.php\/2024\/10\/30\/laura-flessel-colovic-presider-les-sportel-awards-2024-cest-un-plaisir-mais-aussi-une-responsabilite\/","title":{"rendered":"Laura Flessel-Colovic : \u201cPr\u00e9sider les Sportel Awards 2024, c\u2019est un plaisir mais aussi une responsabilit\u00e9\u201d"},"content":{"rendered":"\n<p><strong>Cette semaine, les Sportel Awards ont pris possession du Grimaldi Forum \u00e0 Monaco. Moment fort de la sc\u00e8ne m\u00e9diatique, l\u2019\u00e9v\u00e9nement a r\u00e9compens\u00e9 les plus belles images sportives de l\u2019ann\u00e9e \u00e9coul\u00e9e. Pour pr\u00e9sider cette 35e \u00e9dition, l\u2019organisation a fait appel \u00e0 la double championne olympique 1996 d\u2019\u00e9p\u00e9e, Laura Flessel-Colovic. Une responsabilit\u00e9 <em>\u201cexcitante et passionnante\u201d<\/em> pour celle qui a \u00e9t\u00e9 Ministre des Sports entre 2017 et 2018.<\/strong><\/p>\n\n\n\n<p><strong>Comment avez-vous accueilli ce r\u00f4le de pr\u00e9sidente de jury des Sportel Awards ?<\/strong><\/p>\n\n\n\n<p>Je dirais avec plaisir. On sort des Jeux olympiques et paralympiques et j\u2019ai connu le Sportel deux autres fois. C\u2019est un vrai plaisir de se dire que gr\u00e2ce \u00e0 la cuv\u00e9e 2024 du Sportel on a encore \u00e9cum\u00e9 de belles images et nous nous sommes plong\u00e9s dans les beaux souvenirs de Paris 2024. Sans rien cacher, c\u2019est un plaisir avant tout mais aussi une responsabilit\u00e9.<\/p>\n\n\n\n<p><strong>Vous aviez d\u00e9j\u00e0 occup\u00e9 le r\u00f4le de pr\u00e9sidente de jury ?<\/strong><\/p>\n\n\n\n<p>Pas pour le Sportel, mais pour d\u2019autres \u00e9v\u00e9nements oui. Connaissant la puissance du Sportel, c\u2019\u00e9tait une petite excitation de pouvoir d\u00e9couvrir tous les documentaires en comp\u00e9tition. Pendant deux jours, le jury et moi avons beaucoup travaill\u00e9 pour que la c\u00e9r\u00e9monie se passe \u00e0 merveille.<\/p>\n\n\n\n<blockquote class=\"wp-block-quote is-layout-flow wp-block-quote-is-layout-flow\">\n<p class=\"has-text-align-left has-vivid-red-color has-text-color has-link-color has-medium-font-size wp-elements-aae620cfbd1a1f11fd5816b5b8cdf9d9\"><strong>\u00ab\u00a0Cette \u00e9dition 2024 des Sportel Awards repr\u00e9sente l\u2019inclusion<\/strong> \u00bb<\/p>\n<\/blockquote>\n\n\n\n<p><strong>C\u2019\u00e9tait justement un jury d\u2019exception\u2026<\/strong><\/p>\n\n\n\n<p>Oui avec de grands noms du sport fran\u00e7ais (Florent Pietrus, Jackson Richardson), du monde de la publicit\u00e9, de la production. Je pense que cette \u00e9dition 2024 des Sportel Awards repr\u00e9sente l\u2019inclusion. C\u2019est pourquoi parmi le jury nous avons \u00e9galement notre championne paralympique de tennis-fauteuil, Pauline D\u00e9roul\u00e8de. Vraiment nous \u00e9tions \u00e9clectiques. Nous avons visionn\u00e9 23 documentaires en un peu plus de 48 heures et port\u00e9 attention \u00e0 la culture autour de huit pays. Pr\u00e9sider ce jury, c&rsquo;\u00e9tait un challenge vraiment excitant et passionnant.<\/p>\n\n\n\n<p><strong>Les Sportel Awards r\u00e9compensent les images sportives de l\u2019ann\u00e9e. Quelle est l\u2019image que vous garderez en t\u00eate de cette ann\u00e9e 2024, riche en sport et en grands moments ?<\/strong><\/p>\n\n\n\n<p>Le c\u00f4t\u00e9 inclusif. Ce que je retiens c\u2019est la ferveur populaire qui a brill\u00e9 et tout le peuple fran\u00e7ais qui a accompagn\u00e9 nos champions avec la \u201c<em>Marseillaise<\/em>\u201d qui r\u00e9sonnait partout. Ce n\u2019est pas une image que je retiendrai mais une chanson, notre hymne.<\/p>\n\n\n\n<blockquote class=\"wp-block-quote is-layout-flow wp-block-quote-is-layout-flow\">\n<p class=\"has-text-align-left has-vivid-red-color has-text-color has-link-color has-medium-font-size wp-elements-d4b4f8247394cf957ac927c1e0076dcd\">\u00ab\u00a0<strong>Garder un h\u00e9ritage important des Jeux est une des solutions pour amener la paix sur le territoire<\/strong> \u00bb<\/p>\n<\/blockquote>\n\n\n\n<p><strong>Preuve que les Jeux olympiques et paralympiques ont \u00e9t\u00e9 un v\u00e9ritable succ\u00e8s.<\/strong><\/p>\n\n\n\n<p>Bien plus que ce que l\u2019on avait pr\u00e9vu et imagin\u00e9. On nous attendait au tournant et on a su faire des Jeux \u00e9cologiques, populaires et avec de l\u2019excellence. On a montr\u00e9 aux mondes olympique et paralympique qu\u2019ils pouvaient compter sur nous. Maintenant il faut regarder vers le futur et ce futur c\u2019est l\u2019h\u00e9ritage mais aussi les Jeux d\u2019hiver de 2030 (<em>organis\u00e9s dans les Alpes fran\u00e7aises avec des \u00e9preuves \u00e0 Nice, NDLR)<\/em>. Le Sportel c\u2019est une piq\u00fbre de rappel pour valoriser et mettre en image les personnalit\u00e9s, les \u00e9v\u00e9nements et les projets.<\/p>\n\n\n\n<p><strong>En tant que double championne olympique, quintuple m\u00e9daill\u00e9e, faire perdurer cet \u00e9lan olympique doit vous tenir \u00e0 c\u0153ur.<\/strong><\/p>\n\n\n\n<p>Lorsqu\u2019on parle de sport, on parle de savoir-faire et de savoir-\u00eatre. Gr\u00e2ce \u00e0 l\u2019h\u00e9ritage des Jeux, on parle de savoir devenir, de g\u00e9opolitique, d\u2019\u00e9conomie, d\u2019inclusion sociale. Garder un h\u00e9ritage important de l\u2019olympisme est, je pense, une des solutions pour amener la paix sur le territoire. Sans \u00eatre utopique, c\u2019est un vecteur sous-utilis\u00e9, que l\u2019on pourrait utiliser sans mod\u00e9ration.<\/p>\n\n\n\n<p class=\"has-text-align-right\"><strong>Propos recueillis par Quentin Barbaza<\/strong><\/p>\n\n\n\n<p><\/p>\n","protected":false},"excerpt":{"rendered":"<p>Cette semaine, les Sportel Awards ont pris possession du Grimaldi Forum \u00e0 Monaco. Moment fort de la sc\u00e8ne m\u00e9diatique, l\u2019\u00e9v\u00e9nement&hellip;<\/p>\n","protected":false},"author":1,"featured_media":794,"comment_status":"open","ping_status":"open","sticky":false,"template":"","format":"standard","meta":{"_jetpack_memberships_contains_paid_content":false,"footnotes":""},"categories":[1],"tags":[139,219,458,457,456,45,227,459,453,454,455],"class_list":["post-792","post","type-post","status-publish","format-standard","has-post-thumbnail","hentry","category-autres-sports","tag-grimaldi-forum","tag-jeux-olympiques","tag-jeux-paralympiques","tag-laura-flesse-colovic","tag-laura-flessel","tag-monaco","tag-paris-2024","tag-pauline-deroulede","tag-sportel","tag-sportel-2024","tag-sportel-awards"],"yoast_head":"<!-- This site is optimized with the Yoast SEO plugin v24.5 - https:\/\/yoast.com\/wordpress\/plugins\/seo\/ -->\n<title>Laura Flessel-Colovic : \u201cPr\u00e9sider les Sportel Awards 2024, c\u2019est un plaisir mais aussi une responsabilit\u00e9\u201d - Azurement Sport<\/title>\n<meta name=\"robots\" content=\"index, follow, max-snippet:-1, max-image-preview:large, max-video-preview:-1\" \/>\n<link rel=\"canonical\" href=\"https:\/\/azurementsport.fr\/index.php\/2024\/10\/30\/laura-flessel-colovic-presider-les-sportel-awards-2024-cest-un-plaisir-mais-aussi-une-responsabilite\/\" \/>\n<meta property=\"og:locale\" content=\"fr_FR\" \/>\n<meta property=\"og:type\" content=\"article\" \/>\n<meta property=\"og:title\" content=\"Laura Flessel-Colovic : \u201cPr\u00e9sider les Sportel Awards 2024, c\u2019est un plaisir mais aussi une responsabilit\u00e9\u201d - Azurement Sport\" \/>\n<meta property=\"og:description\" content=\"Cette semaine, les Sportel Awards ont pris possession du Grimaldi Forum \u00e0 Monaco. Moment fort de la sc\u00e8ne m\u00e9diatique, l\u2019\u00e9v\u00e9nement&hellip;\" \/>\n<meta property=\"og:url\" content=\"https:\/\/azurementsport.fr\/index.php\/2024\/10\/30\/laura-flessel-colovic-presider-les-sportel-awards-2024-cest-un-plaisir-mais-aussi-une-responsabilite\/\" \/>\n<meta property=\"og:site_name\" content=\"Azurement Sport\" \/>\n<meta property=\"article:published_time\" content=\"2024-10-30T10:50:52+00:00\" \/>\n<meta property=\"article:modified_time\" content=\"2024-11-01T12:02:10+00:00\" \/>\n<meta property=\"og:image\" content=\"https:\/\/azurementsport.fr\/wp-content\/uploads\/2024\/10\/IMG_3775.jpg\" \/>\n\t<meta property=\"og:image:width\" content=\"1145\" \/>\n\t<meta property=\"og:image:height\" content=\"644\" \/>\n\t<meta property=\"og:image:type\" content=\"image\/jpeg\" \/>\n<meta name=\"author\" content=\"Azurement Sport\" \/>\n<meta name=\"twitter:card\" content=\"summary_large_image\" \/>\n<meta name=\"twitter:label1\" content=\"\u00c9crit par\" \/>\n\t<meta name=\"twitter:data1\" content=\"Azurement Sport\" \/>\n\t<meta name=\"twitter:label2\" content=\"Dur\u00e9e de lecture estim\u00e9e\" \/>\n\t<meta name=\"twitter:data2\" content=\"3 minutes\" \/>\n<script type=\"application\/ld+json\" class=\"yoast-schema-graph\">{\"@context\":\"https:\/\/schema.org\",\"@graph\":[{\"@type\":\"Article\",\"@id\":\"https:\/\/azurementsport.fr\/index.php\/2024\/10\/30\/laura-flessel-colovic-presider-les-sportel-awards-2024-cest-un-plaisir-mais-aussi-une-responsabilite\/#article\",\"isPartOf\":{\"@id\":\"https:\/\/azurementsport.fr\/index.php\/2024\/10\/30\/laura-flessel-colovic-presider-les-sportel-awards-2024-cest-un-plaisir-mais-aussi-une-responsabilite\/\"},\"author\":{\"name\":\"Azurement Sport\",\"@id\":\"https:\/\/azurementsport.fr\/#\/schema\/person\/bde18bf25893b2da2f70aa0e69fa7081\"},\"headline\":\"Laura Flessel-Colovic : \u201cPr\u00e9sider les Sportel Awards 2024, c\u2019est un plaisir mais aussi une responsabilit\u00e9\u201d\",\"datePublished\":\"2024-10-30T10:50:52+00:00\",\"dateModified\":\"2024-11-01T12:02:10+00:00\",\"mainEntityOfPage\":{\"@id\":\"https:\/\/azurementsport.fr\/index.php\/2024\/10\/30\/laura-flessel-colovic-presider-les-sportel-awards-2024-cest-un-plaisir-mais-aussi-une-responsabilite\/\"},\"wordCount\":645,\"commentCount\":0,\"publisher\":{\"@id\":\"https:\/\/azurementsport.fr\/#organization\"},\"image\":{\"@id\":\"https:\/\/azurementsport.fr\/index.php\/2024\/10\/30\/laura-flessel-colovic-presider-les-sportel-awards-2024-cest-un-plaisir-mais-aussi-une-responsabilite\/#primaryimage\"},\"thumbnailUrl\":\"https:\/\/azurementsport.fr\/wp-content\/uploads\/2024\/10\/IMG_3775.jpg\",\"keywords\":[\"Grimaldi Forum\",\"Jeux Olympiques\",\"Jeux Paralympiques\",\"Laura Flesse-Colovic\",\"Laura Flessel\",\"Monaco\",\"Paris 2024\",\"Pauline D\u00e9roul\u00e8de\",\"Sportel\",\"Sportel 2024\",\"Sportel Awards\"],\"articleSection\":[\"Autres sports\"],\"inLanguage\":\"fr-FR\",\"potentialAction\":[{\"@type\":\"CommentAction\",\"name\":\"Comment\",\"target\":[\"https:\/\/azurementsport.fr\/index.php\/2024\/10\/30\/laura-flessel-colovic-presider-les-sportel-awards-2024-cest-un-plaisir-mais-aussi-une-responsabilite\/#respond\"]}]},{\"@type\":\"WebPage\",\"@id\":\"https:\/\/azurementsport.fr\/index.php\/2024\/10\/30\/laura-flessel-colovic-presider-les-sportel-awards-2024-cest-un-plaisir-mais-aussi-une-responsabilite\/\",\"url\":\"https:\/\/azurementsport.fr\/index.php\/2024\/10\/30\/laura-flessel-colovic-presider-les-sportel-awards-2024-cest-un-plaisir-mais-aussi-une-responsabilite\/\",\"name\":\"Laura Flessel-Colovic : \u201cPr\u00e9sider les Sportel Awards 2024, c\u2019est un plaisir mais aussi une responsabilit\u00e9\u201d - Azurement Sport\",\"isPartOf\":{\"@id\":\"https:\/\/azurementsport.fr\/#website\"},\"primaryImageOfPage\":{\"@id\":\"https:\/\/azurementsport.fr\/index.php\/2024\/10\/30\/laura-flessel-colovic-presider-les-sportel-awards-2024-cest-un-plaisir-mais-aussi-une-responsabilite\/#primaryimage\"},\"image\":{\"@id\":\"https:\/\/azurementsport.fr\/index.php\/2024\/10\/30\/laura-flessel-colovic-presider-les-sportel-awards-2024-cest-un-plaisir-mais-aussi-une-responsabilite\/#primaryimage\"},\"thumbnailUrl\":\"https:\/\/azurementsport.fr\/wp-content\/uploads\/2024\/10\/IMG_3775.jpg\",\"datePublished\":\"2024-10-30T10:50:52+00:00\",\"dateModified\":\"2024-11-01T12:02:10+00:00\",\"breadcrumb\":{\"@id\":\"https:\/\/azurementsport.fr\/index.php\/2024\/10\/30\/laura-flessel-colovic-presider-les-sportel-awards-2024-cest-un-plaisir-mais-aussi-une-responsabilite\/#breadcrumb\"},\"inLanguage\":\"fr-FR\",\"potentialAction\":[{\"@type\":\"ReadAction\",\"target\":[\"https:\/\/azurementsport.fr\/index.php\/2024\/10\/30\/laura-flessel-colovic-presider-les-sportel-awards-2024-cest-un-plaisir-mais-aussi-une-responsabilite\/\"]}]},{\"@type\":\"ImageObject\",\"inLanguage\":\"fr-FR\",\"@id\":\"https:\/\/azurementsport.fr\/index.php\/2024\/10\/30\/laura-flessel-colovic-presider-les-sportel-awards-2024-cest-un-plaisir-mais-aussi-une-responsabilite\/#primaryimage\",\"url\":\"https:\/\/azurementsport.fr\/wp-content\/uploads\/2024\/10\/IMG_3775.jpg\",\"contentUrl\":\"https:\/\/azurementsport.fr\/wp-content\/uploads\/2024\/10\/IMG_3775.jpg\",\"width\":1145,\"height\":644,\"caption\":\"Laura Flessel-Colovic a pr\u00e9sid\u00e9 le jury des Sportel Awards 2024 \u00e0 Monaco \u00a9 Q.B\"},{\"@type\":\"BreadcrumbList\",\"@id\":\"https:\/\/azurementsport.fr\/index.php\/2024\/10\/30\/laura-flessel-colovic-presider-les-sportel-awards-2024-cest-un-plaisir-mais-aussi-une-responsabilite\/#breadcrumb\",\"itemListElement\":[{\"@type\":\"ListItem\",\"position\":1,\"name\":\"Accueil\",\"item\":\"https:\/\/azurementsport.fr\/\"},{\"@type\":\"ListItem\",\"position\":2,\"name\":\"Laura Flessel-Colovic : \u201cPr\u00e9sider les Sportel Awards 2024, c\u2019est un plaisir mais aussi une responsabilit\u00e9\u201d\"}]},{\"@type\":\"WebSite\",\"@id\":\"https:\/\/azurementsport.fr\/#website\",\"url\":\"https:\/\/azurementsport.fr\/\",\"name\":\"Azurement Sport\",\"description\":\"Toute l&#039;actualit\u00e9 sportive de la C\u00f4te d&#039;Azur\",\"publisher\":{\"@id\":\"https:\/\/azurementsport.fr\/#organization\"},\"potentialAction\":[{\"@type\":\"SearchAction\",\"target\":{\"@type\":\"EntryPoint\",\"urlTemplate\":\"https:\/\/azurementsport.fr\/?s={search_term_string}\"},\"query-input\":{\"@type\":\"PropertyValueSpecification\",\"valueRequired\":true,\"valueName\":\"search_term_string\"}}],\"inLanguage\":\"fr-FR\"},{\"@type\":\"Organization\",\"@id\":\"https:\/\/azurementsport.fr\/#organization\",\"name\":\"Azurement Sport\",\"url\":\"https:\/\/azurementsport.fr\/\",\"logo\":{\"@type\":\"ImageObject\",\"inLanguage\":\"fr-FR\",\"@id\":\"https:\/\/azurementsport.fr\/#\/schema\/logo\/image\/\",\"url\":\"https:\/\/azurementsport.fr\/wp-content\/uploads\/2024\/05\/cropped-cropped-AZUREMENT_SPORT__1_-removebg-preview.png\",\"contentUrl\":\"https:\/\/azurementsport.fr\/wp-content\/uploads\/2024\/05\/cropped-cropped-AZUREMENT_SPORT__1_-removebg-preview.png\",\"width\":500,\"height\":224,\"caption\":\"Azurement Sport\"},\"image\":{\"@id\":\"https:\/\/azurementsport.fr\/#\/schema\/logo\/image\/\"}},{\"@type\":\"Person\",\"@id\":\"https:\/\/azurementsport.fr\/#\/schema\/person\/bde18bf25893b2da2f70aa0e69fa7081\",\"name\":\"Azurement Sport\",\"image\":{\"@type\":\"ImageObject\",\"inLanguage\":\"fr-FR\",\"@id\":\"https:\/\/azurementsport.fr\/#\/schema\/person\/image\/\",\"url\":\"https:\/\/secure.gravatar.com\/avatar\/6ac2f8b3453d709891d9b248de3f290cee35f005edbe13d94d6fb2c1b54e4fbd?s=96&d=mm&r=g\",\"contentUrl\":\"https:\/\/secure.gravatar.com\/avatar\/6ac2f8b3453d709891d9b248de3f290cee35f005edbe13d94d6fb2c1b54e4fbd?s=96&d=mm&r=g\",\"caption\":\"Azurement Sport\"},\"sameAs\":[\"http:\/\/azurementsport.fr\"],\"url\":\"https:\/\/azurementsport.fr\/index.php\/author\/admin3210\/\"}]}<\/script>\n<!-- \/ Yoast SEO plugin. -->","yoast_head_json":{"title":"Laura Flessel-Colovic : \u201cPr\u00e9sider les Sportel Awards 2024, c\u2019est un plaisir mais aussi une responsabilit\u00e9\u201d - Azurement Sport","robots":{"index":"index","follow":"follow","max-snippet":"max-snippet:-1","max-image-preview":"max-image-preview:large","max-video-preview":"max-video-preview:-1"},"canonical":"https:\/\/azurementsport.fr\/index.php\/2024\/10\/30\/laura-flessel-colovic-presider-les-sportel-awards-2024-cest-un-plaisir-mais-aussi-une-responsabilite\/","og_locale":"fr_FR","og_type":"article","og_title":"Laura Flessel-Colovic : \u201cPr\u00e9sider les Sportel Awards 2024, c\u2019est un plaisir mais aussi une responsabilit\u00e9\u201d - Azurement Sport","og_description":"Cette semaine, les Sportel Awards ont pris possession du Grimaldi Forum \u00e0 Monaco. Moment fort de la sc\u00e8ne m\u00e9diatique, l\u2019\u00e9v\u00e9nement&hellip;","og_url":"https:\/\/azurementsport.fr\/index.php\/2024\/10\/30\/laura-flessel-colovic-presider-les-sportel-awards-2024-cest-un-plaisir-mais-aussi-une-responsabilite\/","og_site_name":"Azurement Sport","article_published_time":"2024-10-30T10:50:52+00:00","article_modified_time":"2024-11-01T12:02:10+00:00","og_image":[{"width":1145,"height":644,"url":"https:\/\/azurementsport.fr\/wp-content\/uploads\/2024\/10\/IMG_3775.jpg","type":"image\/jpeg"}],"author":"Azurement Sport","twitter_card":"summary_large_image","twitter_misc":{"\u00c9crit par":"Azurement Sport","Dur\u00e9e de lecture estim\u00e9e":"3 minutes"},"schema":{"@context":"https:\/\/schema.org","@graph":[{"@type":"Article","@id":"https:\/\/azurementsport.fr\/index.php\/2024\/10\/30\/laura-flessel-colovic-presider-les-sportel-awards-2024-cest-un-plaisir-mais-aussi-une-responsabilite\/#article","isPartOf":{"@id":"https:\/\/azurementsport.fr\/index.php\/2024\/10\/30\/laura-flessel-colovic-presider-les-sportel-awards-2024-cest-un-plaisir-mais-aussi-une-responsabilite\/"},"author":{"name":"Azurement Sport","@id":"https:\/\/azurementsport.fr\/#\/schema\/person\/bde18bf25893b2da2f70aa0e69fa7081"},"headline":"Laura Flessel-Colovic : \u201cPr\u00e9sider les Sportel Awards 2024, c\u2019est un plaisir mais aussi une responsabilit\u00e9\u201d","datePublished":"2024-10-30T10:50:52+00:00","dateModified":"2024-11-01T12:02:10+00:00","mainEntityOfPage":{"@id":"https:\/\/azurementsport.fr\/index.php\/2024\/10\/30\/laura-flessel-colovic-presider-les-sportel-awards-2024-cest-un-plaisir-mais-aussi-une-responsabilite\/"},"wordCount":645,"commentCount":0,"publisher":{"@id":"https:\/\/azurementsport.fr\/#organization"},"image":{"@id":"https:\/\/azurementsport.fr\/index.php\/2024\/10\/30\/laura-flessel-colovic-presider-les-sportel-awards-2024-cest-un-plaisir-mais-aussi-une-responsabilite\/#primaryimage"},"thumbnailUrl":"https:\/\/azurementsport.fr\/wp-content\/uploads\/2024\/10\/IMG_3775.jpg","keywords":["Grimaldi Forum","Jeux Olympiques","Jeux Paralympiques","Laura Flesse-Colovic","Laura Flessel","Monaco","Paris 2024","Pauline D\u00e9roul\u00e8de","Sportel","Sportel 2024","Sportel Awards"],"articleSection":["Autres sports"],"inLanguage":"fr-FR","potentialAction":[{"@type":"CommentAction","name":"Comment","target":["https:\/\/azurementsport.fr\/index.php\/2024\/10\/30\/laura-flessel-colovic-presider-les-sportel-awards-2024-cest-un-plaisir-mais-aussi-une-responsabilite\/#respond"]}]},{"@type":"WebPage","@id":"https:\/\/azurementsport.fr\/index.php\/2024\/10\/30\/laura-flessel-colovic-presider-les-sportel-awards-2024-cest-un-plaisir-mais-aussi-une-responsabilite\/","url":"https:\/\/azurementsport.fr\/index.php\/2024\/10\/30\/laura-flessel-colovic-presider-les-sportel-awards-2024-cest-un-plaisir-mais-aussi-une-responsabilite\/","name":"Laura Flessel-Colovic : \u201cPr\u00e9sider les Sportel Awards 2024, c\u2019est un plaisir mais aussi une responsabilit\u00e9\u201d - Azurement Sport","isPartOf":{"@id":"https:\/\/azurementsport.fr\/#website"},"primaryImageOfPage":{"@id":"https:\/\/azurementsport.fr\/index.php\/2024\/10\/30\/laura-flessel-colovic-presider-les-sportel-awards-2024-cest-un-plaisir-mais-aussi-une-responsabilite\/#primaryimage"},"image":{"@id":"https:\/\/azurementsport.fr\/index.php\/2024\/10\/30\/laura-flessel-colovic-presider-les-sportel-awards-2024-cest-un-plaisir-mais-aussi-une-responsabilite\/#primaryimage"},"thumbnailUrl":"https:\/\/azurementsport.fr\/wp-content\/uploads\/2024\/10\/IMG_3775.jpg","datePublished":"2024-10-30T10:50:52+00:00","dateModified":"2024-11-01T12:02:10+00:00","breadcrumb":{"@id":"https:\/\/azurementsport.fr\/index.php\/2024\/10\/30\/laura-flessel-colovic-presider-les-sportel-awards-2024-cest-un-plaisir-mais-aussi-une-responsabilite\/#breadcrumb"},"inLanguage":"fr-FR","potentialAction":[{"@type":"ReadAction","target":["https:\/\/azurementsport.fr\/index.php\/2024\/10\/30\/laura-flessel-colovic-presider-les-sportel-awards-2024-cest-un-plaisir-mais-aussi-une-responsabilite\/"]}]},{"@type":"ImageObject","inLanguage":"fr-FR","@id":"https:\/\/azurementsport.fr\/index.php\/2024\/10\/30\/laura-flessel-colovic-presider-les-sportel-awards-2024-cest-un-plaisir-mais-aussi-une-responsabilite\/#primaryimage","url":"https:\/\/azurementsport.fr\/wp-content\/uploads\/2024\/10\/IMG_3775.jpg","contentUrl":"https:\/\/azurementsport.fr\/wp-content\/uploads\/2024\/10\/IMG_3775.jpg","width":1145,"height":644,"caption":"Laura Flessel-Colovic a pr\u00e9sid\u00e9 le jury des Sportel Awards 2024 \u00e0 Monaco \u00a9 Q.B"},{"@type":"BreadcrumbList","@id":"https:\/\/azurementsport.fr\/index.php\/2024\/10\/30\/laura-flessel-colovic-presider-les-sportel-awards-2024-cest-un-plaisir-mais-aussi-une-responsabilite\/#breadcrumb","itemListElement":[{"@type":"ListItem","position":1,"name":"Accueil","item":"https:\/\/azurementsport.fr\/"},{"@type":"ListItem","position":2,"name":"Laura Flessel-Colovic : \u201cPr\u00e9sider les Sportel Awards 2024, c\u2019est un plaisir mais aussi une responsabilit\u00e9\u201d"}]},{"@type":"WebSite","@id":"https:\/\/azurementsport.fr\/#website","url":"https:\/\/azurementsport.fr\/","name":"Azurement Sport","description":"Toute l&#039;actualit\u00e9 sportive de la C\u00f4te d&#039;Azur","publisher":{"@id":"https:\/\/azurementsport.fr\/#organization"},"potentialAction":[{"@type":"SearchAction","target":{"@type":"EntryPoint","urlTemplate":"https:\/\/azurementsport.fr\/?s={search_term_string}"},"query-input":{"@type":"PropertyValueSpecification","valueRequired":true,"valueName":"search_term_string"}}],"inLanguage":"fr-FR"},{"@type":"Organization","@id":"https:\/\/azurementsport.fr\/#organization","name":"Azurement Sport","url":"https:\/\/azurementsport.fr\/","logo":{"@type":"ImageObject","inLanguage":"fr-FR","@id":"https:\/\/azurementsport.fr\/#\/schema\/logo\/image\/","url":"https:\/\/azurementsport.fr\/wp-content\/uploads\/2024\/05\/cropped-cropped-AZUREMENT_SPORT__1_-removebg-preview.png","contentUrl":"https:\/\/azurementsport.fr\/wp-content\/uploads\/2024\/05\/cropped-cropped-AZUREMENT_SPORT__1_-removebg-preview.png","width":500,"height":224,"caption":"Azurement Sport"},"image":{"@id":"https:\/\/azurementsport.fr\/#\/schema\/logo\/image\/"}},{"@type":"Person","@id":"https:\/\/azurementsport.fr\/#\/schema\/person\/bde18bf25893b2da2f70aa0e69fa7081","name":"Azurement Sport","image":{"@type":"ImageObject","inLanguage":"fr-FR","@id":"https:\/\/azurementsport.fr\/#\/schema\/person\/image\/","url":"https:\/\/secure.gravatar.com\/avatar\/6ac2f8b3453d709891d9b248de3f290cee35f005edbe13d94d6fb2c1b54e4fbd?s=96&d=mm&r=g","contentUrl":"https:\/\/secure.gravatar.com\/avatar\/6ac2f8b3453d709891d9b248de3f290cee35f005edbe13d94d6fb2c1b54e4fbd?s=96&d=mm&r=g","caption":"Azurement Sport"},"sameAs":["http:\/\/azurementsport.fr"],"url":"https:\/\/azurementsport.fr\/index.php\/author\/admin3210\/"}]}},"jetpack_featured_media_url":"https:\/\/azurementsport.fr\/wp-content\/uploads\/2024\/10\/IMG_3775.jpg","jetpack_sharing_enabled":true,"jetpack-related-posts":[],"_links":{"self":[{"href":"https:\/\/azurementsport.fr\/index.php\/wp-json\/wp\/v2\/posts\/792","targetHints":{"allow":["GET"]}}],"collection":[{"href":"https:\/\/azurementsport.fr\/index.php\/wp-json\/wp\/v2\/posts"}],"about":[{"href":"https:\/\/azurementsport.fr\/index.php\/wp-json\/wp\/v2\/types\/post"}],"author":[{"embeddable":true,"href":"https:\/\/azurementsport.fr\/index.php\/wp-json\/wp\/v2\/users\/1"}],"replies":[{"embeddable":true,"href":"https:\/\/azurementsport.fr\/index.php\/wp-json\/wp\/v2\/comments?post=792"}],"version-history":[{"count":8,"href":"https:\/\/azurementsport.fr\/index.php\/wp-json\/wp\/v2\/posts\/792\/revisions"}],"predecessor-version":[{"id":810,"href":"https:\/\/azurementsport.fr\/index.php\/wp-json\/wp\/v2\/posts\/792\/revisions\/810"}],"wp:featuredmedia":[{"embeddable":true,"href":"https:\/\/azurementsport.fr\/index.php\/wp-json\/wp\/v2\/media\/794"}],"wp:attachment":[{"href":"https:\/\/azurementsport.fr\/index.php\/wp-json\/wp\/v2\/media?parent=792"}],"wp:term":[{"taxonomy":"category","embeddable":true,"href":"https:\/\/azurementsport.fr\/index.php\/wp-json\/wp\/v2\/categories?post=792"},{"taxonomy":"post_tag","embeddable":true,"href":"https:\/\/azurementsport.fr\/index.php\/wp-json\/wp\/v2\/tags?post=792"}],"curies":[{"name":"wp","href":"https:\/\/api.w.org\/{rel}","templated":true}]}}