{"id":862,"date":"2024-11-16T14:03:48","date_gmt":"2024-11-16T13:03:48","guid":{"rendered":"https:\/\/azurementsport.fr\/?p=862"},"modified":"2024-11-16T16:48:23","modified_gmt":"2024-11-16T15:48:23","slug":"pro-d2-le-stade-nicois-tombe-sur-plus-fort","status":"publish","type":"post","link":"https:\/\/azurementsport.fr\/index.php\/2024\/11\/16\/pro-d2-le-stade-nicois-tombe-sur-plus-fort\/","title":{"rendered":"Pro D2 : Le Stade Ni\u00e7ois tomb\u00e9 sur plus fort"},"content":{"rendered":"\n<p><strong>Le Stade Ni\u00e7ois s&rsquo;incline en toute logique face au CA Brive (16-26). Cette quatri\u00e8me d\u00e9faite de suite pour les hommes d&rsquo;Alexandre Compan les fait passer lanterne rouge de Pro D2.<\/strong><\/p>\n\n\n\n<p>Lors des journ\u00e9es pr\u00e9c\u00e9dentes, les d\u00e9faites pouvaient \u00eatre frustrantes au vu des sc\u00e9narios proches de la victoire. Ce vendredi soir, le <strong>Stade Ni\u00e7ois<\/strong> est juste tomb\u00e9 sur un adversaire largement sup\u00e9rieur, \u00e0 savoir le <strong>CA Brive<\/strong>. <em>\u00ab\u00a0Aucune surprise\u00a0\u00bb<\/em> avoue l&rsquo;entra\u00eeneur <strong>Alexandre Compan<\/strong>. Beaucoup plus solides en conqu\u00eate notamment <strong>(7 touches vol\u00e9es)<\/strong>, les Corr\u00e9ziens ont profit\u00e9 de l&rsquo;<strong>inefficacit\u00e9 azur\u00e9enne en premi\u00e8re p\u00e9riode<\/strong> avant d&rsquo;acc\u00e9l\u00e9rer en seconde.<\/p>\n\n\n\n<p class=\"has-medium-font-size\"><strong>Savoir concr\u00e9tiser<\/strong><\/p>\n\n\n\n<p>Si regrets il y a, ils sont \u00e0 la mi-temps. Les Brivistes sont devants <strong>(9-11)<\/strong> mais les Ni\u00e7ois ont majoritairement occup\u00e9 le camp adverse, sans r\u00e9ussir \u00e0 franchir la ligne. Les p\u00e9nalit\u00e9s s&rsquo;encha\u00eenent entre les fautes au sol et les hors-jeu mais <strong>Tanguy M\u00e9noret, en grande difficult\u00e9<\/strong>, ne concr\u00e9tise pas <strong>(6 points loup\u00e9s)<\/strong>. Les Noir et Blanc, eux, marquent quasiment \u00e0 chaque fois qu&rsquo;ils entrent dans les 40 m\u00e8tres azur\u00e9ens. Le premier essai vient d&rsquo;une touche contr\u00e9e par <strong>Courtney Lawes<\/strong>. Le ballon arrive sur l&rsquo;aile oppos\u00e9e et <strong>Stuart Olding<\/strong> profite des <strong>trois plaquages rat\u00e9s<\/strong> successivement par Arthur Vignolles, Tom Daly et Tanguy M\u00e9noret pour offrir \u00e0 <strong>Mathis Fert\u00e9 son cinqui\u00e8me essai de la saison<\/strong> (27e).<\/p>\n\n\n\n<p class=\"has-medium-font-size\"><strong>Le craquage<\/strong><\/p>\n\n\n\n<p>Les <strong>entames de mi-temps sont importantes<\/strong> et \u00e7a, Brive le sait. Les Corr\u00e9ziens acc\u00e9l\u00e8rent, transpercent la d\u00e9fense et mettent plusieurs fois les Ni\u00e7ois \u00e0 la faute. <strong>Paul Auradou<\/strong> \u00e9cope d&rsquo;un carton jaune. Dans la foul\u00e9e, les Brivistes trouvent le d\u00e9calage par l&rsquo;interm\u00e9diaire de Mathis Fert\u00e9 qui transmet \u00e0 <strong>Benjamin Lefranc<\/strong> \u00e0 l&rsquo;int\u00e9rieur pour le deuxi\u00e8me essai. <strong>Hugo Verdu<\/strong> transforme (9-18, 45e) puis creuse encore l&rsquo;\u00e9cart (9-21, 54e).<\/p>\n\n\n\n<p>Nice n&rsquo;abdique pas et revient \u00e0 la charge avec ses avants. Deux mauls ravageurs sont coup\u00e9s illicitement par les hommes de <strong>Pierre-Henry Broncan<\/strong>. <strong>Asier Usarraga<\/strong> est sanctionn\u00e9 d&rsquo;un carton jaune. Le troisi\u00e8me group\u00e9 p\u00e9n\u00e9trant est le bon. Quelques temps de jeu plus tard, <strong>Bastien B\u00e9renguel<\/strong> franchit la ligne en force. Paul Auradou transforme (16-21, 65e).<\/p>\n\n\n\n<p class=\"has-medium-font-size\"><strong>\u00ab\u00a0\u00c9viter de faire des cadeaux\u00a0\u00bb<\/strong><\/p>\n\n\n\n<p>Mais apr\u00e8s un essai, il faut savoir ne pas r\u00e9encaisser en suivant. La sortie de camp est malheureusement pas bien n\u00e9goci\u00e9e. Sur une touche \u00e0 25 m\u00e8tres, <strong>L\u00e9o Carbonneau<\/strong> part en soliste dans le ferm\u00e9 et tape un jeu au pied pour lui-m\u00eame. Le rebond lui est favorable (16-26, 67e). Alexandre Compan le souligne : <em>\u00ab\u00a0Il faut absolument \u00e9viter de faire des cadeaux \u00e0 l&rsquo;adversaire. Parce que pour le coup, eux marquent beaucoup trop facilement. Nous, nous devons nous employer une fois de plus pour marquer en laissant beaucoup d&rsquo;\u00e9nergie\u00a0\u00bb<\/em>.<\/p>\n\n\n\n<p>Il ne reste plus qu&rsquo;un espoir pour Nice : le bonus d\u00e9fensif. Le premier bon lancement de jeu arrive \u00e0 la 75e minute et <strong>David Odiete<\/strong> transperce. Son homologue briviste <strong>Asaeli Tuivuaka<\/strong> fait un \u00e9norme retour en travers mais ne fait pas l&rsquo;effort de repasser par son camp pour gratter. L&rsquo;action est annihil\u00e9e \u00e0 cinq m\u00e8tres de la ligne et il \u00e9cope d&rsquo;un carton jaune. L&rsquo;ultime touche est vol\u00e9e par l&rsquo;alignement corr\u00e9zien <strong>(premier alignement de Pro D2)<\/strong>. Le score en reste l\u00e0 <strong>(16-26)<\/strong>.<\/p>\n\n\n\n<p><em>\u00ab\u00a0\u00c0 chaud il y a toujours de la frustration. La strat\u00e9gie \u00e9tait bonne mais les d\u00e9tails nous manquent\u00a0\u00bb<\/em>, regrette l&rsquo;ailier Simon Delas en apr\u00e8s-match. Place \u00e0 trois jours off pour nos Azur\u00e9ens avant de se pr\u00e9parer pour le <strong>gros d\u00e9placement \u00e0 Aix-en-Provence<\/strong>.<\/p>\n\n\n\n<p class=\"has-text-align-right\"><strong>Bastien Rague<\/strong><\/p>\n\n\n\n<hr class=\"wp-block-separator has-text-color has-vivid-red-color has-alpha-channel-opacity has-vivid-red-background-color has-background is-style-wide\"\/>\n\n\n\n<details class=\"wp-block-details has-black-color has-pale-pink-background-color has-text-color has-background has-link-color wp-elements-bfe482c4e2cc8b1de67a7ecd00549ef5 is-layout-flow wp-block-details-is-layout-flow\"><summary>NICE 16-26 BRIVE (MT 9-11)<br><br>Stade Marcel-Volot (\u00e0 Nice)<br>Arbitres : M.Caulier assist\u00e9 de MM. Bru et Boyer.<br><br>Pour Nice : 1 essai de Berenguel (65e), 1 transformation de Auradou (65e) et 3 p\u00e9nalit\u00e9s de M\u00e9noret (11e, 24e, 34e).<br><br>Pour Brive: 3 essais de Fert\u00e9 (27e), Lefranc (45e), Carbonneau (68e), 1 transformation de Verdu (46e) et 3 p\u00e9nalit\u00e9s de Verdu (8e, 16e, 54e)<br><br>Cartons jaunes : Auradou (43e), Usarraga (62e), Tuivuaka (75e)<br><br>\u00c9volution du score : 0-3, 3-3, 3-6, 6-6, 6-11, 9-11 (MT) 9-18, 9-21, 16-21, 16-26<br><br>NICE : Gigena (Martinez, 63e), Anga&rsquo;Aelangi (Idoumi, 63e), Ross (Ciancio, 63e) &#8211; Chartier (Freytes, 51e), Murday (cap.) (Chartier, 70\u2019) &#8211; Vignolles (Suaud, 50e), Taufua, (Smiler, 54e) Berenguel &#8211; Solinas (m) (Dufau, 63e), M\u00e9noret (o) &#8211; Delas, Daly, Courtade (Conduch\u00e9, 46e), Odiete &#8211; Auradou. Coach : Compan.<br><br>BRIVE : Abdaladze (Fraissenon, 51e), Hamel (Boudou, 51e), Van der Merwe (Coria Marchetti, 51e), Usarraga, Mikautadze (Delannoy, 63e) &#8211; Voisin (Lawes, 53e) Sadrugu (Vosayaco, 41e), Lawes (cap.) (Voisin, 71e) &#8211; Verdu (m) (Carbonneau, 56e), Olding (o) &#8211; Dridi, Johnson, Lefranc, Tuivuaka &#8211; Fert\u00e9. Coach : Broncan<\/summary><\/details>\n","protected":false},"excerpt":{"rendered":"<p>Le Stade Ni\u00e7ois s&rsquo;incline en toute logique face au CA Brive (16-26). Cette quatri\u00e8me d\u00e9faite de suite pour les hommes&hellip;<\/p>\n","protected":false},"author":1,"featured_media":864,"comment_status":"open","ping_status":"open","sticky":false,"template":"","format":"standard","meta":{"_jetpack_memberships_contains_paid_content":false,"footnotes":""},"categories":[11],"tags":[283,489,487,493,494,491,492,488,233,12,216,490],"class_list":["post-862","post","type-post","status-publish","format-standard","has-post-thumbnail","hentry","category-rugby","tag-alexandre-compan","tag-bastien-berenguel","tag-ca-brive","tag-courtney-lawes","tag-hugo-verdu","tag-leo-carbonneau","tag-mathis-ferte","tag-pierre-henry-broncan","tag-pro-d2","tag-rugby","tag-stade-nicois-2","tag-tanguy-menoret"],"yoast_head":"<!-- This site is optimized with the Yoast SEO plugin v24.5 - https:\/\/yoast.com\/wordpress\/plugins\/seo\/ -->\n<title>Pro D2 : Le Stade Ni\u00e7ois tomb\u00e9 sur plus fort - Azurement Sport<\/title>\n<meta name=\"robots\" content=\"index, follow, max-snippet:-1, max-image-preview:large, max-video-preview:-1\" \/>\n<link rel=\"canonical\" href=\"https:\/\/azurementsport.fr\/index.php\/2024\/11\/16\/pro-d2-le-stade-nicois-tombe-sur-plus-fort\/\" \/>\n<meta property=\"og:locale\" content=\"fr_FR\" \/>\n<meta property=\"og:type\" content=\"article\" \/>\n<meta property=\"og:title\" content=\"Pro D2 : Le Stade Ni\u00e7ois tomb\u00e9 sur plus fort - Azurement Sport\" \/>\n<meta property=\"og:description\" content=\"Le Stade Ni\u00e7ois s&rsquo;incline en toute logique face au CA Brive (16-26). Cette quatri\u00e8me d\u00e9faite de suite pour les hommes&hellip;\" \/>\n<meta property=\"og:url\" content=\"https:\/\/azurementsport.fr\/index.php\/2024\/11\/16\/pro-d2-le-stade-nicois-tombe-sur-plus-fort\/\" \/>\n<meta property=\"og:site_name\" content=\"Azurement Sport\" \/>\n<meta property=\"article:published_time\" content=\"2024-11-16T13:03:48+00:00\" \/>\n<meta property=\"article:modified_time\" content=\"2024-11-16T15:48:23+00:00\" \/>\n<meta property=\"og:image\" content=\"https:\/\/azurementsport.fr\/wp-content\/uploads\/2024\/11\/DSC07065-1.jpeg\" \/>\n\t<meta property=\"og:image:width\" content=\"1\" \/>\n\t<meta property=\"og:image:height\" content=\"1\" \/>\n\t<meta property=\"og:image:type\" content=\"image\/jpeg\" \/>\n<meta name=\"author\" content=\"Azurement Sport\" \/>\n<meta name=\"twitter:card\" content=\"summary_large_image\" \/>\n<meta name=\"twitter:label1\" content=\"\u00c9crit par\" \/>\n\t<meta name=\"twitter:data1\" content=\"Azurement Sport\" \/>\n\t<meta name=\"twitter:label2\" content=\"Dur\u00e9e de lecture estim\u00e9e\" \/>\n\t<meta name=\"twitter:data2\" content=\"4 minutes\" \/>\n<script type=\"application\/ld+json\" class=\"yoast-schema-graph\">{\"@context\":\"https:\/\/schema.org\",\"@graph\":[{\"@type\":\"Article\",\"@id\":\"https:\/\/azurementsport.fr\/index.php\/2024\/11\/16\/pro-d2-le-stade-nicois-tombe-sur-plus-fort\/#article\",\"isPartOf\":{\"@id\":\"https:\/\/azurementsport.fr\/index.php\/2024\/11\/16\/pro-d2-le-stade-nicois-tombe-sur-plus-fort\/\"},\"author\":{\"name\":\"Azurement Sport\",\"@id\":\"https:\/\/azurementsport.fr\/#\/schema\/person\/bde18bf25893b2da2f70aa0e69fa7081\"},\"headline\":\"Pro D2 : Le Stade Ni\u00e7ois tomb\u00e9 sur plus fort\",\"datePublished\":\"2024-11-16T13:03:48+00:00\",\"dateModified\":\"2024-11-16T15:48:23+00:00\",\"mainEntityOfPage\":{\"@id\":\"https:\/\/azurementsport.fr\/index.php\/2024\/11\/16\/pro-d2-le-stade-nicois-tombe-sur-plus-fort\/\"},\"wordCount\":809,\"commentCount\":0,\"publisher\":{\"@id\":\"https:\/\/azurementsport.fr\/#organization\"},\"image\":{\"@id\":\"https:\/\/azurementsport.fr\/index.php\/2024\/11\/16\/pro-d2-le-stade-nicois-tombe-sur-plus-fort\/#primaryimage\"},\"thumbnailUrl\":\"https:\/\/azurementsport.fr\/wp-content\/uploads\/2024\/11\/DSC07065-1.jpeg\",\"keywords\":[\"Alexandre Compan\",\"Bastien B\u00e9renguel\",\"CA Brive\",\"Courtney Lawes\",\"Hugo Verdu\",\"L\u00e9o Carbonneau\",\"Mathis Fert\u00e9\",\"Pierre-Henry Broncan\",\"Pro D2\",\"Rugby\",\"Stade Ni\u00e7ois\",\"Tanguy M\u00e9noret\"],\"articleSection\":[\"Rugby\"],\"inLanguage\":\"fr-FR\",\"potentialAction\":[{\"@type\":\"CommentAction\",\"name\":\"Comment\",\"target\":[\"https:\/\/azurementsport.fr\/index.php\/2024\/11\/16\/pro-d2-le-stade-nicois-tombe-sur-plus-fort\/#respond\"]}]},{\"@type\":\"WebPage\",\"@id\":\"https:\/\/azurementsport.fr\/index.php\/2024\/11\/16\/pro-d2-le-stade-nicois-tombe-sur-plus-fort\/\",\"url\":\"https:\/\/azurementsport.fr\/index.php\/2024\/11\/16\/pro-d2-le-stade-nicois-tombe-sur-plus-fort\/\",\"name\":\"Pro D2 : Le Stade Ni\u00e7ois tomb\u00e9 sur plus fort - Azurement Sport\",\"isPartOf\":{\"@id\":\"https:\/\/azurementsport.fr\/#website\"},\"primaryImageOfPage\":{\"@id\":\"https:\/\/azurementsport.fr\/index.php\/2024\/11\/16\/pro-d2-le-stade-nicois-tombe-sur-plus-fort\/#primaryimage\"},\"image\":{\"@id\":\"https:\/\/azurementsport.fr\/index.php\/2024\/11\/16\/pro-d2-le-stade-nicois-tombe-sur-plus-fort\/#primaryimage\"},\"thumbnailUrl\":\"https:\/\/azurementsport.fr\/wp-content\/uploads\/2024\/11\/DSC07065-1.jpeg\",\"datePublished\":\"2024-11-16T13:03:48+00:00\",\"dateModified\":\"2024-11-16T15:48:23+00:00\",\"breadcrumb\":{\"@id\":\"https:\/\/azurementsport.fr\/index.php\/2024\/11\/16\/pro-d2-le-stade-nicois-tombe-sur-plus-fort\/#breadcrumb\"},\"inLanguage\":\"fr-FR\",\"potentialAction\":[{\"@type\":\"ReadAction\",\"target\":[\"https:\/\/azurementsport.fr\/index.php\/2024\/11\/16\/pro-d2-le-stade-nicois-tombe-sur-plus-fort\/\"]}]},{\"@type\":\"ImageObject\",\"inLanguage\":\"fr-FR\",\"@id\":\"https:\/\/azurementsport.fr\/index.php\/2024\/11\/16\/pro-d2-le-stade-nicois-tombe-sur-plus-fort\/#primaryimage\",\"url\":\"https:\/\/azurementsport.fr\/wp-content\/uploads\/2024\/11\/DSC07065-1.jpeg\",\"contentUrl\":\"https:\/\/azurementsport.fr\/wp-content\/uploads\/2024\/11\/DSC07065-1.jpeg\",\"caption\":\"L'alignement briviste a vol\u00e9 7 touches aux Ni\u00e7ois \u00a9 Vicky Warocquier\"},{\"@type\":\"BreadcrumbList\",\"@id\":\"https:\/\/azurementsport.fr\/index.php\/2024\/11\/16\/pro-d2-le-stade-nicois-tombe-sur-plus-fort\/#breadcrumb\",\"itemListElement\":[{\"@type\":\"ListItem\",\"position\":1,\"name\":\"Accueil\",\"item\":\"https:\/\/azurementsport.fr\/\"},{\"@type\":\"ListItem\",\"position\":2,\"name\":\"Pro D2 : Le Stade Ni\u00e7ois tomb\u00e9 sur plus fort\"}]},{\"@type\":\"WebSite\",\"@id\":\"https:\/\/azurementsport.fr\/#website\",\"url\":\"https:\/\/azurementsport.fr\/\",\"name\":\"Azurement Sport\",\"description\":\"Toute l&#039;actualit\u00e9 sportive de la C\u00f4te d&#039;Azur\",\"publisher\":{\"@id\":\"https:\/\/azurementsport.fr\/#organization\"},\"potentialAction\":[{\"@type\":\"SearchAction\",\"target\":{\"@type\":\"EntryPoint\",\"urlTemplate\":\"https:\/\/azurementsport.fr\/?s={search_term_string}\"},\"query-input\":{\"@type\":\"PropertyValueSpecification\",\"valueRequired\":true,\"valueName\":\"search_term_string\"}}],\"inLanguage\":\"fr-FR\"},{\"@type\":\"Organization\",\"@id\":\"https:\/\/azurementsport.fr\/#organization\",\"name\":\"Azurement Sport\",\"url\":\"https:\/\/azurementsport.fr\/\",\"logo\":{\"@type\":\"ImageObject\",\"inLanguage\":\"fr-FR\",\"@id\":\"https:\/\/azurementsport.fr\/#\/schema\/logo\/image\/\",\"url\":\"https:\/\/azurementsport.fr\/wp-content\/uploads\/2024\/05\/cropped-cropped-AZUREMENT_SPORT__1_-removebg-preview.png\",\"contentUrl\":\"https:\/\/azurementsport.fr\/wp-content\/uploads\/2024\/05\/cropped-cropped-AZUREMENT_SPORT__1_-removebg-preview.png\",\"width\":500,\"height\":224,\"caption\":\"Azurement Sport\"},\"image\":{\"@id\":\"https:\/\/azurementsport.fr\/#\/schema\/logo\/image\/\"}},{\"@type\":\"Person\",\"@id\":\"https:\/\/azurementsport.fr\/#\/schema\/person\/bde18bf25893b2da2f70aa0e69fa7081\",\"name\":\"Azurement Sport\",\"image\":{\"@type\":\"ImageObject\",\"inLanguage\":\"fr-FR\",\"@id\":\"https:\/\/azurementsport.fr\/#\/schema\/person\/image\/\",\"url\":\"https:\/\/secure.gravatar.com\/avatar\/6ac2f8b3453d709891d9b248de3f290cee35f005edbe13d94d6fb2c1b54e4fbd?s=96&d=mm&r=g\",\"contentUrl\":\"https:\/\/secure.gravatar.com\/avatar\/6ac2f8b3453d709891d9b248de3f290cee35f005edbe13d94d6fb2c1b54e4fbd?s=96&d=mm&r=g\",\"caption\":\"Azurement Sport\"},\"sameAs\":[\"http:\/\/azurementsport.fr\"],\"url\":\"https:\/\/azurementsport.fr\/index.php\/author\/admin3210\/\"}]}<\/script>\n<!-- \/ Yoast SEO plugin. -->","yoast_head_json":{"title":"Pro D2 : Le Stade Ni\u00e7ois tomb\u00e9 sur plus fort - Azurement Sport","robots":{"index":"index","follow":"follow","max-snippet":"max-snippet:-1","max-image-preview":"max-image-preview:large","max-video-preview":"max-video-preview:-1"},"canonical":"https:\/\/azurementsport.fr\/index.php\/2024\/11\/16\/pro-d2-le-stade-nicois-tombe-sur-plus-fort\/","og_locale":"fr_FR","og_type":"article","og_title":"Pro D2 : Le Stade Ni\u00e7ois tomb\u00e9 sur plus fort - Azurement Sport","og_description":"Le Stade Ni\u00e7ois s&rsquo;incline en toute logique face au CA Brive (16-26). Cette quatri\u00e8me d\u00e9faite de suite pour les hommes&hellip;","og_url":"https:\/\/azurementsport.fr\/index.php\/2024\/11\/16\/pro-d2-le-stade-nicois-tombe-sur-plus-fort\/","og_site_name":"Azurement Sport","article_published_time":"2024-11-16T13:03:48+00:00","article_modified_time":"2024-11-16T15:48:23+00:00","og_image":[{"url":"https:\/\/azurementsport.fr\/wp-content\/uploads\/2024\/11\/DSC07065-1.jpeg","width":1,"height":1,"type":"image\/jpeg"}],"author":"Azurement Sport","twitter_card":"summary_large_image","twitter_misc":{"\u00c9crit par":"Azurement Sport","Dur\u00e9e de lecture estim\u00e9e":"4 minutes"},"schema":{"@context":"https:\/\/schema.org","@graph":[{"@type":"Article","@id":"https:\/\/azurementsport.fr\/index.php\/2024\/11\/16\/pro-d2-le-stade-nicois-tombe-sur-plus-fort\/#article","isPartOf":{"@id":"https:\/\/azurementsport.fr\/index.php\/2024\/11\/16\/pro-d2-le-stade-nicois-tombe-sur-plus-fort\/"},"author":{"name":"Azurement Sport","@id":"https:\/\/azurementsport.fr\/#\/schema\/person\/bde18bf25893b2da2f70aa0e69fa7081"},"headline":"Pro D2 : Le Stade Ni\u00e7ois tomb\u00e9 sur plus fort","datePublished":"2024-11-16T13:03:48+00:00","dateModified":"2024-11-16T15:48:23+00:00","mainEntityOfPage":{"@id":"https:\/\/azurementsport.fr\/index.php\/2024\/11\/16\/pro-d2-le-stade-nicois-tombe-sur-plus-fort\/"},"wordCount":809,"commentCount":0,"publisher":{"@id":"https:\/\/azurementsport.fr\/#organization"},"image":{"@id":"https:\/\/azurementsport.fr\/index.php\/2024\/11\/16\/pro-d2-le-stade-nicois-tombe-sur-plus-fort\/#primaryimage"},"thumbnailUrl":"https:\/\/azurementsport.fr\/wp-content\/uploads\/2024\/11\/DSC07065-1.jpeg","keywords":["Alexandre Compan","Bastien B\u00e9renguel","CA Brive","Courtney Lawes","Hugo Verdu","L\u00e9o Carbonneau","Mathis Fert\u00e9","Pierre-Henry Broncan","Pro D2","Rugby","Stade Ni\u00e7ois","Tanguy M\u00e9noret"],"articleSection":["Rugby"],"inLanguage":"fr-FR","potentialAction":[{"@type":"CommentAction","name":"Comment","target":["https:\/\/azurementsport.fr\/index.php\/2024\/11\/16\/pro-d2-le-stade-nicois-tombe-sur-plus-fort\/#respond"]}]},{"@type":"WebPage","@id":"https:\/\/azurementsport.fr\/index.php\/2024\/11\/16\/pro-d2-le-stade-nicois-tombe-sur-plus-fort\/","url":"https:\/\/azurementsport.fr\/index.php\/2024\/11\/16\/pro-d2-le-stade-nicois-tombe-sur-plus-fort\/","name":"Pro D2 : Le Stade Ni\u00e7ois tomb\u00e9 sur plus fort - Azurement Sport","isPartOf":{"@id":"https:\/\/azurementsport.fr\/#website"},"primaryImageOfPage":{"@id":"https:\/\/azurementsport.fr\/index.php\/2024\/11\/16\/pro-d2-le-stade-nicois-tombe-sur-plus-fort\/#primaryimage"},"image":{"@id":"https:\/\/azurementsport.fr\/index.php\/2024\/11\/16\/pro-d2-le-stade-nicois-tombe-sur-plus-fort\/#primaryimage"},"thumbnailUrl":"https:\/\/azurementsport.fr\/wp-content\/uploads\/2024\/11\/DSC07065-1.jpeg","datePublished":"2024-11-16T13:03:48+00:00","dateModified":"2024-11-16T15:48:23+00:00","breadcrumb":{"@id":"https:\/\/azurementsport.fr\/index.php\/2024\/11\/16\/pro-d2-le-stade-nicois-tombe-sur-plus-fort\/#breadcrumb"},"inLanguage":"fr-FR","potentialAction":[{"@type":"ReadAction","target":["https:\/\/azurementsport.fr\/index.php\/2024\/11\/16\/pro-d2-le-stade-nicois-tombe-sur-plus-fort\/"]}]},{"@type":"ImageObject","inLanguage":"fr-FR","@id":"https:\/\/azurementsport.fr\/index.php\/2024\/11\/16\/pro-d2-le-stade-nicois-tombe-sur-plus-fort\/#primaryimage","url":"https:\/\/azurementsport.fr\/wp-content\/uploads\/2024\/11\/DSC07065-1.jpeg","contentUrl":"https:\/\/azurementsport.fr\/wp-content\/uploads\/2024\/11\/DSC07065-1.jpeg","caption":"L'alignement briviste a vol\u00e9 7 touches aux Ni\u00e7ois \u00a9 Vicky Warocquier"},{"@type":"BreadcrumbList","@id":"https:\/\/azurementsport.fr\/index.php\/2024\/11\/16\/pro-d2-le-stade-nicois-tombe-sur-plus-fort\/#breadcrumb","itemListElement":[{"@type":"ListItem","position":1,"name":"Accueil","item":"https:\/\/azurementsport.fr\/"},{"@type":"ListItem","position":2,"name":"Pro D2 : Le Stade Ni\u00e7ois tomb\u00e9 sur plus fort"}]},{"@type":"WebSite","@id":"https:\/\/azurementsport.fr\/#website","url":"https:\/\/azurementsport.fr\/","name":"Azurement Sport","description":"Toute l&#039;actualit\u00e9 sportive de la C\u00f4te d&#039;Azur","publisher":{"@id":"https:\/\/azurementsport.fr\/#organization"},"potentialAction":[{"@type":"SearchAction","target":{"@type":"EntryPoint","urlTemplate":"https:\/\/azurementsport.fr\/?s={search_term_string}"},"query-input":{"@type":"PropertyValueSpecification","valueRequired":true,"valueName":"search_term_string"}}],"inLanguage":"fr-FR"},{"@type":"Organization","@id":"https:\/\/azurementsport.fr\/#organization","name":"Azurement Sport","url":"https:\/\/azurementsport.fr\/","logo":{"@type":"ImageObject","inLanguage":"fr-FR","@id":"https:\/\/azurementsport.fr\/#\/schema\/logo\/image\/","url":"https:\/\/azurementsport.fr\/wp-content\/uploads\/2024\/05\/cropped-cropped-AZUREMENT_SPORT__1_-removebg-preview.png","contentUrl":"https:\/\/azurementsport.fr\/wp-content\/uploads\/2024\/05\/cropped-cropped-AZUREMENT_SPORT__1_-removebg-preview.png","width":500,"height":224,"caption":"Azurement Sport"},"image":{"@id":"https:\/\/azurementsport.fr\/#\/schema\/logo\/image\/"}},{"@type":"Person","@id":"https:\/\/azurementsport.fr\/#\/schema\/person\/bde18bf25893b2da2f70aa0e69fa7081","name":"Azurement Sport","image":{"@type":"ImageObject","inLanguage":"fr-FR","@id":"https:\/\/azurementsport.fr\/#\/schema\/person\/image\/","url":"https:\/\/secure.gravatar.com\/avatar\/6ac2f8b3453d709891d9b248de3f290cee35f005edbe13d94d6fb2c1b54e4fbd?s=96&d=mm&r=g","contentUrl":"https:\/\/secure.gravatar.com\/avatar\/6ac2f8b3453d709891d9b248de3f290cee35f005edbe13d94d6fb2c1b54e4fbd?s=96&d=mm&r=g","caption":"Azurement Sport"},"sameAs":["http:\/\/azurementsport.fr"],"url":"https:\/\/azurementsport.fr\/index.php\/author\/admin3210\/"}]}},"jetpack_featured_media_url":"https:\/\/azurementsport.fr\/wp-content\/uploads\/2024\/11\/DSC07065-1.jpeg","jetpack_sharing_enabled":true,"jetpack-related-posts":[],"_links":{"self":[{"href":"https:\/\/azurementsport.fr\/index.php\/wp-json\/wp\/v2\/posts\/862","targetHints":{"allow":["GET"]}}],"collection":[{"href":"https:\/\/azurementsport.fr\/index.php\/wp-json\/wp\/v2\/posts"}],"about":[{"href":"https:\/\/azurementsport.fr\/index.php\/wp-json\/wp\/v2\/types\/post"}],"author":[{"embeddable":true,"href":"https:\/\/azurementsport.fr\/index.php\/wp-json\/wp\/v2\/users\/1"}],"replies":[{"embeddable":true,"href":"https:\/\/azurementsport.fr\/index.php\/wp-json\/wp\/v2\/comments?post=862"}],"version-history":[{"count":8,"href":"https:\/\/azurementsport.fr\/index.php\/wp-json\/wp\/v2\/posts\/862\/revisions"}],"predecessor-version":[{"id":875,"href":"https:\/\/azurementsport.fr\/index.php\/wp-json\/wp\/v2\/posts\/862\/revisions\/875"}],"wp:featuredmedia":[{"embeddable":true,"href":"https:\/\/azurementsport.fr\/index.php\/wp-json\/wp\/v2\/media\/864"}],"wp:attachment":[{"href":"https:\/\/azurementsport.fr\/index.php\/wp-json\/wp\/v2\/media?parent=862"}],"wp:term":[{"taxonomy":"category","embeddable":true,"href":"https:\/\/azurementsport.fr\/index.php\/wp-json\/wp\/v2\/categories?post=862"},{"taxonomy":"post_tag","embeddable":true,"href":"https:\/\/azurementsport.fr\/index.php\/wp-json\/wp\/v2\/tags?post=862"}],"curies":[{"name":"wp","href":"https:\/\/api.w.org\/{rel}","templated":true}]}}