{"id":876,"date":"2024-11-17T12:13:01","date_gmt":"2024-11-17T11:13:01","guid":{"rendered":"https:\/\/azurementsport.fr\/?p=876"},"modified":"2024-11-17T12:13:03","modified_gmt":"2024-11-17T11:13:03","slug":"lequipe-de-biot-et-vallauris-senvole-pour-le-tour-du-nord-maroc-2024","status":"publish","type":"post","link":"https:\/\/azurementsport.fr\/index.php\/2024\/11\/17\/lequipe-de-biot-et-vallauris-senvole-pour-le-tour-du-nord-maroc-2024\/","title":{"rendered":"L\u2019\u00e9quipe de Biot et Vallauris s\u2019envole pour le Tour du Nord Maroc 2024"},"content":{"rendered":"\n<p><strong>La Team Ceramica V\u00e9lo Sprint Biotois est invit\u00e9e pour participer \u00e0 la troisi\u00e8me \u00e9dition du Tour du Nord Maroc du 18 au 23 novembre. Pour la premi\u00e8re fois, cette \u00e9quipe amateure des Alpes-Maritimes va participer \u00e0 une course \u00e0 l\u2019\u00e9tranger.<\/strong><\/p>\n\n\n\n<p>Les coureurs du <strong>Team Ceramica V\u00e9lo Sprint Biotois<\/strong> s&rsquo;attaquent aux routes marocaines d\u00e8s demain. <em>\u00ab\u00a0C\u2019est un d\u00e9but pour nous et une superbe opportunit\u00e9, <\/em>se r\u00e9jouit <strong>Olivier Delaye<\/strong>, pr\u00e9sident du T<strong>eam Ceramica V\u00e9lo Sprint Biotois<\/strong><em>. On a re\u00e7u une wild card gr\u00e2ce \u00e0 Pascal Bousquet, un ancien membre du club qui a couru en \u00e9lite. <strong>L\u2019\u00e9quipe Ceramica de Vallauris<\/strong> et notre \u00e9quipe ont fusionn\u00e9 dans le but de monter une grosse \u00e9quipe sur cette course et de participer \u00e0 d\u2019autres \u00e9preuves \u00e0 l\u2019\u00e9tranger en 2025\u201d<\/em>. <em>\u00a0<\/em><\/p>\n\n\n\n<p>Les coureurs de <strong>Biot <\/strong>et <strong>Vallauris <\/strong>sont pr\u00eats \u00e0 d\u00e9couvrir cette belle course. Face \u00e0 eux, les <strong>dix meilleures \u00e9quipes du Maroc<\/strong> et quatre \u00e9quipes \u00e9trang\u00e8res.<\/p>\n\n\n\n<figure class=\"wp-block-image size-large\"><img loading=\"lazy\" decoding=\"async\" width=\"1024\" height=\"588\" src=\"https:\/\/azurementsport.fr\/wp-content\/uploads\/2024\/11\/Capture-decran-2024-11-17-120009-1024x588.png\" alt=\"\" class=\"wp-image-877\" srcset=\"https:\/\/azurementsport.fr\/wp-content\/uploads\/2024\/11\/Capture-decran-2024-11-17-120009-1024x588.png 1024w, https:\/\/azurementsport.fr\/wp-content\/uploads\/2024\/11\/Capture-decran-2024-11-17-120009-300x172.png 300w, https:\/\/azurementsport.fr\/wp-content\/uploads\/2024\/11\/Capture-decran-2024-11-17-120009-768x441.png 768w, https:\/\/azurementsport.fr\/wp-content\/uploads\/2024\/11\/Capture-decran-2024-11-17-120009.png 1035w\" sizes=\"auto, (max-width: 1024px) 100vw, 1024px\" \/><figcaption class=\"wp-element-caption\">Le parcours du Tour du Nord Maroc 2024 \u00a9 TNM 2024<\/figcaption><\/figure>\n\n\n\n<p><strong><em> \u201c<\/em>Honorer du mieux possible cette invitation<\/strong><em>\u201d<\/em><\/p>\n\n\n\n<p>Pour sa premi\u00e8re apparition sur le <strong>Tour du Nord Maroc,<\/strong> la <strong>Team CVSB<\/strong> compte bien figurer au classement des diff\u00e9rents maillots distinctifs.<em> \u201cOn va jouer le grand prix de la montagne avec notre leader <strong>Miguel Martinez<\/strong> et notre grimpeur <strong>Jean Philippe Valenti<\/strong>. On vise aussi le classement jeune avec <strong>Louis Ergaz <\/strong>qui est tr\u00e8s en forme. Mais l\u2019essentiel c\u2019est que tout le monde finisse la course, que l\u2019on repr\u00e9sente bien le club. L\u2019objectif est d\u2019honorer du mieux possible cette invitation\u201d<\/em>, d\u00e9clare Olivier qui sera le directeur sportif de l&rsquo;\u00e9quipe pendant les six jours de course. <\/p>\n\n\n\n<p>En plus de participer \u00e0 cette course, Les Vallauriens et les Biotois souhaitent mettre en place un partenariat avec le Maroc pour donner acc\u00e8s \u00e0 du mat\u00e9riel pour les jeunes cyclistes marocains.<\/p>\n\n\n\n<p><strong>La Team Ceramica VSB avec un leader d\u2019exp\u00e9rience<\/strong><\/p>\n\n\n\n<p>Au moment de prendre le d\u00e9part, la <strong>Team CVSB<\/strong> aligne une \u00e9quipe remplie d&rsquo;exp\u00e9rience. <strong>Miguel Martinez<\/strong> (47 ans), <strong>champion olympique et champion du monde de VTT en 2000<\/strong> sera le leader. Celui qui est \u00e9galement le p\u00e8re de <strong>Lenny Martinez,<\/strong> coureur fran\u00e7ais de la <strong>Bahra\u00efn Victorious<\/strong>, aura comme lieutenant <strong>Jean-Philippe Valenti<\/strong> (Champion de France FSGT). <\/p>\n\n\n\n<p>Pour accompagner les deux hommes forts sur les routes marocaines, <strong>Mika Batista<\/strong>, <strong>Louis Egraz<\/strong> et <strong>Alexandre Gauthier <\/strong>compl\u00e8teront. Ce dernier, triathl\u00e8te et coach s\u2019est exprim\u00e9 avant le d\u00e9but de l\u2019\u00e9preuve :<em> \u201cJ\u2019ai h\u00e2te de d\u00e9couvrir cette belle \u00e9preuve, c\u2019est ma premi\u00e8re course cycliste \u00e0 l\u2019\u00e9tranger. Je ne suis pas au meilleur de ma forme mais le club avait besoin de moi. L\u2019organisateur de la course nous a annonc\u00e9 que \u00e7a allait \u00eatre tr\u00e8s dur et qu\u2019il va falloir se battre pour finir chaque \u00e9tape. La premi\u00e8re \u00e9tape de 152 kilom\u00e8tres <\/em>(entre Ouezzane et Ksar-el-Kebir, NDLR)<em> c\u2019est la pire, \u00e7a va me mettre dans le bain directement\u201d.<\/em><\/p>\n\n\n\n<p class=\"has-text-align-right\"><strong>Lucas Godin<\/strong><\/p>\n\n\n\n<p><\/p>\n","protected":false},"excerpt":{"rendered":"<p>La Team Ceramica V\u00e9lo Sprint Biotois est invit\u00e9e pour participer \u00e0 la troisi\u00e8me \u00e9dition du Tour du Nord Maroc du&hellip;<\/p>\n","protected":false},"author":1,"featured_media":878,"comment_status":"open","ping_status":"open","sticky":false,"template":"","format":"standard","meta":{"_jetpack_memberships_contains_paid_content":false,"footnotes":""},"categories":[28],"tags":[495,73,503,502,499,498,497,500,501,496],"class_list":["post-876","post","type-post","status-publish","format-standard","has-post-thumbnail","hentry","category-cyclisme","tag-biot","tag-cyclisme","tag-jean-philippe-valenti","tag-miguel-martinez","tag-olivier-delaye","tag-team-ceramica-velo-sprint-biotois","tag-team-cvsb","tag-tour-du-nord-maroc","tag-tour-du-nord-maroc-2024","tag-vallauris"],"yoast_head":"<!-- This site is optimized with the Yoast SEO plugin v24.5 - https:\/\/yoast.com\/wordpress\/plugins\/seo\/ -->\n<title>L\u2019\u00e9quipe de Biot et Vallauris s\u2019envole pour le Tour du Nord Maroc 2024 - Azurement Sport<\/title>\n<meta name=\"robots\" content=\"index, follow, max-snippet:-1, max-image-preview:large, max-video-preview:-1\" \/>\n<link rel=\"canonical\" href=\"https:\/\/azurementsport.fr\/index.php\/2024\/11\/17\/lequipe-de-biot-et-vallauris-senvole-pour-le-tour-du-nord-maroc-2024\/\" \/>\n<meta property=\"og:locale\" content=\"fr_FR\" \/>\n<meta property=\"og:type\" content=\"article\" \/>\n<meta property=\"og:title\" content=\"L\u2019\u00e9quipe de Biot et Vallauris s\u2019envole pour le Tour du Nord Maroc 2024 - Azurement Sport\" \/>\n<meta property=\"og:description\" content=\"La Team Ceramica V\u00e9lo Sprint Biotois est invit\u00e9e pour participer \u00e0 la troisi\u00e8me \u00e9dition du Tour du Nord Maroc du&hellip;\" \/>\n<meta property=\"og:url\" content=\"https:\/\/azurementsport.fr\/index.php\/2024\/11\/17\/lequipe-de-biot-et-vallauris-senvole-pour-le-tour-du-nord-maroc-2024\/\" \/>\n<meta property=\"og:site_name\" content=\"Azurement Sport\" \/>\n<meta property=\"article:published_time\" content=\"2024-11-17T11:13:01+00:00\" \/>\n<meta property=\"article:modified_time\" content=\"2024-11-17T11:13:03+00:00\" \/>\n<meta property=\"og:image\" content=\"https:\/\/azurementsport.fr\/wp-content\/uploads\/2024\/11\/Capture-decran-2024-11-17-120348.png\" \/>\n\t<meta property=\"og:image:width\" content=\"654\" \/>\n\t<meta property=\"og:image:height\" content=\"554\" \/>\n\t<meta property=\"og:image:type\" content=\"image\/png\" \/>\n<meta name=\"author\" content=\"Azurement Sport\" \/>\n<meta name=\"twitter:card\" content=\"summary_large_image\" \/>\n<meta name=\"twitter:label1\" content=\"\u00c9crit par\" \/>\n\t<meta name=\"twitter:data1\" content=\"Azurement Sport\" \/>\n\t<meta name=\"twitter:label2\" content=\"Dur\u00e9e de lecture estim\u00e9e\" \/>\n\t<meta name=\"twitter:data2\" content=\"3 minutes\" \/>\n<script type=\"application\/ld+json\" class=\"yoast-schema-graph\">{\"@context\":\"https:\/\/schema.org\",\"@graph\":[{\"@type\":\"Article\",\"@id\":\"https:\/\/azurementsport.fr\/index.php\/2024\/11\/17\/lequipe-de-biot-et-vallauris-senvole-pour-le-tour-du-nord-maroc-2024\/#article\",\"isPartOf\":{\"@id\":\"https:\/\/azurementsport.fr\/index.php\/2024\/11\/17\/lequipe-de-biot-et-vallauris-senvole-pour-le-tour-du-nord-maroc-2024\/\"},\"author\":{\"name\":\"Azurement Sport\",\"@id\":\"https:\/\/azurementsport.fr\/#\/schema\/person\/bde18bf25893b2da2f70aa0e69fa7081\"},\"headline\":\"L\u2019\u00e9quipe de Biot et Vallauris s\u2019envole pour le Tour du Nord Maroc 2024\",\"datePublished\":\"2024-11-17T11:13:01+00:00\",\"dateModified\":\"2024-11-17T11:13:03+00:00\",\"mainEntityOfPage\":{\"@id\":\"https:\/\/azurementsport.fr\/index.php\/2024\/11\/17\/lequipe-de-biot-et-vallauris-senvole-pour-le-tour-du-nord-maroc-2024\/\"},\"wordCount\":517,\"commentCount\":0,\"publisher\":{\"@id\":\"https:\/\/azurementsport.fr\/#organization\"},\"image\":{\"@id\":\"https:\/\/azurementsport.fr\/index.php\/2024\/11\/17\/lequipe-de-biot-et-vallauris-senvole-pour-le-tour-du-nord-maroc-2024\/#primaryimage\"},\"thumbnailUrl\":\"https:\/\/azurementsport.fr\/wp-content\/uploads\/2024\/11\/Capture-decran-2024-11-17-120348.png\",\"keywords\":[\"Biot\",\"Cyclisme\",\"jean-Philippe Valenti\",\"Miguel Martinez\",\"Olivier Delaye\",\"Team Ceramica Velo Sprint Biotois\",\"Team CVSB\",\"Tour du Nord Maroc\",\"Tour du Nord Maroc 2024\",\"Vallauris\"],\"articleSection\":[\"Cyclisme\"],\"inLanguage\":\"fr-FR\",\"potentialAction\":[{\"@type\":\"CommentAction\",\"name\":\"Comment\",\"target\":[\"https:\/\/azurementsport.fr\/index.php\/2024\/11\/17\/lequipe-de-biot-et-vallauris-senvole-pour-le-tour-du-nord-maroc-2024\/#respond\"]}]},{\"@type\":\"WebPage\",\"@id\":\"https:\/\/azurementsport.fr\/index.php\/2024\/11\/17\/lequipe-de-biot-et-vallauris-senvole-pour-le-tour-du-nord-maroc-2024\/\",\"url\":\"https:\/\/azurementsport.fr\/index.php\/2024\/11\/17\/lequipe-de-biot-et-vallauris-senvole-pour-le-tour-du-nord-maroc-2024\/\",\"name\":\"L\u2019\u00e9quipe de Biot et Vallauris s\u2019envole pour le Tour du Nord Maroc 2024 - Azurement Sport\",\"isPartOf\":{\"@id\":\"https:\/\/azurementsport.fr\/#website\"},\"primaryImageOfPage\":{\"@id\":\"https:\/\/azurementsport.fr\/index.php\/2024\/11\/17\/lequipe-de-biot-et-vallauris-senvole-pour-le-tour-du-nord-maroc-2024\/#primaryimage\"},\"image\":{\"@id\":\"https:\/\/azurementsport.fr\/index.php\/2024\/11\/17\/lequipe-de-biot-et-vallauris-senvole-pour-le-tour-du-nord-maroc-2024\/#primaryimage\"},\"thumbnailUrl\":\"https:\/\/azurementsport.fr\/wp-content\/uploads\/2024\/11\/Capture-decran-2024-11-17-120348.png\",\"datePublished\":\"2024-11-17T11:13:01+00:00\",\"dateModified\":\"2024-11-17T11:13:03+00:00\",\"breadcrumb\":{\"@id\":\"https:\/\/azurementsport.fr\/index.php\/2024\/11\/17\/lequipe-de-biot-et-vallauris-senvole-pour-le-tour-du-nord-maroc-2024\/#breadcrumb\"},\"inLanguage\":\"fr-FR\",\"potentialAction\":[{\"@type\":\"ReadAction\",\"target\":[\"https:\/\/azurementsport.fr\/index.php\/2024\/11\/17\/lequipe-de-biot-et-vallauris-senvole-pour-le-tour-du-nord-maroc-2024\/\"]}]},{\"@type\":\"ImageObject\",\"inLanguage\":\"fr-FR\",\"@id\":\"https:\/\/azurementsport.fr\/index.php\/2024\/11\/17\/lequipe-de-biot-et-vallauris-senvole-pour-le-tour-du-nord-maroc-2024\/#primaryimage\",\"url\":\"https:\/\/azurementsport.fr\/wp-content\/uploads\/2024\/11\/Capture-decran-2024-11-17-120348.png\",\"contentUrl\":\"https:\/\/azurementsport.fr\/wp-content\/uploads\/2024\/11\/Capture-decran-2024-11-17-120348.png\",\"width\":654,\"height\":554,\"caption\":\"De gauche \u00e0 droite : Louis Egraz, Jean-Philippe Valenti, Miguel Martinez, Olivier Delaye et Eddy Mertens vont participer au Tour du Nord Maroc 2024 \u00a9 L.G\"},{\"@type\":\"BreadcrumbList\",\"@id\":\"https:\/\/azurementsport.fr\/index.php\/2024\/11\/17\/lequipe-de-biot-et-vallauris-senvole-pour-le-tour-du-nord-maroc-2024\/#breadcrumb\",\"itemListElement\":[{\"@type\":\"ListItem\",\"position\":1,\"name\":\"Accueil\",\"item\":\"https:\/\/azurementsport.fr\/\"},{\"@type\":\"ListItem\",\"position\":2,\"name\":\"L\u2019\u00e9quipe de Biot et Vallauris s\u2019envole pour le Tour du Nord Maroc 2024\"}]},{\"@type\":\"WebSite\",\"@id\":\"https:\/\/azurementsport.fr\/#website\",\"url\":\"https:\/\/azurementsport.fr\/\",\"name\":\"Azurement Sport\",\"description\":\"Toute l&#039;actualit\u00e9 sportive de la C\u00f4te d&#039;Azur\",\"publisher\":{\"@id\":\"https:\/\/azurementsport.fr\/#organization\"},\"potentialAction\":[{\"@type\":\"SearchAction\",\"target\":{\"@type\":\"EntryPoint\",\"urlTemplate\":\"https:\/\/azurementsport.fr\/?s={search_term_string}\"},\"query-input\":{\"@type\":\"PropertyValueSpecification\",\"valueRequired\":true,\"valueName\":\"search_term_string\"}}],\"inLanguage\":\"fr-FR\"},{\"@type\":\"Organization\",\"@id\":\"https:\/\/azurementsport.fr\/#organization\",\"name\":\"Azurement Sport\",\"url\":\"https:\/\/azurementsport.fr\/\",\"logo\":{\"@type\":\"ImageObject\",\"inLanguage\":\"fr-FR\",\"@id\":\"https:\/\/azurementsport.fr\/#\/schema\/logo\/image\/\",\"url\":\"https:\/\/azurementsport.fr\/wp-content\/uploads\/2024\/05\/cropped-cropped-AZUREMENT_SPORT__1_-removebg-preview.png\",\"contentUrl\":\"https:\/\/azurementsport.fr\/wp-content\/uploads\/2024\/05\/cropped-cropped-AZUREMENT_SPORT__1_-removebg-preview.png\",\"width\":500,\"height\":224,\"caption\":\"Azurement Sport\"},\"image\":{\"@id\":\"https:\/\/azurementsport.fr\/#\/schema\/logo\/image\/\"}},{\"@type\":\"Person\",\"@id\":\"https:\/\/azurementsport.fr\/#\/schema\/person\/bde18bf25893b2da2f70aa0e69fa7081\",\"name\":\"Azurement Sport\",\"image\":{\"@type\":\"ImageObject\",\"inLanguage\":\"fr-FR\",\"@id\":\"https:\/\/azurementsport.fr\/#\/schema\/person\/image\/\",\"url\":\"https:\/\/secure.gravatar.com\/avatar\/6ac2f8b3453d709891d9b248de3f290cee35f005edbe13d94d6fb2c1b54e4fbd?s=96&d=mm&r=g\",\"contentUrl\":\"https:\/\/secure.gravatar.com\/avatar\/6ac2f8b3453d709891d9b248de3f290cee35f005edbe13d94d6fb2c1b54e4fbd?s=96&d=mm&r=g\",\"caption\":\"Azurement Sport\"},\"sameAs\":[\"http:\/\/azurementsport.fr\"],\"url\":\"https:\/\/azurementsport.fr\/index.php\/author\/admin3210\/\"}]}<\/script>\n<!-- \/ Yoast SEO plugin. -->","yoast_head_json":{"title":"L\u2019\u00e9quipe de Biot et Vallauris s\u2019envole pour le Tour du Nord Maroc 2024 - Azurement Sport","robots":{"index":"index","follow":"follow","max-snippet":"max-snippet:-1","max-image-preview":"max-image-preview:large","max-video-preview":"max-video-preview:-1"},"canonical":"https:\/\/azurementsport.fr\/index.php\/2024\/11\/17\/lequipe-de-biot-et-vallauris-senvole-pour-le-tour-du-nord-maroc-2024\/","og_locale":"fr_FR","og_type":"article","og_title":"L\u2019\u00e9quipe de Biot et Vallauris s\u2019envole pour le Tour du Nord Maroc 2024 - Azurement Sport","og_description":"La Team Ceramica V\u00e9lo Sprint Biotois est invit\u00e9e pour participer \u00e0 la troisi\u00e8me \u00e9dition du Tour du Nord Maroc du&hellip;","og_url":"https:\/\/azurementsport.fr\/index.php\/2024\/11\/17\/lequipe-de-biot-et-vallauris-senvole-pour-le-tour-du-nord-maroc-2024\/","og_site_name":"Azurement Sport","article_published_time":"2024-11-17T11:13:01+00:00","article_modified_time":"2024-11-17T11:13:03+00:00","og_image":[{"width":654,"height":554,"url":"https:\/\/azurementsport.fr\/wp-content\/uploads\/2024\/11\/Capture-decran-2024-11-17-120348.png","type":"image\/png"}],"author":"Azurement Sport","twitter_card":"summary_large_image","twitter_misc":{"\u00c9crit par":"Azurement Sport","Dur\u00e9e de lecture estim\u00e9e":"3 minutes"},"schema":{"@context":"https:\/\/schema.org","@graph":[{"@type":"Article","@id":"https:\/\/azurementsport.fr\/index.php\/2024\/11\/17\/lequipe-de-biot-et-vallauris-senvole-pour-le-tour-du-nord-maroc-2024\/#article","isPartOf":{"@id":"https:\/\/azurementsport.fr\/index.php\/2024\/11\/17\/lequipe-de-biot-et-vallauris-senvole-pour-le-tour-du-nord-maroc-2024\/"},"author":{"name":"Azurement Sport","@id":"https:\/\/azurementsport.fr\/#\/schema\/person\/bde18bf25893b2da2f70aa0e69fa7081"},"headline":"L\u2019\u00e9quipe de Biot et Vallauris s\u2019envole pour le Tour du Nord Maroc 2024","datePublished":"2024-11-17T11:13:01+00:00","dateModified":"2024-11-17T11:13:03+00:00","mainEntityOfPage":{"@id":"https:\/\/azurementsport.fr\/index.php\/2024\/11\/17\/lequipe-de-biot-et-vallauris-senvole-pour-le-tour-du-nord-maroc-2024\/"},"wordCount":517,"commentCount":0,"publisher":{"@id":"https:\/\/azurementsport.fr\/#organization"},"image":{"@id":"https:\/\/azurementsport.fr\/index.php\/2024\/11\/17\/lequipe-de-biot-et-vallauris-senvole-pour-le-tour-du-nord-maroc-2024\/#primaryimage"},"thumbnailUrl":"https:\/\/azurementsport.fr\/wp-content\/uploads\/2024\/11\/Capture-decran-2024-11-17-120348.png","keywords":["Biot","Cyclisme","jean-Philippe Valenti","Miguel Martinez","Olivier Delaye","Team Ceramica Velo Sprint Biotois","Team CVSB","Tour du Nord Maroc","Tour du Nord Maroc 2024","Vallauris"],"articleSection":["Cyclisme"],"inLanguage":"fr-FR","potentialAction":[{"@type":"CommentAction","name":"Comment","target":["https:\/\/azurementsport.fr\/index.php\/2024\/11\/17\/lequipe-de-biot-et-vallauris-senvole-pour-le-tour-du-nord-maroc-2024\/#respond"]}]},{"@type":"WebPage","@id":"https:\/\/azurementsport.fr\/index.php\/2024\/11\/17\/lequipe-de-biot-et-vallauris-senvole-pour-le-tour-du-nord-maroc-2024\/","url":"https:\/\/azurementsport.fr\/index.php\/2024\/11\/17\/lequipe-de-biot-et-vallauris-senvole-pour-le-tour-du-nord-maroc-2024\/","name":"L\u2019\u00e9quipe de Biot et Vallauris s\u2019envole pour le Tour du Nord Maroc 2024 - Azurement Sport","isPartOf":{"@id":"https:\/\/azurementsport.fr\/#website"},"primaryImageOfPage":{"@id":"https:\/\/azurementsport.fr\/index.php\/2024\/11\/17\/lequipe-de-biot-et-vallauris-senvole-pour-le-tour-du-nord-maroc-2024\/#primaryimage"},"image":{"@id":"https:\/\/azurementsport.fr\/index.php\/2024\/11\/17\/lequipe-de-biot-et-vallauris-senvole-pour-le-tour-du-nord-maroc-2024\/#primaryimage"},"thumbnailUrl":"https:\/\/azurementsport.fr\/wp-content\/uploads\/2024\/11\/Capture-decran-2024-11-17-120348.png","datePublished":"2024-11-17T11:13:01+00:00","dateModified":"2024-11-17T11:13:03+00:00","breadcrumb":{"@id":"https:\/\/azurementsport.fr\/index.php\/2024\/11\/17\/lequipe-de-biot-et-vallauris-senvole-pour-le-tour-du-nord-maroc-2024\/#breadcrumb"},"inLanguage":"fr-FR","potentialAction":[{"@type":"ReadAction","target":["https:\/\/azurementsport.fr\/index.php\/2024\/11\/17\/lequipe-de-biot-et-vallauris-senvole-pour-le-tour-du-nord-maroc-2024\/"]}]},{"@type":"ImageObject","inLanguage":"fr-FR","@id":"https:\/\/azurementsport.fr\/index.php\/2024\/11\/17\/lequipe-de-biot-et-vallauris-senvole-pour-le-tour-du-nord-maroc-2024\/#primaryimage","url":"https:\/\/azurementsport.fr\/wp-content\/uploads\/2024\/11\/Capture-decran-2024-11-17-120348.png","contentUrl":"https:\/\/azurementsport.fr\/wp-content\/uploads\/2024\/11\/Capture-decran-2024-11-17-120348.png","width":654,"height":554,"caption":"De gauche \u00e0 droite : Louis Egraz, Jean-Philippe Valenti, Miguel Martinez, Olivier Delaye et Eddy Mertens vont participer au Tour du Nord Maroc 2024 \u00a9 L.G"},{"@type":"BreadcrumbList","@id":"https:\/\/azurementsport.fr\/index.php\/2024\/11\/17\/lequipe-de-biot-et-vallauris-senvole-pour-le-tour-du-nord-maroc-2024\/#breadcrumb","itemListElement":[{"@type":"ListItem","position":1,"name":"Accueil","item":"https:\/\/azurementsport.fr\/"},{"@type":"ListItem","position":2,"name":"L\u2019\u00e9quipe de Biot et Vallauris s\u2019envole pour le Tour du Nord Maroc 2024"}]},{"@type":"WebSite","@id":"https:\/\/azurementsport.fr\/#website","url":"https:\/\/azurementsport.fr\/","name":"Azurement Sport","description":"Toute l&#039;actualit\u00e9 sportive de la C\u00f4te d&#039;Azur","publisher":{"@id":"https:\/\/azurementsport.fr\/#organization"},"potentialAction":[{"@type":"SearchAction","target":{"@type":"EntryPoint","urlTemplate":"https:\/\/azurementsport.fr\/?s={search_term_string}"},"query-input":{"@type":"PropertyValueSpecification","valueRequired":true,"valueName":"search_term_string"}}],"inLanguage":"fr-FR"},{"@type":"Organization","@id":"https:\/\/azurementsport.fr\/#organization","name":"Azurement Sport","url":"https:\/\/azurementsport.fr\/","logo":{"@type":"ImageObject","inLanguage":"fr-FR","@id":"https:\/\/azurementsport.fr\/#\/schema\/logo\/image\/","url":"https:\/\/azurementsport.fr\/wp-content\/uploads\/2024\/05\/cropped-cropped-AZUREMENT_SPORT__1_-removebg-preview.png","contentUrl":"https:\/\/azurementsport.fr\/wp-content\/uploads\/2024\/05\/cropped-cropped-AZUREMENT_SPORT__1_-removebg-preview.png","width":500,"height":224,"caption":"Azurement Sport"},"image":{"@id":"https:\/\/azurementsport.fr\/#\/schema\/logo\/image\/"}},{"@type":"Person","@id":"https:\/\/azurementsport.fr\/#\/schema\/person\/bde18bf25893b2da2f70aa0e69fa7081","name":"Azurement Sport","image":{"@type":"ImageObject","inLanguage":"fr-FR","@id":"https:\/\/azurementsport.fr\/#\/schema\/person\/image\/","url":"https:\/\/secure.gravatar.com\/avatar\/6ac2f8b3453d709891d9b248de3f290cee35f005edbe13d94d6fb2c1b54e4fbd?s=96&d=mm&r=g","contentUrl":"https:\/\/secure.gravatar.com\/avatar\/6ac2f8b3453d709891d9b248de3f290cee35f005edbe13d94d6fb2c1b54e4fbd?s=96&d=mm&r=g","caption":"Azurement Sport"},"sameAs":["http:\/\/azurementsport.fr"],"url":"https:\/\/azurementsport.fr\/index.php\/author\/admin3210\/"}]}},"jetpack_featured_media_url":"https:\/\/azurementsport.fr\/wp-content\/uploads\/2024\/11\/Capture-decran-2024-11-17-120348.png","jetpack_sharing_enabled":true,"jetpack-related-posts":[],"_links":{"self":[{"href":"https:\/\/azurementsport.fr\/index.php\/wp-json\/wp\/v2\/posts\/876","targetHints":{"allow":["GET"]}}],"collection":[{"href":"https:\/\/azurementsport.fr\/index.php\/wp-json\/wp\/v2\/posts"}],"about":[{"href":"https:\/\/azurementsport.fr\/index.php\/wp-json\/wp\/v2\/types\/post"}],"author":[{"embeddable":true,"href":"https:\/\/azurementsport.fr\/index.php\/wp-json\/wp\/v2\/users\/1"}],"replies":[{"embeddable":true,"href":"https:\/\/azurementsport.fr\/index.php\/wp-json\/wp\/v2\/comments?post=876"}],"version-history":[{"count":2,"href":"https:\/\/azurementsport.fr\/index.php\/wp-json\/wp\/v2\/posts\/876\/revisions"}],"predecessor-version":[{"id":880,"href":"https:\/\/azurementsport.fr\/index.php\/wp-json\/wp\/v2\/posts\/876\/revisions\/880"}],"wp:featuredmedia":[{"embeddable":true,"href":"https:\/\/azurementsport.fr\/index.php\/wp-json\/wp\/v2\/media\/878"}],"wp:attachment":[{"href":"https:\/\/azurementsport.fr\/index.php\/wp-json\/wp\/v2\/media?parent=876"}],"wp:term":[{"taxonomy":"category","embeddable":true,"href":"https:\/\/azurementsport.fr\/index.php\/wp-json\/wp\/v2\/categories?post=876"},{"taxonomy":"post_tag","embeddable":true,"href":"https:\/\/azurementsport.fr\/index.php\/wp-json\/wp\/v2\/tags?post=876"}],"curies":[{"name":"wp","href":"https:\/\/api.w.org\/{rel}","templated":true}]}}