{"id":937,"date":"2024-11-21T13:49:31","date_gmt":"2024-11-21T12:49:31","guid":{"rendered":"https:\/\/azurementsport.fr\/?p=937"},"modified":"2024-11-21T14:26:25","modified_gmt":"2024-11-21T13:26:25","slug":"euroleague-face-a-lasvel-et-sans-sasa-la-roca-team-est-attendue-au-rebond","status":"publish","type":"post","link":"https:\/\/azurementsport.fr\/index.php\/2024\/11\/21\/euroleague-face-a-lasvel-et-sans-sasa-la-roca-team-est-attendue-au-rebond\/","title":{"rendered":"Euroleague : Face \u00e0 l\u2019ASVEL et sans Sasa, la Roca Team est attendue au rebond"},"content":{"rendered":"\n<p><strong>Trois jours apr\u00e8s l\u2019annonce surprise du d\u00e9part de Sasa Obradovic, l&rsquo;AS Monaco Basket se pr\u00e9pare \u00e0 un duel fratricide, ce soir, face \u00e0 l&rsquo;ASVEL pour la 11\u00e8me journ\u00e9e d\u2019Euroleague. Une d\u00e9cision secouant quelque peu la Principaut\u00e9 avec pour objectif de cr\u00e9er un \u00e9lectrochoc parmi les joueurs.<\/strong><\/p>\n\n\n\n<p><em>\u00ab Ce sont des jours un peu diff\u00e9rents des autres,<\/em> explique <strong>Matthew Strazel<\/strong>. <em>On prend tous cette d\u00e9cision comme un \u00e9chec<\/em>. <em>Cela ne fait jamais plaisir de voir un coach partir \u00bb<\/em>. Lundi soir, l&rsquo;annonce de l\u2019\u00e9viction de <strong>Sasa Obradovic<\/strong> a pris de court les supporters mon\u00e9gasques et les observateurs du basket. M\u00eame si <strong>Monaco<\/strong> restait sur deux d\u00e9faites cons\u00e9cutives \u00e0 <strong>Gaston-M\u00e9decin<\/strong> (face \u00e0 <strong>Belgrade <\/strong>puis au <strong>Mans<\/strong>), rien ne laissait pr\u00e9sager une d\u00e9cision si soudaine.<\/p>\n\n\n\n<p>Est-ce les sifflets dirig\u00e9s envers l\u2019entra\u00eeneur serbe qui ont ent\u00e9rin\u00e9 ce choix ? Pour le moment aucune explication de celui qui \u00e9tait l\u2019entra\u00eeneur de la <strong>Roca Team<\/strong> depuis 2020 n\u2019a \u00e9t\u00e9 faite. Le <em>board<\/em> mon\u00e9gasque annonce une s\u00e9paration d\u2019un <em>\u00ab commun accord \u00bb,<\/em> m\u00eame si le technicien serbe s\u2019est dit <em>\u00ab profond\u00e9ment bless\u00e9 \u00bb <\/em>par les reproches du public \u00e0 son \u00e9gard apr\u00e8s le revers face \u00e0 <strong>Le Mans<\/strong> (74-86).<\/p>\n\n\n\n<h3 class=\"wp-block-heading\"><strong>Gagner la bataille des rebonds<\/strong><\/h3>\n\n\n\n<p>Toutefois, le sportif doit reprendre le dessus et l\u2019ex-adjoint, <strong>Manuchar Markoishvili<\/strong>, arrive \u00e0 la rescousse pour remettre la <strong>Roca Team <\/strong>sur de bons rails ce soir face \u00e0 <strong>l\u2019ASVEL<\/strong>. <em>\u00ab Entra\u00eener sans Sasa c&rsquo;est quelque chose d\u2019un peu bizarre<\/em>, avoue le nouvel entra\u00eeneur. <em>C\u2019est un nouveau challenge, un d\u00e9fi excitant \u00bb<\/em>.<\/p>\n\n\n\n<p>Au-del\u00e0 de la satisfaction personnelle, le coach g\u00e9orgien attend surtout un meilleur visage de ses joueurs, notamment sous le cercle, un secteur o\u00f9 la Roca Team a failli face au Mans, en perdant <strong>47 ballons<\/strong>. <em>\u00ab J\u2019attends de mes joueurs qu\u2019ils soient surtout concentr\u00e9s sur le jeu \u00bb<\/em>, pr\u00e9vient-il. Une bataille des rebonds qui se fera en altitude ce soir puisque les int\u00e9rieurs mon\u00e9gasques devront r\u00e9ussir \u00e0 museler les <strong>2m10<\/strong> de <strong>Joffrey Lauvergne<\/strong>, puissant dans la raquette .<\/p>\n\n\n\n<h3 class=\"wp-block-heading\"><strong>L\u2019ASVEL, une revanche \u00e0 prendre<\/strong><\/h3>\n\n\n\n<p>Ce match entre coll\u00e8gues du <strong>championnat de France<\/strong> doit \u00e9galement permettre aux co\u00e9quipiers de <strong>Matthew Strazel, <\/strong>ancien de la maison lyonnaise, de prendre leur revanche face \u00e0 un adversaire qui avait battu les <strong>Mon\u00e9gasques <\/strong>en championnat (88-71), d\u00e9but octobre. <em>\u00ab On se doit de rebondir. C\u2019est toujours de grosses confrontations contre Villeurbanne, ils sont toujours rod\u00e9s. Il faut s\u2019attendre \u00e0 un match serr\u00e9 \u00bb<\/em>, explique le meneur tricolore de la Roca Team.&nbsp;<\/p>\n\n\n\n<p>La cl\u00e9 de cette rencontre sera <em>\u00ab de stopper<\/em><strong><em> Th\u00e9o <\/em>(Maledon)<\/strong> <em>et <\/em><strong><em>Nando <\/em>(de Colo) <\/strong><em>\u00bb<\/em>, d\u2019apr\u00e8s Strazel. Des joueurs <em>\u00ab capables de cr\u00e9er et shooter d\u2019\u00e0 peu pr\u00e8s partout \u00bb<\/em>.&nbsp;<\/p>\n\n\n\n<p>Si des noms tels que <strong>Sergio Scariolo<\/strong> ou <strong>Vassilis Spanoulis <\/strong>sont pressentis pour s\u2019assoir sur le banc, l\u2019effectif devra avant tout \u00eatre attentif \u00e0 chaque individualit\u00e9 et <em>\u00ab\u00a0ne faire qu\u2019un\u00a0\u00bb <\/em>ce soir \u00e0 <strong>Gaston-M\u00e9decin.<\/strong> Sans <strong>Obradovic<\/strong> certes, mais avec du c\u0153ur \u00e7a c\u2019est certain.<\/p>\n\n\n\n<p><strong>Quentin Barbaza<\/strong><\/p>\n","protected":false},"excerpt":{"rendered":"<p>Trois jours apr\u00e8s l\u2019annonce surprise du d\u00e9part de Sasa Obradovic, l&rsquo;AS Monaco Basket se pr\u00e9pare \u00e0 un duel fratricide, ce&hellip;<\/p>\n","protected":false},"author":1,"featured_media":938,"comment_status":"open","ping_status":"open","sticky":false,"template":"","format":"standard","meta":{"_jetpack_memberships_contains_paid_content":false,"footnotes":""},"categories":[27],"tags":[524,525,527,403,45,526,47,170],"class_list":["post-937","post","type-post","status-publish","format-standard","has-post-thumbnail","hentry","category-basket","tag-asvel","tag-lyon-villeurbanne","tag-manuchar-markoishvili","tag-matthew-strazel","tag-monaco","tag-obradovic","tag-roca-team","tag-sasa-obradovic"],"yoast_head":"<!-- This site is optimized with the Yoast SEO plugin v24.5 - https:\/\/yoast.com\/wordpress\/plugins\/seo\/ -->\n<title>Euroleague : Face \u00e0 l\u2019ASVEL et sans Sasa, la Roca Team est attendue au rebond - Azurement Sport<\/title>\n<meta name=\"robots\" content=\"index, follow, max-snippet:-1, max-image-preview:large, max-video-preview:-1\" \/>\n<link rel=\"canonical\" href=\"https:\/\/azurementsport.fr\/index.php\/2024\/11\/21\/euroleague-face-a-lasvel-et-sans-sasa-la-roca-team-est-attendue-au-rebond\/\" \/>\n<meta property=\"og:locale\" content=\"fr_FR\" \/>\n<meta property=\"og:type\" content=\"article\" \/>\n<meta property=\"og:title\" content=\"Euroleague : Face \u00e0 l\u2019ASVEL et sans Sasa, la Roca Team est attendue au rebond - Azurement Sport\" \/>\n<meta property=\"og:description\" content=\"Trois jours apr\u00e8s l\u2019annonce surprise du d\u00e9part de Sasa Obradovic, l&rsquo;AS Monaco Basket se pr\u00e9pare \u00e0 un duel fratricide, ce&hellip;\" \/>\n<meta property=\"og:url\" content=\"https:\/\/azurementsport.fr\/index.php\/2024\/11\/21\/euroleague-face-a-lasvel-et-sans-sasa-la-roca-team-est-attendue-au-rebond\/\" \/>\n<meta property=\"og:site_name\" content=\"Azurement Sport\" \/>\n<meta property=\"article:published_time\" content=\"2024-11-21T12:49:31+00:00\" \/>\n<meta property=\"article:modified_time\" content=\"2024-11-21T13:26:25+00:00\" \/>\n<meta property=\"og:image\" content=\"https:\/\/azurementsport.fr\/wp-content\/uploads\/2024\/11\/467477872_2132941297101545_411723472896966584_n.jpg\" \/>\n\t<meta property=\"og:image:width\" content=\"1170\" \/>\n\t<meta property=\"og:image:height\" content=\"658\" \/>\n\t<meta property=\"og:image:type\" content=\"image\/jpeg\" \/>\n<meta name=\"author\" content=\"Azurement Sport\" \/>\n<meta name=\"twitter:card\" content=\"summary_large_image\" \/>\n<meta name=\"twitter:label1\" content=\"\u00c9crit par\" \/>\n\t<meta name=\"twitter:data1\" content=\"Azurement Sport\" \/>\n\t<meta name=\"twitter:label2\" content=\"Dur\u00e9e de lecture estim\u00e9e\" \/>\n\t<meta name=\"twitter:data2\" content=\"3 minutes\" \/>\n<script type=\"application\/ld+json\" class=\"yoast-schema-graph\">{\"@context\":\"https:\/\/schema.org\",\"@graph\":[{\"@type\":\"Article\",\"@id\":\"https:\/\/azurementsport.fr\/index.php\/2024\/11\/21\/euroleague-face-a-lasvel-et-sans-sasa-la-roca-team-est-attendue-au-rebond\/#article\",\"isPartOf\":{\"@id\":\"https:\/\/azurementsport.fr\/index.php\/2024\/11\/21\/euroleague-face-a-lasvel-et-sans-sasa-la-roca-team-est-attendue-au-rebond\/\"},\"author\":{\"name\":\"Azurement Sport\",\"@id\":\"https:\/\/azurementsport.fr\/#\/schema\/person\/bde18bf25893b2da2f70aa0e69fa7081\"},\"headline\":\"Euroleague : Face \u00e0 l\u2019ASVEL et sans Sasa, la Roca Team est attendue au rebond\",\"datePublished\":\"2024-11-21T12:49:31+00:00\",\"dateModified\":\"2024-11-21T13:26:25+00:00\",\"mainEntityOfPage\":{\"@id\":\"https:\/\/azurementsport.fr\/index.php\/2024\/11\/21\/euroleague-face-a-lasvel-et-sans-sasa-la-roca-team-est-attendue-au-rebond\/\"},\"wordCount\":532,\"commentCount\":0,\"publisher\":{\"@id\":\"https:\/\/azurementsport.fr\/#organization\"},\"image\":{\"@id\":\"https:\/\/azurementsport.fr\/index.php\/2024\/11\/21\/euroleague-face-a-lasvel-et-sans-sasa-la-roca-team-est-attendue-au-rebond\/#primaryimage\"},\"thumbnailUrl\":\"https:\/\/azurementsport.fr\/wp-content\/uploads\/2024\/11\/467477872_2132941297101545_411723472896966584_n.jpg\",\"keywords\":[\"ASVEL\",\"Lyon-Villeurbanne\",\"Manuchar Markoishvili\",\"Matthew Strazel\",\"Monaco\",\"Obradovic\",\"Roca Team\",\"Sasa Obradovic\"],\"articleSection\":[\"Basket\"],\"inLanguage\":\"fr-FR\",\"potentialAction\":[{\"@type\":\"CommentAction\",\"name\":\"Comment\",\"target\":[\"https:\/\/azurementsport.fr\/index.php\/2024\/11\/21\/euroleague-face-a-lasvel-et-sans-sasa-la-roca-team-est-attendue-au-rebond\/#respond\"]}]},{\"@type\":\"WebPage\",\"@id\":\"https:\/\/azurementsport.fr\/index.php\/2024\/11\/21\/euroleague-face-a-lasvel-et-sans-sasa-la-roca-team-est-attendue-au-rebond\/\",\"url\":\"https:\/\/azurementsport.fr\/index.php\/2024\/11\/21\/euroleague-face-a-lasvel-et-sans-sasa-la-roca-team-est-attendue-au-rebond\/\",\"name\":\"Euroleague : Face \u00e0 l\u2019ASVEL et sans Sasa, la Roca Team est attendue au rebond - Azurement Sport\",\"isPartOf\":{\"@id\":\"https:\/\/azurementsport.fr\/#website\"},\"primaryImageOfPage\":{\"@id\":\"https:\/\/azurementsport.fr\/index.php\/2024\/11\/21\/euroleague-face-a-lasvel-et-sans-sasa-la-roca-team-est-attendue-au-rebond\/#primaryimage\"},\"image\":{\"@id\":\"https:\/\/azurementsport.fr\/index.php\/2024\/11\/21\/euroleague-face-a-lasvel-et-sans-sasa-la-roca-team-est-attendue-au-rebond\/#primaryimage\"},\"thumbnailUrl\":\"https:\/\/azurementsport.fr\/wp-content\/uploads\/2024\/11\/467477872_2132941297101545_411723472896966584_n.jpg\",\"datePublished\":\"2024-11-21T12:49:31+00:00\",\"dateModified\":\"2024-11-21T13:26:25+00:00\",\"breadcrumb\":{\"@id\":\"https:\/\/azurementsport.fr\/index.php\/2024\/11\/21\/euroleague-face-a-lasvel-et-sans-sasa-la-roca-team-est-attendue-au-rebond\/#breadcrumb\"},\"inLanguage\":\"fr-FR\",\"potentialAction\":[{\"@type\":\"ReadAction\",\"target\":[\"https:\/\/azurementsport.fr\/index.php\/2024\/11\/21\/euroleague-face-a-lasvel-et-sans-sasa-la-roca-team-est-attendue-au-rebond\/\"]}]},{\"@type\":\"ImageObject\",\"inLanguage\":\"fr-FR\",\"@id\":\"https:\/\/azurementsport.fr\/index.php\/2024\/11\/21\/euroleague-face-a-lasvel-et-sans-sasa-la-roca-team-est-attendue-au-rebond\/#primaryimage\",\"url\":\"https:\/\/azurementsport.fr\/wp-content\/uploads\/2024\/11\/467477872_2132941297101545_411723472896966584_n.jpg\",\"contentUrl\":\"https:\/\/azurementsport.fr\/wp-content\/uploads\/2024\/11\/467477872_2132941297101545_411723472896966584_n.jpg\",\"width\":1170,\"height\":658,\"caption\":\"L'AS Monaco Basket affronte l'ASVEL ce soir \u00e0 Gaston-M\u00e9decin \u00a9 Q.B\"},{\"@type\":\"BreadcrumbList\",\"@id\":\"https:\/\/azurementsport.fr\/index.php\/2024\/11\/21\/euroleague-face-a-lasvel-et-sans-sasa-la-roca-team-est-attendue-au-rebond\/#breadcrumb\",\"itemListElement\":[{\"@type\":\"ListItem\",\"position\":1,\"name\":\"Accueil\",\"item\":\"https:\/\/azurementsport.fr\/\"},{\"@type\":\"ListItem\",\"position\":2,\"name\":\"Euroleague : Face \u00e0 l\u2019ASVEL et sans Sasa, la Roca Team est attendue au rebond\"}]},{\"@type\":\"WebSite\",\"@id\":\"https:\/\/azurementsport.fr\/#website\",\"url\":\"https:\/\/azurementsport.fr\/\",\"name\":\"Azurement Sport\",\"description\":\"Toute l&#039;actualit\u00e9 sportive de la C\u00f4te d&#039;Azur\",\"publisher\":{\"@id\":\"https:\/\/azurementsport.fr\/#organization\"},\"potentialAction\":[{\"@type\":\"SearchAction\",\"target\":{\"@type\":\"EntryPoint\",\"urlTemplate\":\"https:\/\/azurementsport.fr\/?s={search_term_string}\"},\"query-input\":{\"@type\":\"PropertyValueSpecification\",\"valueRequired\":true,\"valueName\":\"search_term_string\"}}],\"inLanguage\":\"fr-FR\"},{\"@type\":\"Organization\",\"@id\":\"https:\/\/azurementsport.fr\/#organization\",\"name\":\"Azurement Sport\",\"url\":\"https:\/\/azurementsport.fr\/\",\"logo\":{\"@type\":\"ImageObject\",\"inLanguage\":\"fr-FR\",\"@id\":\"https:\/\/azurementsport.fr\/#\/schema\/logo\/image\/\",\"url\":\"https:\/\/azurementsport.fr\/wp-content\/uploads\/2024\/05\/cropped-cropped-AZUREMENT_SPORT__1_-removebg-preview.png\",\"contentUrl\":\"https:\/\/azurementsport.fr\/wp-content\/uploads\/2024\/05\/cropped-cropped-AZUREMENT_SPORT__1_-removebg-preview.png\",\"width\":500,\"height\":224,\"caption\":\"Azurement Sport\"},\"image\":{\"@id\":\"https:\/\/azurementsport.fr\/#\/schema\/logo\/image\/\"}},{\"@type\":\"Person\",\"@id\":\"https:\/\/azurementsport.fr\/#\/schema\/person\/bde18bf25893b2da2f70aa0e69fa7081\",\"name\":\"Azurement Sport\",\"image\":{\"@type\":\"ImageObject\",\"inLanguage\":\"fr-FR\",\"@id\":\"https:\/\/azurementsport.fr\/#\/schema\/person\/image\/\",\"url\":\"https:\/\/secure.gravatar.com\/avatar\/6ac2f8b3453d709891d9b248de3f290cee35f005edbe13d94d6fb2c1b54e4fbd?s=96&d=mm&r=g\",\"contentUrl\":\"https:\/\/secure.gravatar.com\/avatar\/6ac2f8b3453d709891d9b248de3f290cee35f005edbe13d94d6fb2c1b54e4fbd?s=96&d=mm&r=g\",\"caption\":\"Azurement Sport\"},\"sameAs\":[\"http:\/\/azurementsport.fr\"],\"url\":\"https:\/\/azurementsport.fr\/index.php\/author\/admin3210\/\"}]}<\/script>\n<!-- \/ Yoast SEO plugin. -->","yoast_head_json":{"title":"Euroleague : Face \u00e0 l\u2019ASVEL et sans Sasa, la Roca Team est attendue au rebond - Azurement Sport","robots":{"index":"index","follow":"follow","max-snippet":"max-snippet:-1","max-image-preview":"max-image-preview:large","max-video-preview":"max-video-preview:-1"},"canonical":"https:\/\/azurementsport.fr\/index.php\/2024\/11\/21\/euroleague-face-a-lasvel-et-sans-sasa-la-roca-team-est-attendue-au-rebond\/","og_locale":"fr_FR","og_type":"article","og_title":"Euroleague : Face \u00e0 l\u2019ASVEL et sans Sasa, la Roca Team est attendue au rebond - Azurement Sport","og_description":"Trois jours apr\u00e8s l\u2019annonce surprise du d\u00e9part de Sasa Obradovic, l&rsquo;AS Monaco Basket se pr\u00e9pare \u00e0 un duel fratricide, ce&hellip;","og_url":"https:\/\/azurementsport.fr\/index.php\/2024\/11\/21\/euroleague-face-a-lasvel-et-sans-sasa-la-roca-team-est-attendue-au-rebond\/","og_site_name":"Azurement Sport","article_published_time":"2024-11-21T12:49:31+00:00","article_modified_time":"2024-11-21T13:26:25+00:00","og_image":[{"width":1170,"height":658,"url":"https:\/\/azurementsport.fr\/wp-content\/uploads\/2024\/11\/467477872_2132941297101545_411723472896966584_n.jpg","type":"image\/jpeg"}],"author":"Azurement Sport","twitter_card":"summary_large_image","twitter_misc":{"\u00c9crit par":"Azurement Sport","Dur\u00e9e de lecture estim\u00e9e":"3 minutes"},"schema":{"@context":"https:\/\/schema.org","@graph":[{"@type":"Article","@id":"https:\/\/azurementsport.fr\/index.php\/2024\/11\/21\/euroleague-face-a-lasvel-et-sans-sasa-la-roca-team-est-attendue-au-rebond\/#article","isPartOf":{"@id":"https:\/\/azurementsport.fr\/index.php\/2024\/11\/21\/euroleague-face-a-lasvel-et-sans-sasa-la-roca-team-est-attendue-au-rebond\/"},"author":{"name":"Azurement Sport","@id":"https:\/\/azurementsport.fr\/#\/schema\/person\/bde18bf25893b2da2f70aa0e69fa7081"},"headline":"Euroleague : Face \u00e0 l\u2019ASVEL et sans Sasa, la Roca Team est attendue au rebond","datePublished":"2024-11-21T12:49:31+00:00","dateModified":"2024-11-21T13:26:25+00:00","mainEntityOfPage":{"@id":"https:\/\/azurementsport.fr\/index.php\/2024\/11\/21\/euroleague-face-a-lasvel-et-sans-sasa-la-roca-team-est-attendue-au-rebond\/"},"wordCount":532,"commentCount":0,"publisher":{"@id":"https:\/\/azurementsport.fr\/#organization"},"image":{"@id":"https:\/\/azurementsport.fr\/index.php\/2024\/11\/21\/euroleague-face-a-lasvel-et-sans-sasa-la-roca-team-est-attendue-au-rebond\/#primaryimage"},"thumbnailUrl":"https:\/\/azurementsport.fr\/wp-content\/uploads\/2024\/11\/467477872_2132941297101545_411723472896966584_n.jpg","keywords":["ASVEL","Lyon-Villeurbanne","Manuchar Markoishvili","Matthew Strazel","Monaco","Obradovic","Roca Team","Sasa Obradovic"],"articleSection":["Basket"],"inLanguage":"fr-FR","potentialAction":[{"@type":"CommentAction","name":"Comment","target":["https:\/\/azurementsport.fr\/index.php\/2024\/11\/21\/euroleague-face-a-lasvel-et-sans-sasa-la-roca-team-est-attendue-au-rebond\/#respond"]}]},{"@type":"WebPage","@id":"https:\/\/azurementsport.fr\/index.php\/2024\/11\/21\/euroleague-face-a-lasvel-et-sans-sasa-la-roca-team-est-attendue-au-rebond\/","url":"https:\/\/azurementsport.fr\/index.php\/2024\/11\/21\/euroleague-face-a-lasvel-et-sans-sasa-la-roca-team-est-attendue-au-rebond\/","name":"Euroleague : Face \u00e0 l\u2019ASVEL et sans Sasa, la Roca Team est attendue au rebond - Azurement Sport","isPartOf":{"@id":"https:\/\/azurementsport.fr\/#website"},"primaryImageOfPage":{"@id":"https:\/\/azurementsport.fr\/index.php\/2024\/11\/21\/euroleague-face-a-lasvel-et-sans-sasa-la-roca-team-est-attendue-au-rebond\/#primaryimage"},"image":{"@id":"https:\/\/azurementsport.fr\/index.php\/2024\/11\/21\/euroleague-face-a-lasvel-et-sans-sasa-la-roca-team-est-attendue-au-rebond\/#primaryimage"},"thumbnailUrl":"https:\/\/azurementsport.fr\/wp-content\/uploads\/2024\/11\/467477872_2132941297101545_411723472896966584_n.jpg","datePublished":"2024-11-21T12:49:31+00:00","dateModified":"2024-11-21T13:26:25+00:00","breadcrumb":{"@id":"https:\/\/azurementsport.fr\/index.php\/2024\/11\/21\/euroleague-face-a-lasvel-et-sans-sasa-la-roca-team-est-attendue-au-rebond\/#breadcrumb"},"inLanguage":"fr-FR","potentialAction":[{"@type":"ReadAction","target":["https:\/\/azurementsport.fr\/index.php\/2024\/11\/21\/euroleague-face-a-lasvel-et-sans-sasa-la-roca-team-est-attendue-au-rebond\/"]}]},{"@type":"ImageObject","inLanguage":"fr-FR","@id":"https:\/\/azurementsport.fr\/index.php\/2024\/11\/21\/euroleague-face-a-lasvel-et-sans-sasa-la-roca-team-est-attendue-au-rebond\/#primaryimage","url":"https:\/\/azurementsport.fr\/wp-content\/uploads\/2024\/11\/467477872_2132941297101545_411723472896966584_n.jpg","contentUrl":"https:\/\/azurementsport.fr\/wp-content\/uploads\/2024\/11\/467477872_2132941297101545_411723472896966584_n.jpg","width":1170,"height":658,"caption":"L'AS Monaco Basket affronte l'ASVEL ce soir \u00e0 Gaston-M\u00e9decin \u00a9 Q.B"},{"@type":"BreadcrumbList","@id":"https:\/\/azurementsport.fr\/index.php\/2024\/11\/21\/euroleague-face-a-lasvel-et-sans-sasa-la-roca-team-est-attendue-au-rebond\/#breadcrumb","itemListElement":[{"@type":"ListItem","position":1,"name":"Accueil","item":"https:\/\/azurementsport.fr\/"},{"@type":"ListItem","position":2,"name":"Euroleague : Face \u00e0 l\u2019ASVEL et sans Sasa, la Roca Team est attendue au rebond"}]},{"@type":"WebSite","@id":"https:\/\/azurementsport.fr\/#website","url":"https:\/\/azurementsport.fr\/","name":"Azurement Sport","description":"Toute l&#039;actualit\u00e9 sportive de la C\u00f4te d&#039;Azur","publisher":{"@id":"https:\/\/azurementsport.fr\/#organization"},"potentialAction":[{"@type":"SearchAction","target":{"@type":"EntryPoint","urlTemplate":"https:\/\/azurementsport.fr\/?s={search_term_string}"},"query-input":{"@type":"PropertyValueSpecification","valueRequired":true,"valueName":"search_term_string"}}],"inLanguage":"fr-FR"},{"@type":"Organization","@id":"https:\/\/azurementsport.fr\/#organization","name":"Azurement Sport","url":"https:\/\/azurementsport.fr\/","logo":{"@type":"ImageObject","inLanguage":"fr-FR","@id":"https:\/\/azurementsport.fr\/#\/schema\/logo\/image\/","url":"https:\/\/azurementsport.fr\/wp-content\/uploads\/2024\/05\/cropped-cropped-AZUREMENT_SPORT__1_-removebg-preview.png","contentUrl":"https:\/\/azurementsport.fr\/wp-content\/uploads\/2024\/05\/cropped-cropped-AZUREMENT_SPORT__1_-removebg-preview.png","width":500,"height":224,"caption":"Azurement Sport"},"image":{"@id":"https:\/\/azurementsport.fr\/#\/schema\/logo\/image\/"}},{"@type":"Person","@id":"https:\/\/azurementsport.fr\/#\/schema\/person\/bde18bf25893b2da2f70aa0e69fa7081","name":"Azurement Sport","image":{"@type":"ImageObject","inLanguage":"fr-FR","@id":"https:\/\/azurementsport.fr\/#\/schema\/person\/image\/","url":"https:\/\/secure.gravatar.com\/avatar\/6ac2f8b3453d709891d9b248de3f290cee35f005edbe13d94d6fb2c1b54e4fbd?s=96&d=mm&r=g","contentUrl":"https:\/\/secure.gravatar.com\/avatar\/6ac2f8b3453d709891d9b248de3f290cee35f005edbe13d94d6fb2c1b54e4fbd?s=96&d=mm&r=g","caption":"Azurement Sport"},"sameAs":["http:\/\/azurementsport.fr"],"url":"https:\/\/azurementsport.fr\/index.php\/author\/admin3210\/"}]}},"jetpack_featured_media_url":"https:\/\/azurementsport.fr\/wp-content\/uploads\/2024\/11\/467477872_2132941297101545_411723472896966584_n.jpg","jetpack_sharing_enabled":true,"jetpack-related-posts":[],"_links":{"self":[{"href":"https:\/\/azurementsport.fr\/index.php\/wp-json\/wp\/v2\/posts\/937","targetHints":{"allow":["GET"]}}],"collection":[{"href":"https:\/\/azurementsport.fr\/index.php\/wp-json\/wp\/v2\/posts"}],"about":[{"href":"https:\/\/azurementsport.fr\/index.php\/wp-json\/wp\/v2\/types\/post"}],"author":[{"embeddable":true,"href":"https:\/\/azurementsport.fr\/index.php\/wp-json\/wp\/v2\/users\/1"}],"replies":[{"embeddable":true,"href":"https:\/\/azurementsport.fr\/index.php\/wp-json\/wp\/v2\/comments?post=937"}],"version-history":[{"count":5,"href":"https:\/\/azurementsport.fr\/index.php\/wp-json\/wp\/v2\/posts\/937\/revisions"}],"predecessor-version":[{"id":944,"href":"https:\/\/azurementsport.fr\/index.php\/wp-json\/wp\/v2\/posts\/937\/revisions\/944"}],"wp:featuredmedia":[{"embeddable":true,"href":"https:\/\/azurementsport.fr\/index.php\/wp-json\/wp\/v2\/media\/938"}],"wp:attachment":[{"href":"https:\/\/azurementsport.fr\/index.php\/wp-json\/wp\/v2\/media?parent=937"}],"wp:term":[{"taxonomy":"category","embeddable":true,"href":"https:\/\/azurementsport.fr\/index.php\/wp-json\/wp\/v2\/categories?post=937"},{"taxonomy":"post_tag","embeddable":true,"href":"https:\/\/azurementsport.fr\/index.php\/wp-json\/wp\/v2\/tags?post=937"}],"curies":[{"name":"wp","href":"https:\/\/api.w.org\/{rel}","templated":true}]}}