{"id":960,"date":"2024-11-23T23:42:29","date_gmt":"2024-11-23T22:42:29","guid":{"rendered":"https:\/\/azurementsport.fr\/?p=960"},"modified":"2024-11-24T10:01:27","modified_gmt":"2024-11-24T09:01:27","slug":"national-2-las-cannes-arrache-un-nul-in-extremis-face-au-goal-fc","status":"publish","type":"post","link":"https:\/\/azurementsport.fr\/index.php\/2024\/11\/23\/national-2-las-cannes-arrache-un-nul-in-extremis-face-au-goal-fc\/","title":{"rendered":"National 2 : L\u2019AS Cannes arrache un nul in extremis face au GOAL FC"},"content":{"rendered":"\n<p><strong>En d\u00e9placement sur la pelouse du GOAL FC pour la 11\u1d49 journ\u00e9e de National 2, l\u2019AS Cannes a \u00e9vit\u00e9 de justesse la d\u00e9faite gr\u00e2ce \u00e0 un but de Julien Domingues dans le temps additionnel (1-1). R\u00e9duits \u00e0 10 d\u00e8s la 52\u1d49 minute, les Dragons ont montr\u00e9 du caract\u00e8re pour repartir avec un point m\u00e9rit\u00e9.<\/strong><\/p>\n\n\n\n<p>D\u00e8s les premi\u00e8res minutes, les <strong>Cannois<\/strong> prennent l\u2019ascendant sur leurs adversaires. <strong>Offensifs<\/strong> et <strong>entreprenants<\/strong>, les Dragons multiplient les occasions, sans parvenir \u00e0 concr\u00e9tiser. Une habitude frustrante pour les hommes de la Croisette, dont le manque de r\u00e9alisme dans le dernier geste continue de peser sur leurs performances cette saison.<\/p>\n\n\n\n<p>En face, la d\u00e9fense bien organis\u00e9e du<strong> GOAL FC<\/strong> r\u00e9siste gr\u00e2ce \u00e0 un gardien attentif et des interventions d\u00e9cisives. Malgr\u00e9 leur domination, les visiteurs regagnent les vestiaires sans avoir trouv\u00e9 la faille (0-0).<\/p>\n\n\n\n<h3 class=\"wp-block-heading\"><strong>Une seconde p\u00e9riode riche en rebondissements<\/strong><\/h3>\n\n\n\n<p>Au retour des vestiaires, <strong>Cannes<\/strong> semblait pr\u00eat \u00e0 prendre l\u2019avantage. D\u00e8s la 46\u1d49 minute, <strong>Hamza Hafidi<\/strong> envoie une <strong>frappe puissante<\/strong> qui s\u2019\u00e9crase violemment sur la <strong>barre transversale<\/strong>, fr\u00f4lant l\u2019ouverture du score. Mais le match basculait quelques minutes plus tard, <strong>Hamza Hafidi<\/strong>, acteur cl\u00e9 des derni\u00e8res rencontres, est <strong>expuls\u00e9<\/strong> \u00e0 la 52\u1d49 minute pour un tacle jug\u00e9 trop engag\u00e9 par l&rsquo;arbitre. Les <strong>Dragons<\/strong> se retrouvent<strong> r\u00e9duits \u00e0 10<\/strong> et contraints de r\u00e9sister.<\/p>\n\n\n\n<p>Profitant de leur sup\u00e9riorit\u00e9 num\u00e9rique, les locaux prennent l\u2019avantage \u00e0 la 74\u1d49 minute sur <strong>penalty<\/strong>. <strong>L\u00e9o Fichten<\/strong>, serein face au portier cannois, transforme l\u2019occasion pour <strong>GOAL FC<\/strong> (1-0).<\/p>\n\n\n\n<p>Malgr\u00e9 ce coup dur, <strong>l&rsquo;AS Cannes<\/strong> ne baisse pas les bras. \u00c0 la 84\u1d49 minute, <strong>Cheickh Ndoye<\/strong>, le capitaine cannois, voit sa t\u00eate sur corner heurter une nouvelle fois la <strong>barre transversale<\/strong>, symbole d\u2019une soir\u00e9e frustrante. Mais dans les ultimes secondes du match (90+4), <strong>Julien Domingues<\/strong> surgit dans la surface pour <strong>\u00e9galiser<\/strong>, offrant aux siens un point inesp\u00e9r\u00e9 (1-1).<\/p>\n\n\n\n<h3 class=\"wp-block-heading\"><strong>Un point pr\u00e9cieux pour les Dragons<\/strong><\/h3>\n\n\n\n<p>Ce point permet aux <strong>Dragons<\/strong> de rester au contact, mais l\u2019inefficacit\u00e9 chronique devant le but reste un probl\u00e8me \u00e0 r\u00e9soudre rapidement pour esp\u00e9rer grimper au classement. En attendant, l\u2019<strong>AS Cannes<\/strong> est toujours bloqu\u00e9 dans la <strong>zone de rel\u00e9gation<\/strong>. Il faudra esp\u00e9rer une victoire dans deux semaines face au <strong>Istres<\/strong> <strong>FC<\/strong> \u00e0 domicile pour se donner un peu d\u2019air et sortir de cette mauvaise spirale.<\/p>\n\n\n\n<p class=\"has-text-align-right\"><strong>Maxence Mulli\u00e9<\/strong><\/p>\n\n\n\n<p><\/p>\n","protected":false},"excerpt":{"rendered":"<p>En d\u00e9placement sur la pelouse du GOAL FC pour la 11\u1d49 journ\u00e9e de National 2, l\u2019AS Cannes a \u00e9vit\u00e9 de&hellip;<\/p>\n","protected":false},"author":1,"featured_media":963,"comment_status":"open","ping_status":"open","sticky":false,"template":"","format":"standard","meta":{"_jetpack_memberships_contains_paid_content":false,"footnotes":""},"categories":[10],"tags":[67,539,66,481],"class_list":["post-960","post","type-post","status-publish","format-standard","has-post-thumbnail","hentry","category-football","tag-as-cannes","tag-cannes","tag-football","tag-national-2"],"yoast_head":"<!-- This site is optimized with the Yoast SEO plugin v24.5 - https:\/\/yoast.com\/wordpress\/plugins\/seo\/ -->\n<title>National 2 : L\u2019AS Cannes arrache un nul in extremis face au GOAL FC - Azurement Sport<\/title>\n<meta name=\"robots\" content=\"index, follow, max-snippet:-1, max-image-preview:large, max-video-preview:-1\" \/>\n<link rel=\"canonical\" href=\"https:\/\/azurementsport.fr\/index.php\/2024\/11\/23\/national-2-las-cannes-arrache-un-nul-in-extremis-face-au-goal-fc\/\" \/>\n<meta property=\"og:locale\" content=\"fr_FR\" \/>\n<meta property=\"og:type\" content=\"article\" \/>\n<meta property=\"og:title\" content=\"National 2 : L\u2019AS Cannes arrache un nul in extremis face au GOAL FC - Azurement Sport\" \/>\n<meta property=\"og:description\" content=\"En d\u00e9placement sur la pelouse du GOAL FC pour la 11\u1d49 journ\u00e9e de National 2, l\u2019AS Cannes a \u00e9vit\u00e9 de&hellip;\" \/>\n<meta property=\"og:url\" content=\"https:\/\/azurementsport.fr\/index.php\/2024\/11\/23\/national-2-las-cannes-arrache-un-nul-in-extremis-face-au-goal-fc\/\" \/>\n<meta property=\"og:site_name\" content=\"Azurement Sport\" \/>\n<meta property=\"article:published_time\" content=\"2024-11-23T22:42:29+00:00\" \/>\n<meta property=\"article:modified_time\" content=\"2024-11-24T09:01:27+00:00\" \/>\n<meta property=\"og:image\" content=\"https:\/\/azurementsport.fr\/wp-content\/uploads\/2024\/11\/IMG_8870.jpg\" \/>\n\t<meta property=\"og:image:width\" content=\"2413\" \/>\n\t<meta property=\"og:image:height\" content=\"1177\" \/>\n\t<meta property=\"og:image:type\" content=\"image\/jpeg\" \/>\n<meta name=\"author\" content=\"Azurement Sport\" \/>\n<meta name=\"twitter:card\" content=\"summary_large_image\" \/>\n<meta name=\"twitter:label1\" content=\"\u00c9crit par\" \/>\n\t<meta name=\"twitter:data1\" content=\"Azurement Sport\" \/>\n\t<meta name=\"twitter:label2\" content=\"Dur\u00e9e de lecture estim\u00e9e\" \/>\n\t<meta name=\"twitter:data2\" content=\"2 minutes\" \/>\n<script type=\"application\/ld+json\" class=\"yoast-schema-graph\">{\"@context\":\"https:\/\/schema.org\",\"@graph\":[{\"@type\":\"Article\",\"@id\":\"https:\/\/azurementsport.fr\/index.php\/2024\/11\/23\/national-2-las-cannes-arrache-un-nul-in-extremis-face-au-goal-fc\/#article\",\"isPartOf\":{\"@id\":\"https:\/\/azurementsport.fr\/index.php\/2024\/11\/23\/national-2-las-cannes-arrache-un-nul-in-extremis-face-au-goal-fc\/\"},\"author\":{\"name\":\"Azurement Sport\",\"@id\":\"https:\/\/azurementsport.fr\/#\/schema\/person\/bde18bf25893b2da2f70aa0e69fa7081\"},\"headline\":\"National 2 : L\u2019AS Cannes arrache un nul in extremis face au GOAL FC\",\"datePublished\":\"2024-11-23T22:42:29+00:00\",\"dateModified\":\"2024-11-24T09:01:27+00:00\",\"mainEntityOfPage\":{\"@id\":\"https:\/\/azurementsport.fr\/index.php\/2024\/11\/23\/national-2-las-cannes-arrache-un-nul-in-extremis-face-au-goal-fc\/\"},\"wordCount\":413,\"commentCount\":0,\"publisher\":{\"@id\":\"https:\/\/azurementsport.fr\/#organization\"},\"image\":{\"@id\":\"https:\/\/azurementsport.fr\/index.php\/2024\/11\/23\/national-2-las-cannes-arrache-un-nul-in-extremis-face-au-goal-fc\/#primaryimage\"},\"thumbnailUrl\":\"https:\/\/azurementsport.fr\/wp-content\/uploads\/2024\/11\/IMG_8870.jpg\",\"keywords\":[\"as cannes\",\"Cannes\",\"football\",\"National 2\"],\"articleSection\":[\"Football\"],\"inLanguage\":\"fr-FR\",\"potentialAction\":[{\"@type\":\"CommentAction\",\"name\":\"Comment\",\"target\":[\"https:\/\/azurementsport.fr\/index.php\/2024\/11\/23\/national-2-las-cannes-arrache-un-nul-in-extremis-face-au-goal-fc\/#respond\"]}]},{\"@type\":\"WebPage\",\"@id\":\"https:\/\/azurementsport.fr\/index.php\/2024\/11\/23\/national-2-las-cannes-arrache-un-nul-in-extremis-face-au-goal-fc\/\",\"url\":\"https:\/\/azurementsport.fr\/index.php\/2024\/11\/23\/national-2-las-cannes-arrache-un-nul-in-extremis-face-au-goal-fc\/\",\"name\":\"National 2 : L\u2019AS Cannes arrache un nul in extremis face au GOAL FC - Azurement Sport\",\"isPartOf\":{\"@id\":\"https:\/\/azurementsport.fr\/#website\"},\"primaryImageOfPage\":{\"@id\":\"https:\/\/azurementsport.fr\/index.php\/2024\/11\/23\/national-2-las-cannes-arrache-un-nul-in-extremis-face-au-goal-fc\/#primaryimage\"},\"image\":{\"@id\":\"https:\/\/azurementsport.fr\/index.php\/2024\/11\/23\/national-2-las-cannes-arrache-un-nul-in-extremis-face-au-goal-fc\/#primaryimage\"},\"thumbnailUrl\":\"https:\/\/azurementsport.fr\/wp-content\/uploads\/2024\/11\/IMG_8870.jpg\",\"datePublished\":\"2024-11-23T22:42:29+00:00\",\"dateModified\":\"2024-11-24T09:01:27+00:00\",\"breadcrumb\":{\"@id\":\"https:\/\/azurementsport.fr\/index.php\/2024\/11\/23\/national-2-las-cannes-arrache-un-nul-in-extremis-face-au-goal-fc\/#breadcrumb\"},\"inLanguage\":\"fr-FR\",\"potentialAction\":[{\"@type\":\"ReadAction\",\"target\":[\"https:\/\/azurementsport.fr\/index.php\/2024\/11\/23\/national-2-las-cannes-arrache-un-nul-in-extremis-face-au-goal-fc\/\"]}]},{\"@type\":\"ImageObject\",\"inLanguage\":\"fr-FR\",\"@id\":\"https:\/\/azurementsport.fr\/index.php\/2024\/11\/23\/national-2-las-cannes-arrache-un-nul-in-extremis-face-au-goal-fc\/#primaryimage\",\"url\":\"https:\/\/azurementsport.fr\/wp-content\/uploads\/2024\/11\/IMG_8870.jpg\",\"contentUrl\":\"https:\/\/azurementsport.fr\/wp-content\/uploads\/2024\/11\/IMG_8870.jpg\",\"width\":2413,\"height\":1177,\"caption\":\"L'AS Cannes reste sur 5 matchs sans victoires en National 2. \u00a9Maxence Mulli\u00e9\"},{\"@type\":\"BreadcrumbList\",\"@id\":\"https:\/\/azurementsport.fr\/index.php\/2024\/11\/23\/national-2-las-cannes-arrache-un-nul-in-extremis-face-au-goal-fc\/#breadcrumb\",\"itemListElement\":[{\"@type\":\"ListItem\",\"position\":1,\"name\":\"Accueil\",\"item\":\"https:\/\/azurementsport.fr\/\"},{\"@type\":\"ListItem\",\"position\":2,\"name\":\"National 2 : L\u2019AS Cannes arrache un nul in extremis face au GOAL FC\"}]},{\"@type\":\"WebSite\",\"@id\":\"https:\/\/azurementsport.fr\/#website\",\"url\":\"https:\/\/azurementsport.fr\/\",\"name\":\"Azurement Sport\",\"description\":\"Toute l&#039;actualit\u00e9 sportive de la C\u00f4te d&#039;Azur\",\"publisher\":{\"@id\":\"https:\/\/azurementsport.fr\/#organization\"},\"potentialAction\":[{\"@type\":\"SearchAction\",\"target\":{\"@type\":\"EntryPoint\",\"urlTemplate\":\"https:\/\/azurementsport.fr\/?s={search_term_string}\"},\"query-input\":{\"@type\":\"PropertyValueSpecification\",\"valueRequired\":true,\"valueName\":\"search_term_string\"}}],\"inLanguage\":\"fr-FR\"},{\"@type\":\"Organization\",\"@id\":\"https:\/\/azurementsport.fr\/#organization\",\"name\":\"Azurement Sport\",\"url\":\"https:\/\/azurementsport.fr\/\",\"logo\":{\"@type\":\"ImageObject\",\"inLanguage\":\"fr-FR\",\"@id\":\"https:\/\/azurementsport.fr\/#\/schema\/logo\/image\/\",\"url\":\"https:\/\/azurementsport.fr\/wp-content\/uploads\/2024\/05\/cropped-cropped-AZUREMENT_SPORT__1_-removebg-preview.png\",\"contentUrl\":\"https:\/\/azurementsport.fr\/wp-content\/uploads\/2024\/05\/cropped-cropped-AZUREMENT_SPORT__1_-removebg-preview.png\",\"width\":500,\"height\":224,\"caption\":\"Azurement Sport\"},\"image\":{\"@id\":\"https:\/\/azurementsport.fr\/#\/schema\/logo\/image\/\"}},{\"@type\":\"Person\",\"@id\":\"https:\/\/azurementsport.fr\/#\/schema\/person\/bde18bf25893b2da2f70aa0e69fa7081\",\"name\":\"Azurement Sport\",\"image\":{\"@type\":\"ImageObject\",\"inLanguage\":\"fr-FR\",\"@id\":\"https:\/\/azurementsport.fr\/#\/schema\/person\/image\/\",\"url\":\"https:\/\/secure.gravatar.com\/avatar\/6ac2f8b3453d709891d9b248de3f290cee35f005edbe13d94d6fb2c1b54e4fbd?s=96&d=mm&r=g\",\"contentUrl\":\"https:\/\/secure.gravatar.com\/avatar\/6ac2f8b3453d709891d9b248de3f290cee35f005edbe13d94d6fb2c1b54e4fbd?s=96&d=mm&r=g\",\"caption\":\"Azurement Sport\"},\"sameAs\":[\"http:\/\/azurementsport.fr\"],\"url\":\"https:\/\/azurementsport.fr\/index.php\/author\/admin3210\/\"}]}<\/script>\n<!-- \/ Yoast SEO plugin. -->","yoast_head_json":{"title":"National 2 : L\u2019AS Cannes arrache un nul in extremis face au GOAL FC - Azurement Sport","robots":{"index":"index","follow":"follow","max-snippet":"max-snippet:-1","max-image-preview":"max-image-preview:large","max-video-preview":"max-video-preview:-1"},"canonical":"https:\/\/azurementsport.fr\/index.php\/2024\/11\/23\/national-2-las-cannes-arrache-un-nul-in-extremis-face-au-goal-fc\/","og_locale":"fr_FR","og_type":"article","og_title":"National 2 : L\u2019AS Cannes arrache un nul in extremis face au GOAL FC - Azurement Sport","og_description":"En d\u00e9placement sur la pelouse du GOAL FC pour la 11\u1d49 journ\u00e9e de National 2, l\u2019AS Cannes a \u00e9vit\u00e9 de&hellip;","og_url":"https:\/\/azurementsport.fr\/index.php\/2024\/11\/23\/national-2-las-cannes-arrache-un-nul-in-extremis-face-au-goal-fc\/","og_site_name":"Azurement Sport","article_published_time":"2024-11-23T22:42:29+00:00","article_modified_time":"2024-11-24T09:01:27+00:00","og_image":[{"width":2413,"height":1177,"url":"https:\/\/azurementsport.fr\/wp-content\/uploads\/2024\/11\/IMG_8870.jpg","type":"image\/jpeg"}],"author":"Azurement Sport","twitter_card":"summary_large_image","twitter_misc":{"\u00c9crit par":"Azurement Sport","Dur\u00e9e de lecture estim\u00e9e":"2 minutes"},"schema":{"@context":"https:\/\/schema.org","@graph":[{"@type":"Article","@id":"https:\/\/azurementsport.fr\/index.php\/2024\/11\/23\/national-2-las-cannes-arrache-un-nul-in-extremis-face-au-goal-fc\/#article","isPartOf":{"@id":"https:\/\/azurementsport.fr\/index.php\/2024\/11\/23\/national-2-las-cannes-arrache-un-nul-in-extremis-face-au-goal-fc\/"},"author":{"name":"Azurement Sport","@id":"https:\/\/azurementsport.fr\/#\/schema\/person\/bde18bf25893b2da2f70aa0e69fa7081"},"headline":"National 2 : L\u2019AS Cannes arrache un nul in extremis face au GOAL FC","datePublished":"2024-11-23T22:42:29+00:00","dateModified":"2024-11-24T09:01:27+00:00","mainEntityOfPage":{"@id":"https:\/\/azurementsport.fr\/index.php\/2024\/11\/23\/national-2-las-cannes-arrache-un-nul-in-extremis-face-au-goal-fc\/"},"wordCount":413,"commentCount":0,"publisher":{"@id":"https:\/\/azurementsport.fr\/#organization"},"image":{"@id":"https:\/\/azurementsport.fr\/index.php\/2024\/11\/23\/national-2-las-cannes-arrache-un-nul-in-extremis-face-au-goal-fc\/#primaryimage"},"thumbnailUrl":"https:\/\/azurementsport.fr\/wp-content\/uploads\/2024\/11\/IMG_8870.jpg","keywords":["as cannes","Cannes","football","National 2"],"articleSection":["Football"],"inLanguage":"fr-FR","potentialAction":[{"@type":"CommentAction","name":"Comment","target":["https:\/\/azurementsport.fr\/index.php\/2024\/11\/23\/national-2-las-cannes-arrache-un-nul-in-extremis-face-au-goal-fc\/#respond"]}]},{"@type":"WebPage","@id":"https:\/\/azurementsport.fr\/index.php\/2024\/11\/23\/national-2-las-cannes-arrache-un-nul-in-extremis-face-au-goal-fc\/","url":"https:\/\/azurementsport.fr\/index.php\/2024\/11\/23\/national-2-las-cannes-arrache-un-nul-in-extremis-face-au-goal-fc\/","name":"National 2 : L\u2019AS Cannes arrache un nul in extremis face au GOAL FC - Azurement Sport","isPartOf":{"@id":"https:\/\/azurementsport.fr\/#website"},"primaryImageOfPage":{"@id":"https:\/\/azurementsport.fr\/index.php\/2024\/11\/23\/national-2-las-cannes-arrache-un-nul-in-extremis-face-au-goal-fc\/#primaryimage"},"image":{"@id":"https:\/\/azurementsport.fr\/index.php\/2024\/11\/23\/national-2-las-cannes-arrache-un-nul-in-extremis-face-au-goal-fc\/#primaryimage"},"thumbnailUrl":"https:\/\/azurementsport.fr\/wp-content\/uploads\/2024\/11\/IMG_8870.jpg","datePublished":"2024-11-23T22:42:29+00:00","dateModified":"2024-11-24T09:01:27+00:00","breadcrumb":{"@id":"https:\/\/azurementsport.fr\/index.php\/2024\/11\/23\/national-2-las-cannes-arrache-un-nul-in-extremis-face-au-goal-fc\/#breadcrumb"},"inLanguage":"fr-FR","potentialAction":[{"@type":"ReadAction","target":["https:\/\/azurementsport.fr\/index.php\/2024\/11\/23\/national-2-las-cannes-arrache-un-nul-in-extremis-face-au-goal-fc\/"]}]},{"@type":"ImageObject","inLanguage":"fr-FR","@id":"https:\/\/azurementsport.fr\/index.php\/2024\/11\/23\/national-2-las-cannes-arrache-un-nul-in-extremis-face-au-goal-fc\/#primaryimage","url":"https:\/\/azurementsport.fr\/wp-content\/uploads\/2024\/11\/IMG_8870.jpg","contentUrl":"https:\/\/azurementsport.fr\/wp-content\/uploads\/2024\/11\/IMG_8870.jpg","width":2413,"height":1177,"caption":"L'AS Cannes reste sur 5 matchs sans victoires en National 2. \u00a9Maxence Mulli\u00e9"},{"@type":"BreadcrumbList","@id":"https:\/\/azurementsport.fr\/index.php\/2024\/11\/23\/national-2-las-cannes-arrache-un-nul-in-extremis-face-au-goal-fc\/#breadcrumb","itemListElement":[{"@type":"ListItem","position":1,"name":"Accueil","item":"https:\/\/azurementsport.fr\/"},{"@type":"ListItem","position":2,"name":"National 2 : L\u2019AS Cannes arrache un nul in extremis face au GOAL FC"}]},{"@type":"WebSite","@id":"https:\/\/azurementsport.fr\/#website","url":"https:\/\/azurementsport.fr\/","name":"Azurement Sport","description":"Toute l&#039;actualit\u00e9 sportive de la C\u00f4te d&#039;Azur","publisher":{"@id":"https:\/\/azurementsport.fr\/#organization"},"potentialAction":[{"@type":"SearchAction","target":{"@type":"EntryPoint","urlTemplate":"https:\/\/azurementsport.fr\/?s={search_term_string}"},"query-input":{"@type":"PropertyValueSpecification","valueRequired":true,"valueName":"search_term_string"}}],"inLanguage":"fr-FR"},{"@type":"Organization","@id":"https:\/\/azurementsport.fr\/#organization","name":"Azurement Sport","url":"https:\/\/azurementsport.fr\/","logo":{"@type":"ImageObject","inLanguage":"fr-FR","@id":"https:\/\/azurementsport.fr\/#\/schema\/logo\/image\/","url":"https:\/\/azurementsport.fr\/wp-content\/uploads\/2024\/05\/cropped-cropped-AZUREMENT_SPORT__1_-removebg-preview.png","contentUrl":"https:\/\/azurementsport.fr\/wp-content\/uploads\/2024\/05\/cropped-cropped-AZUREMENT_SPORT__1_-removebg-preview.png","width":500,"height":224,"caption":"Azurement Sport"},"image":{"@id":"https:\/\/azurementsport.fr\/#\/schema\/logo\/image\/"}},{"@type":"Person","@id":"https:\/\/azurementsport.fr\/#\/schema\/person\/bde18bf25893b2da2f70aa0e69fa7081","name":"Azurement Sport","image":{"@type":"ImageObject","inLanguage":"fr-FR","@id":"https:\/\/azurementsport.fr\/#\/schema\/person\/image\/","url":"https:\/\/secure.gravatar.com\/avatar\/6ac2f8b3453d709891d9b248de3f290cee35f005edbe13d94d6fb2c1b54e4fbd?s=96&d=mm&r=g","contentUrl":"https:\/\/secure.gravatar.com\/avatar\/6ac2f8b3453d709891d9b248de3f290cee35f005edbe13d94d6fb2c1b54e4fbd?s=96&d=mm&r=g","caption":"Azurement Sport"},"sameAs":["http:\/\/azurementsport.fr"],"url":"https:\/\/azurementsport.fr\/index.php\/author\/admin3210\/"}]}},"jetpack_featured_media_url":"https:\/\/azurementsport.fr\/wp-content\/uploads\/2024\/11\/IMG_8870.jpg","jetpack_sharing_enabled":true,"jetpack-related-posts":[],"_links":{"self":[{"href":"https:\/\/azurementsport.fr\/index.php\/wp-json\/wp\/v2\/posts\/960","targetHints":{"allow":["GET"]}}],"collection":[{"href":"https:\/\/azurementsport.fr\/index.php\/wp-json\/wp\/v2\/posts"}],"about":[{"href":"https:\/\/azurementsport.fr\/index.php\/wp-json\/wp\/v2\/types\/post"}],"author":[{"embeddable":true,"href":"https:\/\/azurementsport.fr\/index.php\/wp-json\/wp\/v2\/users\/1"}],"replies":[{"embeddable":true,"href":"https:\/\/azurementsport.fr\/index.php\/wp-json\/wp\/v2\/comments?post=960"}],"version-history":[{"count":5,"href":"https:\/\/azurementsport.fr\/index.php\/wp-json\/wp\/v2\/posts\/960\/revisions"}],"predecessor-version":[{"id":966,"href":"https:\/\/azurementsport.fr\/index.php\/wp-json\/wp\/v2\/posts\/960\/revisions\/966"}],"wp:featuredmedia":[{"embeddable":true,"href":"https:\/\/azurementsport.fr\/index.php\/wp-json\/wp\/v2\/media\/963"}],"wp:attachment":[{"href":"https:\/\/azurementsport.fr\/index.php\/wp-json\/wp\/v2\/media?parent=960"}],"wp:term":[{"taxonomy":"category","embeddable":true,"href":"https:\/\/azurementsport.fr\/index.php\/wp-json\/wp\/v2\/categories?post=960"},{"taxonomy":"post_tag","embeddable":true,"href":"https:\/\/azurementsport.fr\/index.php\/wp-json\/wp\/v2\/tags?post=960"}],"curies":[{"name":"wp","href":"https:\/\/api.w.org\/{rel}","templated":true}]}}